{"id":63,"name":"Claudia Isler","url":"","description":"Ich bin kein Urgestein in der Automobilbranche - im Gegenteil. Doch schon immer war mir Mobilit\u00e4t wichtig, es bedeutet Freiheit und Selbstst\u00e4ndigkeit f\u00fcr mich. Mein Interesse f\u00fcr s\u00e4mtliche Themen rund um das Automobil ist kaum zu bremsen.","link":"https:\/\/www.amag-group.ch\/blog\/author\/claudia\/","slug":"claudia","avatar_urls":{"24":"https:\/\/secure.gravatar.com\/avatar\/92bd29e594f78bfdd9310177fb839e669059ed09c9f5f39e946dc64df06f4a42?s=24&d=mm&r=g","48":"https:\/\/secure.gravatar.com\/avatar\/92bd29e594f78bfdd9310177fb839e669059ed09c9f5f39e946dc64df06f4a42?s=48&d=mm&r=g","96":"https:\/\/secure.gravatar.com\/avatar\/92bd29e594f78bfdd9310177fb839e669059ed09c9f5f39e946dc64df06f4a42?s=96&d=mm&r=g"},"meta":[],"acf":[],"_links":{"self":[{"href":"https:\/\/www.amag-group.ch\/blog\/wp-json\/wp\/v2\/users\/63","targetHints":{"allow":["GET"]}}],"collection":[{"href":"https:\/\/www.amag-group.ch\/blog\/wp-json\/wp\/v2\/users"}]}}