{"id":9355,"date":"2018-05-11T09:22:40","date_gmt":"2018-05-11T07:22:40","guid":{"rendered":"https:\/\/www.amag-group.ch\/blog\/?p=9355"},"modified":"2025-03-06T08:25:04","modified_gmt":"2025-03-06T07:25:04","slug":"neue-vw-nutzfahrzeuge-centren-in-schlieren-und-zuchwil","status":"publish","type":"post","link":"https:\/\/www.amag-group.ch\/blog\/neue-vw-nutzfahrzeuge-centren-in-schlieren-und-zuchwil\/","title":{"rendered":"Neue VW Nutzfahrzeuge Centren in Schlieren und Zuchwil"},"content":{"rendered":"<p>In den VW Nutzfahrzeuge Centren der AMAG profitieren private und gewerbliche Kunden von einem motivierten und vielseitigen Team. Es verf\u00fcgt \u00fcber viel Fachwissen in Beratung und Verkauf von leichten Nutzfahrzeugen. Beispielsweise werden neben der Planung und Realisation von Sonderl\u00f6sungen auch Aus- und Aufbauten umgesetzt. Dabei arbeitet die AMAG ausschliesslich mit Schweizer Partnern zusammen. So kann ein schnellerer und unkomplizierterer Service garantiert werden.<\/p>\n<p>Nun wurden die bereits etablierten AMAG Betriebe in Schlieren und Zuchwil im 1. Quartal 2018 jeweils um ein VW Nutzfahrzeuge Center erweitert. Das erfolgreiche Kompetenzzentrum f\u00fcr VW Nutzfahrzeuge in Grenchen zog nach <a href=\"https:\/\/www.solothurn.amag.ch\/de\" target=\"_blank\" rel=\"noopener\">Zuchwil<\/a>, um zuk\u00fcnftig Synergien noch besser aussch\u00f6pfen zu k\u00f6nnen.<\/p>\n<p>F\u00fcr die Region Z\u00fcrich werden mit der Neuer\u00f6ffnung des <a href=\"https:\/\/www.nutzfahrzeuge.schlieren.amag.ch\/de\" target=\"_blank\" rel=\"noopener\">VW Nutzfahrzeuge Center in Schlieren\u00a0<\/a>und dem bereits im Fr\u00fchling 2014 er\u00f6ffneten Betrieb in Uster nun an zwei Standorten die W\u00fcnsche der Nutzfahrzeugkunden zufriedengestellt.<\/p>\n<div id=\"attachment_9362\" style=\"width: 630px\" class=\"wp-caption aligncenter\"><img decoding=\"async\" aria-describedby=\"caption-attachment-9362\" class=\"wp-image-9362 size-medium\" src=\"https:\/\/www.amag-group.ch\/blog\/wp-content\/uploads\/2018\/05\/VW-NF-Center-Schlieren-620x414.jpg\" alt=\"Im VW Nutzfahrzeuge Center in Schlieren werden Komplettl\u00f6sungen bequem unter einem Dach angeboten.\" width=\"620\" height=\"414\" srcset=\"https:\/\/www.amag-group.ch\/blog\/wp-content\/uploads\/2018\/05\/VW-NF-Center-Schlieren-620x414.jpg 620w, https:\/\/www.amag-group.ch\/blog\/wp-content\/uploads\/2018\/05\/VW-NF-Center-Schlieren-768x512.jpg 768w, https:\/\/www.amag-group.ch\/blog\/wp-content\/uploads\/2018\/05\/VW-NF-Center-Schlieren-720x480.jpg 720w, https:\/\/www.amag-group.ch\/blog\/wp-content\/uploads\/2018\/05\/VW-NF-Center-Schlieren.jpg 1920w\" sizes=\"(max-width: 620px) 100vw, 620px\" \/><p id=\"caption-attachment-9362\" class=\"wp-caption-text\">Das VW Nutzfahrzeuge Center in Schlieren bietet Komplettl\u00f6sungen bequem unter einem Dach an.<\/p><\/div>\n<h3><strong>Vielseitiger Rundum-Service in den VW Nutzfahrzeuge Centren Schlieren und Zuchwil<\/strong><\/h3>\n<p>Die gewerblichen und privaten Kundenbed\u00fcrfnisse im Nutzfahrzeugebereich sind sehr unterschiedlich. Beispielsweise nehmen Nutzfahrzeuge wegen ihrer Fahrzeuggr\u00f6sse bei der Ausstellung sehr viel Platz ein und bei vielen Betrieben sind deshalb nur einzelne Modelle ausgestellt. In den VW Nutzfahrzeuge Centren wird man diesem Anspruch aber gerecht und so sind \u00abCommerce\u00bb-Modelle (beispielsweise der VW Crafter Kastenwagen) f\u00fcr den gewerblichen Bedarf, als auch \u00abLife\u00bb- und \u00abTour\u00bb-Modelle (beispielsweise der VW California Beach) f\u00fcr Privatpersonen im Showroom ausgestellt. Interessierte finden zudem auch ein vielseitiges Angebot an Occasions- und Mietfahrzeugen vor.<\/p>\n<div id=\"attachment_9365\" style=\"width: 630px\" class=\"wp-caption aligncenter\"><img decoding=\"async\" aria-describedby=\"caption-attachment-9365\" class=\"wp-image-9365 size-medium\" src=\"https:\/\/www.amag-group.ch\/blog\/wp-content\/uploads\/2018\/05\/VW-NF-Center-Zuchwil-620x414.jpg\" alt=\"Das VW Nutzfahrzeuge Center in Zuchwil erg\u00e4nzt die bisherige Angebotspalette und garantiert einen kundenfreundlichen Rundum-Service.\" width=\"620\" height=\"414\" srcset=\"https:\/\/www.amag-group.ch\/blog\/wp-content\/uploads\/2018\/05\/VW-NF-Center-Zuchwil-620x414.jpg 620w, https:\/\/www.amag-group.ch\/blog\/wp-content\/uploads\/2018\/05\/VW-NF-Center-Zuchwil-768x512.jpg 768w, https:\/\/www.amag-group.ch\/blog\/wp-content\/uploads\/2018\/05\/VW-NF-Center-Zuchwil-720x480.jpg 720w, https:\/\/www.amag-group.ch\/blog\/wp-content\/uploads\/2018\/05\/VW-NF-Center-Zuchwil.jpg 1920w\" sizes=\"(max-width: 620px) 100vw, 620px\" \/><p id=\"caption-attachment-9365\" class=\"wp-caption-text\">Das VW Nutzfahrzeuge Center in Zuchwil erg\u00e4nzt die bisherige Angebotspalette und garantiert einen kundenfreundlichen Rundum-Service.<\/p><\/div>\n<p>Beide Standorte bieten neben Verkauf und Beratung von Transportl\u00f6sungen und Occasionen, Service und Reparatur, Karosserie- und Lackierungsarbeiten, auch Leasingberatungen sowie Wartungs- und Reparaturpakete an. Abgerundet wird die Angebotspalette mit Express-Service, Samstags-Service nach Absprache, Ersatzwagen, R\u00e4dereinlagerung, Hol- und Bringdienst, Hydraulik-Service und auf die Nutzfahrzeuge-Kundschaft orientierte \u00d6ffnungszeiten.<\/p>\n<h3>\u00dcberzeugende Lage und schneller Anfahrtsweg<strong>\u00a0<br \/>\n<\/strong><\/h3>\n<p>Alle VW Nutzfahrzeuge Center befinden sich an zentralen und gut erreichbaren Knotenpunkten und sind aufgrund ihrer Infrastruktur bestens auf die Bed\u00fcrfnisse ihrer Kunden ausgerichtet. Sollte es Interessierten dennoch Umst\u00e4nde bereiten sich in die Kompetenzzentren zu begeben, gibt es auf Wunsch auch eine Beratung direkt beim Kunden.<\/p>\n<p>Mit den neu er\u00f6ffneten Standorten in Schlieren und Zuchwil gibt es nun neben Uster und Givisiez bereits <a href=\"http:\/\/www.amag.ch\/amagch\/corp\/de\/showroom\/nutzfahrzeug-centren.html\" target=\"_blank\" rel=\"noopener\">vier Kompetenzzentren f\u00fcr VW Nutzfahrzeuge<\/a> in der Schweiz.<\/p>\n<p>&nbsp;<\/p>\n<h2>Weiterf\u00fchrende Artikel:<\/h2>\n<p><a href=\"https:\/\/www.amag-group.ch\/blog\/vw-nutzfahrzeuge-center-partner-fuer-umfassenden-service\/\" target=\"_blank\" rel=\"noopener\">VW Nutzfahrzeuge Center \u2013 Partner f\u00fcr umfassenden Service<\/a><\/p>\n","protected":false},"excerpt":{"rendered":"<p>In den VW Nutzfahrzeuge Centren steht den Kunden eine vielseitige Auswahl an entsprechenden Nutzfahrzeugmodellen zur Verf\u00fcgung. Die grosse Nachfrage hat gezeigt, dass die Kunden den Rundum-Service und die fachkompetente Beratung sehr sch\u00e4tzen. Kaum verwunderlich also, dass die AMAG zum Jahreswechsel zwei weitere dieser Zentren in Schlieren und Zuchwil er\u00f6ffnet hat. <\/p>\n","protected":false},"author":40,"featured_media":9359,"comment_status":"open","ping_status":"open","sticky":false,"template":"","format":"standard","meta":{"_acf_changed":false,"inline_featured_image":false,"footnotes":""},"categories":[8119],"tags":[],"class_list":["post-9355","post","type-post","status-publish","format-standard","has-post-thumbnail","hentry","category-auto-technik"],"acf":[],"_links":{"self":[{"href":"https:\/\/www.amag-group.ch\/blog\/wp-json\/wp\/v2\/posts\/9355","targetHints":{"allow":["GET"]}}],"collection":[{"href":"https:\/\/www.amag-group.ch\/blog\/wp-json\/wp\/v2\/posts"}],"about":[{"href":"https:\/\/www.amag-group.ch\/blog\/wp-json\/wp\/v2\/types\/post"}],"author":[{"embeddable":true,"href":"https:\/\/www.amag-group.ch\/blog\/wp-json\/wp\/v2\/users\/40"}],"replies":[{"embeddable":true,"href":"https:\/\/www.amag-group.ch\/blog\/wp-json\/wp\/v2\/comments?post=9355"}],"version-history":[{"count":1,"href":"https:\/\/www.amag-group.ch\/blog\/wp-json\/wp\/v2\/posts\/9355\/revisions"}],"predecessor-version":[{"id":31554,"href":"https:\/\/www.amag-group.ch\/blog\/wp-json\/wp\/v2\/posts\/9355\/revisions\/31554"}],"wp:featuredmedia":[{"embeddable":true,"href":"https:\/\/www.amag-group.ch\/blog\/wp-json\/wp\/v2\/media\/9359"}],"wp:attachment":[{"href":"https:\/\/www.amag-group.ch\/blog\/wp-json\/wp\/v2\/media?parent=9355"}],"wp:term":[{"taxonomy":"category","embeddable":true,"href":"https:\/\/www.amag-group.ch\/blog\/wp-json\/wp\/v2\/categories?post=9355"},{"taxonomy":"post_tag","embeddable":true,"href":"https:\/\/www.amag-group.ch\/blog\/wp-json\/wp\/v2\/tags?post=9355"}],"curies":[{"name":"wp","href":"https:\/\/api.w.org\/{rel}","templated":true}]}}