{"id":9017,"date":"2018-03-27T15:31:19","date_gmt":"2018-03-27T13:31:19","guid":{"rendered":"https:\/\/www.amag-group.ch\/blog\/?p=9017"},"modified":"2025-03-06T16:41:14","modified_gmt":"2025-03-06T15:41:14","slug":"mit-der-grand-tour-of-switzerland-von-st-moritz-nach-bellinzona","status":"publish","type":"post","link":"https:\/\/www.amag-group.ch\/blog\/mit-der-grand-tour-of-switzerland-von-st-moritz-nach-bellinzona\/","title":{"rendered":"Mit der Grand Tour of Switzerland von St. Moritz nach Bellinzona"},"content":{"rendered":"<p><span style=\"color: #000000; font-family: Calibri;\">Die Grand Tour of Switzerland von Schweiz Tourismus vereint Highlights der Schweiz auf landschaftlichen sch\u00f6nen Routen. Anfangs M\u00e4rz dieses Jahres haben wir uns an eine erneute Winteretappe herangewagt. <\/span><\/p>\n<p><span style=\"color: #000000; font-family: Calibri;\">Wir starten im glanzvollsten Ferienort des Kantons Graub\u00fcnden: St. Moritz. Erster Halt war unmittelbar nach St. Moritz, wo wir den Ausblick auf die <\/span><a href=\"https:\/\/www.myswitzerland.com\/de-ch\/oberengadiner-seen.html\" target=\"_blank\" rel=\"noopener\">Oberengadiner Seenlandschaft<\/a><span style=\"font-family: Calibri;\"><span style=\"color: #000000;\"> geniessen.\u00a0<\/span><span style=\"color: #000000;\">Der Champf\u00e8rsee und der Silvaplanersee liegt vereist und weiss in der Ebene, w\u00e4hrenddem zahlreiche Ferieng\u00e4ste dort Wintersport aus\u00fcben oder Spazierengehen. <\/span><\/span><\/p>\n<div id=\"attachment_9024\" style=\"width: 1930px\" class=\"wp-caption aligncenter\"><img decoding=\"async\" aria-describedby=\"caption-attachment-9024\" class=\"size-full wp-image-9024\" src=\"https:\/\/www.amag-group.ch\/blog\/wp-content\/uploads\/2018\/03\/Silvaplanersee.jpg\" alt=\"Silvaplandersee und Champf\u00e8rsee verschneit im M\u00e4rz\" width=\"1920\" height=\"1280\" srcset=\"https:\/\/www.amag-group.ch\/blog\/wp-content\/uploads\/2018\/03\/Silvaplanersee.jpg 1920w, https:\/\/www.amag-group.ch\/blog\/wp-content\/uploads\/2018\/03\/Silvaplanersee-620x414.jpg 620w, https:\/\/www.amag-group.ch\/blog\/wp-content\/uploads\/2018\/03\/Silvaplanersee-768x512.jpg 768w, https:\/\/www.amag-group.ch\/blog\/wp-content\/uploads\/2018\/03\/Silvaplanersee-720x480.jpg 720w\" sizes=\"(max-width: 1920px) 100vw, 1920px\" \/><p id=\"caption-attachment-9024\" class=\"wp-caption-text\">Die Oberengadiner Seenlandschaft<\/p><\/div>\n<p><span style=\"color: #000000; font-family: Calibri;\">Wir nehmen gem\u00e4ss Route auf der Homepage von Schweiz Tourismus Sur in Angriff und fahren nach Silvaplana in Richtung Julierpass. Der Julierpass bildet die ganzj\u00e4hrig ge\u00f6ffnete Strassenverbindung zum Engadin und \u00fcberwindet eine H\u00f6hendifferenz von 1\u2019433m. Die Strasse ist breit und sehr einfach zu befahren. Beim Julierpass passieren wir den roten, modernen Neubau des Theaters <\/span><a href=\"http:\/\/www.origen.ch\/Julierprojekt.1034.0.html?&amp;L=0\" target=\"_blank\" rel=\"noopener\">Origen.<\/a><\/p>\n<div id=\"attachment_9027\" style=\"width: 2310px\" class=\"wp-caption aligncenter\"><img decoding=\"async\" aria-describedby=\"caption-attachment-9027\" class=\"size-full wp-image-9027\" src=\"https:\/\/www.amag-group.ch\/blog\/wp-content\/uploads\/2018\/03\/Julierpass.jpg\" alt=\"Vorbei am Julierpass auf der Grand Tour of Switzerland\" width=\"2300\" height=\"1533\" srcset=\"https:\/\/www.amag-group.ch\/blog\/wp-content\/uploads\/2018\/03\/Julierpass.jpg 2300w, https:\/\/www.amag-group.ch\/blog\/wp-content\/uploads\/2018\/03\/Julierpass-620x414.jpg 620w, https:\/\/www.amag-group.ch\/blog\/wp-content\/uploads\/2018\/03\/Julierpass-768x512.jpg 768w, https:\/\/www.amag-group.ch\/blog\/wp-content\/uploads\/2018\/03\/Julierpass-720x480.jpg 720w\" sizes=\"(max-width: 2300px) 100vw, 2300px\" \/><p id=\"caption-attachment-9027\" class=\"wp-caption-text\">Der rote Origen-Holzturm auf dem Julierpass<\/p><\/div>\n<p><span style=\"color: #000000; font-family: Calibri;\">Wir schl\u00e4ngeln uns die Julierpassstrasse wieder runter in Richtung Bivio und geniessen die kurvenreiche Abfahrt auf der Serpentinenstrasse. Dabei hat man einen tollen Blick auf die herrliche Berglandschaft. <\/span><\/p>\n<div id=\"attachment_9030\" style=\"width: 1930px\" class=\"wp-caption aligncenter\"><img decoding=\"async\" aria-describedby=\"caption-attachment-9030\" class=\"size-full wp-image-9030\" src=\"https:\/\/www.amag-group.ch\/blog\/wp-content\/uploads\/2018\/03\/Passstrasse-Julier.jpg\" alt=\"Julier-Passstrasse bei der Abfahrt in Richtung Bivio.\" width=\"1920\" height=\"1279\" srcset=\"https:\/\/www.amag-group.ch\/blog\/wp-content\/uploads\/2018\/03\/Passstrasse-Julier.jpg 1920w, https:\/\/www.amag-group.ch\/blog\/wp-content\/uploads\/2018\/03\/Passstrasse-Julier-620x414.jpg 620w, https:\/\/www.amag-group.ch\/blog\/wp-content\/uploads\/2018\/03\/Passstrasse-Julier-768x512.jpg 768w, https:\/\/www.amag-group.ch\/blog\/wp-content\/uploads\/2018\/03\/Passstrasse-Julier-720x480.jpg 720w\" sizes=\"(max-width: 1920px) 100vw, 1920px\" \/><p id=\"caption-attachment-9030\" class=\"wp-caption-text\">Grandioser Ausblick bei der Abfahrt vom Julierpass<\/p><\/div>\n<p><span style=\"color: #000000; font-family: Calibri;\">Am Fusse des Julierpasses liegt das kleine Dorf Bivio, durch welches sich der gesamte Verkehr hindurchzw\u00e4ngt. Die \u00abPerle am Julier\u00bb besticht bei der Durchfahrt mit seinen schmucken kleinen B\u00fcndner H\u00e4user mit italienischem Touch. <\/span><\/p>\n<p><span style=\"color: #000000; font-family: Calibri;\">Wir kommen in Sur an, welches auf der Grand Tour of Switzerland-Homepage als \u00abSchatzinsel der Natur\u00bb angepriesen ist. Wir sind \u00fcberzeugt, dass man diese Sch\u00e4tze im Sommer mit dem Besuch der Alp Flix oder des Parks Ela entdecken kann. Jedoch jetzt im Winter statten wir lediglich dem Dorf einen Besuch ab und fahren danach sogleich weiter. <\/span><\/p>\n<p><span style=\"color: #000000; font-family: Calibri;\">Die Weiterfahrt bringt uns weiter nach Tiefencastel und Thusis. Als n\u00e4chsten Halt haben wir Zillis eingeplant, wo wir die <\/span><a href=\"https:\/\/www.myswitzerland.com\/de-ch\/activites-parc-naturels\/kirche-st-martin-und-museum-zillis.html\" target=\"_blank\" rel=\"noopener\">Kirche St. Martin<\/a><span style=\"color: #000000; font-family: Calibri;\"> besuchen m\u00f6chten. Sie ist ber\u00fchmt f\u00fcr ihre wundersch\u00f6ne Bilderdecke, welche aus 153 Tafeln besteht. <\/span><\/p>\n<div id=\"attachment_9033\" style=\"width: 1910px\" class=\"wp-caption aligncenter\"><img decoding=\"async\" aria-describedby=\"caption-attachment-9033\" class=\"size-full wp-image-9033\" src=\"https:\/\/www.amag-group.ch\/blog\/wp-content\/uploads\/2018\/03\/Kirche-St.-Martin.jpg\" alt=\"Kirche St. Martin in Zillis\" width=\"1900\" height=\"1266\" srcset=\"https:\/\/www.amag-group.ch\/blog\/wp-content\/uploads\/2018\/03\/Kirche-St.-Martin.jpg 1900w, https:\/\/www.amag-group.ch\/blog\/wp-content\/uploads\/2018\/03\/Kirche-St.-Martin-620x414.jpg 620w, https:\/\/www.amag-group.ch\/blog\/wp-content\/uploads\/2018\/03\/Kirche-St.-Martin-768x512.jpg 768w, https:\/\/www.amag-group.ch\/blog\/wp-content\/uploads\/2018\/03\/Kirche-St.-Martin-720x480.jpg 720w\" sizes=\"(max-width: 1900px) 100vw, 1900px\" \/><p id=\"caption-attachment-9033\" class=\"wp-caption-text\">Die Decke der Kirche St. Martin<\/p><\/div>\n<p><span style=\"color: #000000; font-family: Calibri;\">Damit man beim Bewundern der vielen Sujets keine Genickstarre bekommt, liegen netterweise Handspiegel in der Kirche bereit. Mit diesen kann man sich bequem auf den B\u00e4nken der Kirche niedergeben und via Spiegel die Decke erkunden.<\/span><\/p>\n<div id=\"attachment_9036\" style=\"width: 1810px\" class=\"wp-caption aligncenter\"><img decoding=\"async\" aria-describedby=\"caption-attachment-9036\" class=\"size-full wp-image-9036\" src=\"https:\/\/www.amag-group.ch\/blog\/wp-content\/uploads\/2018\/03\/Spielgel-Kirche.jpg\" alt=\"Kirche St. Martin in Zillis\" width=\"1800\" height=\"1199\" srcset=\"https:\/\/www.amag-group.ch\/blog\/wp-content\/uploads\/2018\/03\/Spielgel-Kirche.jpg 1800w, https:\/\/www.amag-group.ch\/blog\/wp-content\/uploads\/2018\/03\/Spielgel-Kirche-620x414.jpg 620w, https:\/\/www.amag-group.ch\/blog\/wp-content\/uploads\/2018\/03\/Spielgel-Kirche-768x512.jpg 768w, https:\/\/www.amag-group.ch\/blog\/wp-content\/uploads\/2018\/03\/Spielgel-Kirche-720x480.jpg 720w\" sizes=\"(max-width: 1800px) 100vw, 1800px\" \/><p id=\"caption-attachment-9036\" class=\"wp-caption-text\">Mit Handspiegeln kann man die Decken-Sujets erkunden<\/p><\/div>\n<p><span style=\"color: #000000; font-family: Calibri;\">Nachdem wir uns sattgesehen haben, geht die Fahrt weiter durch Andeer. Das Dorf pr\u00e4sentiert sich sehr gepflegt mit Strassen aus Pflastersteinen. Zudem stechen die aus Granitplatten erstellten Strassenschilder ins Auge. <\/span><\/p>\n<p><span style=\"color: #000000; font-family: Calibri;\">Nun nehmen wir die Anfahrt zum San Bernadino in Angriff. Wir passieren nach Andeer eine Talstrasse in der Roflaschlucht. Bei der Fahrt geniesst man den Ausblick auf den Hinterrhein. <\/span><\/p>\n<div id=\"attachment_9039\" style=\"width: 1510px\" class=\"wp-caption aligncenter\"><img decoding=\"async\" aria-describedby=\"caption-attachment-9039\" class=\"size-full wp-image-9039\" src=\"https:\/\/www.amag-group.ch\/blog\/wp-content\/uploads\/2018\/03\/Roflaschlucht.jpg\" alt=\"Fahrt nach Andeer in Richtung San Bernadino\" width=\"1500\" height=\"999\" srcset=\"https:\/\/www.amag-group.ch\/blog\/wp-content\/uploads\/2018\/03\/Roflaschlucht.jpg 1500w, https:\/\/www.amag-group.ch\/blog\/wp-content\/uploads\/2018\/03\/Roflaschlucht-620x414.jpg 620w, https:\/\/www.amag-group.ch\/blog\/wp-content\/uploads\/2018\/03\/Roflaschlucht-768x511.jpg 768w, https:\/\/www.amag-group.ch\/blog\/wp-content\/uploads\/2018\/03\/Roflaschlucht-720x480.jpg 720w\" sizes=\"(max-width: 1500px) 100vw, 1500px\" \/><p id=\"caption-attachment-9039\" class=\"wp-caption-text\">Nach Andeer f\u00fchrt die Fahrt entlang des Hinterrheins<\/p><\/div>\n<p><span style=\"color: #000000; font-family: Calibri;\">Diese alte, enge Strasse f\u00fchrt uns durch W\u00e4lder, einspurige Unterf\u00fchrungen und \u00fcber pittoreske Br\u00fccken durch die verschneite Winterlandschaft. Wir passieren das Dorf Spl\u00fcgen und gelangen auf die A13. Da in der Winterzeit der San Bernadino Pass geschlossen ist, m\u00fcssen wir mit dem Tunnel vorliebnehmen. <\/span><\/p>\n<p><span style=\"color: #000000; font-family: Calibri;\">Nach Verlassen des San Bernadino Tunnels ist man \u2013 \u00abschwups\u00bb \u2013 im Fr\u00fchling angelangt. Wir geniessen die Abfahrt ins Tessin, machen jedoch Halt, um die Burgruine Mesocco zu besuchen. Bis anhin sind wir hier auf der Fahrt immer vorbeigefahren. <\/span><\/p>\n<div id=\"attachment_9042\" style=\"width: 1930px\" class=\"wp-caption aligncenter\"><img decoding=\"async\" aria-describedby=\"caption-attachment-9042\" class=\"size-full wp-image-9042\" src=\"https:\/\/www.amag-group.ch\/blog\/wp-content\/uploads\/2018\/03\/Mesoco.jpg\" alt=\"Autobahn A13 in Richtung Tessin\" width=\"1920\" height=\"1279\" srcset=\"https:\/\/www.amag-group.ch\/blog\/wp-content\/uploads\/2018\/03\/Mesoco.jpg 1920w, https:\/\/www.amag-group.ch\/blog\/wp-content\/uploads\/2018\/03\/Mesoco-620x414.jpg 620w, https:\/\/www.amag-group.ch\/blog\/wp-content\/uploads\/2018\/03\/Mesoco-768x512.jpg 768w, https:\/\/www.amag-group.ch\/blog\/wp-content\/uploads\/2018\/03\/Mesoco-720x480.jpg 720w\" sizes=\"(max-width: 1920px) 100vw, 1920px\" \/><p id=\"caption-attachment-9042\" class=\"wp-caption-text\">Ruine Mesocco bei der A13<\/p><\/div>\n<p><span style=\"color: #000000; font-family: Calibri;\">Der Besuch der Ruine lohnt sich sehr, denn sie ist sehr gut erhalten und es gibt Einiges zu entdecken. Zudem hat man eine atemberaubende Aussicht ins Tessin wie auch hinauf zum San Bernadino. <\/span><\/p>\n<div id=\"attachment_9045\" style=\"width: 1710px\" class=\"wp-caption aligncenter\"><img decoding=\"async\" aria-describedby=\"caption-attachment-9045\" class=\"size-full wp-image-9045\" src=\"https:\/\/www.amag-group.ch\/blog\/wp-content\/uploads\/2018\/03\/Mesocco-San-Bernadino.jpg\" alt=\"Burgruine Mesocco \" width=\"1700\" height=\"1133\" srcset=\"https:\/\/www.amag-group.ch\/blog\/wp-content\/uploads\/2018\/03\/Mesocco-San-Bernadino.jpg 1700w, https:\/\/www.amag-group.ch\/blog\/wp-content\/uploads\/2018\/03\/Mesocco-San-Bernadino-620x414.jpg 620w, https:\/\/www.amag-group.ch\/blog\/wp-content\/uploads\/2018\/03\/Mesocco-San-Bernadino-768x512.jpg 768w, https:\/\/www.amag-group.ch\/blog\/wp-content\/uploads\/2018\/03\/Mesocco-San-Bernadino-720x480.jpg 720w\" sizes=\"(max-width: 1700px) 100vw, 1700px\" \/><p id=\"caption-attachment-9045\" class=\"wp-caption-text\">Aussicht von der Burgruine Mesocco in Richtung San Bernadino<\/p><\/div>\n<p><span style=\"color: #000000; font-family: Calibri;\">Unsere Fahrt geht weiter zu unserem Endziel Bellinzona, wo wir in der N\u00e4he des Bahnhofes parkieren, um die historische Altstadt zu Fuss zu erkundigen. Bei fr\u00fchlingshaften 15 Grad Celsius ist das auch sehr angenehm! Bellinzona \u2013 die Stadt der Burgen \u2013 wird dabei ihrem Namen mehr als gerecht. Die alten Gem\u00e4uer sind gut von der Altstadt aus sichtbar und unsere Sightseeing-Tour entpuppt sich als heiteres \u00abRuinen-Hunting\u00bb, denn zwischen den H\u00e4usern lugt immer wieder ein Teil einer Ruine hervor. <\/span><\/p>\n<p><div id=\"attachment_9048\" style=\"width: 1930px\" class=\"wp-caption aligncenter\"><img decoding=\"async\" aria-describedby=\"caption-attachment-9048\" class=\"size-full wp-image-9048\" src=\"https:\/\/www.amag-group.ch\/blog\/wp-content\/uploads\/2018\/03\/Bellinzona-Ruinen_neu.jpg\" alt=\"Bellinzona ist die Stadt der Burgen \" width=\"1920\" height=\"1279\" srcset=\"https:\/\/www.amag-group.ch\/blog\/wp-content\/uploads\/2018\/03\/Bellinzona-Ruinen_neu.jpg 1920w, https:\/\/www.amag-group.ch\/blog\/wp-content\/uploads\/2018\/03\/Bellinzona-Ruinen_neu-620x414.jpg 620w, https:\/\/www.amag-group.ch\/blog\/wp-content\/uploads\/2018\/03\/Bellinzona-Ruinen_neu-768x512.jpg 768w, https:\/\/www.amag-group.ch\/blog\/wp-content\/uploads\/2018\/03\/Bellinzona-Ruinen_neu-720x480.jpg 720w\" sizes=\"(max-width: 1920px) 100vw, 1920px\" \/><p id=\"caption-attachment-9048\" class=\"wp-caption-text\">Die Burgruinen in Bellinzona<\/p><\/div> <div id=\"attachment_9051\" style=\"width: 1810px\" class=\"wp-caption aligncenter\"><img decoding=\"async\" aria-describedby=\"caption-attachment-9051\" class=\"size-full wp-image-9051\" src=\"https:\/\/www.amag-group.ch\/blog\/wp-content\/uploads\/2018\/03\/Bellinzona_Cappuccino_neu.jpg\" alt=\"Kirche La Collegiata in Bellinzona\" width=\"1800\" height=\"1199\" srcset=\"https:\/\/www.amag-group.ch\/blog\/wp-content\/uploads\/2018\/03\/Bellinzona_Cappuccino_neu.jpg 1800w, https:\/\/www.amag-group.ch\/blog\/wp-content\/uploads\/2018\/03\/Bellinzona_Cappuccino_neu-620x414.jpg 620w, https:\/\/www.amag-group.ch\/blog\/wp-content\/uploads\/2018\/03\/Bellinzona_Cappuccino_neu-768x512.jpg 768w, https:\/\/www.amag-group.ch\/blog\/wp-content\/uploads\/2018\/03\/Bellinzona_Cappuccino_neu-720x480.jpg 720w\" sizes=\"(max-width: 1800px) 100vw, 1800px\" \/><p id=\"caption-attachment-9051\" class=\"wp-caption-text\">Ausklang bei einem Cappuccino vor der Kirche La Collegiata<\/p><\/div><\/p>\n<p><span style=\"color: #000000; font-family: Calibri;\">Bei einem Cappuccino auf dem Platz vor der Kirche La Collegiata ruhen wir uns aus, lassen die verschieden gewonnen Eindr\u00fccke Revuepassieren und geniessen das italienische Flair in Bellinzona. <\/span><\/p>\n<p>&nbsp;<\/p>\n<h2><strong>Weitere Etappen der Grand Tour of Switzerland<br \/>\n <\/strong><\/h2>\n<p><a href=\"https:\/\/www.amag-group.ch\/blog\/grand-tour-of-switzerland-von-vallorbe-nach-genf\/\" target=\"_blank\" rel=\"noopener\">Grand Tour of Switzerland: Von Vallorbe nach Genf<\/a><\/p>\n<p><a href=\"https:\/\/www.amag-group.ch\/blog\/grand-tour-of-switzerland-zuerich-nach-stein-am-rhein\/\" target=\"_blank\" rel=\"noopener\">Grand Tour of Switzerland: Z\u00fcrich nach Stein am Rhein<\/a><\/p>\n<p><a href=\"https:\/\/www.amag-group.ch\/blog\/grand-tour-of-switzerland-von-neuchatel-nach-gstaad\/\" target=\"_blank\" rel=\"noopener\">Grand Tour of Switzerland: von Neuch\u00e2tel nach Gstaad<\/a><\/p>\n<p><a href=\"https:\/\/www.amag-group.ch\/blog\/walliser-etappe-der-grand-tour-switzerland\/\" target=\"_blank\" rel=\"noopener\">Walliser Etappe der Grand Tour of Switzerland<\/a><\/p>\n<p>&nbsp;<\/p>\n<p>&nbsp;<\/p>\n","protected":false},"excerpt":{"rendered":"<p>Im M\u00e4rz haben wir nochmals eine Etappe der Grand Tour of Switzerland von Schweiz Tourismus abgefahren. Dieses Mal f\u00fchrte sie uns von St. Moritz nach Bellinzona.<\/p>\n","protected":false},"author":27,"featured_media":9055,"comment_status":"open","ping_status":"open","sticky":false,"template":"","format":"standard","meta":{"_acf_changed":false,"inline_featured_image":false,"footnotes":""},"categories":[8119],"tags":[],"class_list":["post-9017","post","type-post","status-publish","format-standard","has-post-thumbnail","hentry","category-auto-technik"],"acf":[],"_links":{"self":[{"href":"https:\/\/www.amag-group.ch\/blog\/wp-json\/wp\/v2\/posts\/9017","targetHints":{"allow":["GET"]}}],"collection":[{"href":"https:\/\/www.amag-group.ch\/blog\/wp-json\/wp\/v2\/posts"}],"about":[{"href":"https:\/\/www.amag-group.ch\/blog\/wp-json\/wp\/v2\/types\/post"}],"author":[{"embeddable":true,"href":"https:\/\/www.amag-group.ch\/blog\/wp-json\/wp\/v2\/users\/27"}],"replies":[{"embeddable":true,"href":"https:\/\/www.amag-group.ch\/blog\/wp-json\/wp\/v2\/comments?post=9017"}],"version-history":[{"count":1,"href":"https:\/\/www.amag-group.ch\/blog\/wp-json\/wp\/v2\/posts\/9017\/revisions"}],"predecessor-version":[{"id":31608,"href":"https:\/\/www.amag-group.ch\/blog\/wp-json\/wp\/v2\/posts\/9017\/revisions\/31608"}],"wp:featuredmedia":[{"embeddable":true,"href":"https:\/\/www.amag-group.ch\/blog\/wp-json\/wp\/v2\/media\/9055"}],"wp:attachment":[{"href":"https:\/\/www.amag-group.ch\/blog\/wp-json\/wp\/v2\/media?parent=9017"}],"wp:term":[{"taxonomy":"category","embeddable":true,"href":"https:\/\/www.amag-group.ch\/blog\/wp-json\/wp\/v2\/categories?post=9017"},{"taxonomy":"post_tag","embeddable":true,"href":"https:\/\/www.amag-group.ch\/blog\/wp-json\/wp\/v2\/tags?post=9017"}],"curies":[{"name":"wp","href":"https:\/\/api.w.org\/{rel}","templated":true}]}}