{"id":31180,"date":"2025-01-06T13:37:26","date_gmt":"2025-01-06T12:37:26","guid":{"rendered":"https:\/\/www.amag-group.ch\/blog\/?p=31180"},"modified":"2025-01-06T13:37:26","modified_gmt":"2025-01-06T12:37:26","slug":"21-erfolg-fuer-den-fc-amag-gegen-den-fc-nationalrat","status":"publish","type":"post","link":"https:\/\/www.amag-group.ch\/blog\/21-erfolg-fuer-den-fc-amag-gegen-den-fc-nationalrat\/","title":{"rendered":"2:1-Erfolg f\u00fcr den FC AMAG gegen den FC Nationalrat"},"content":{"rendered":"\r\n<h3><strong>Waschechte Wankdorf Wunderkinder<\/strong><\/h3>\r\n<p>Dienstag, 17. Dezember 2024: Mit ein wenig Versp\u00e4tung wurde das langersehnte Match zwischen dem FC AMAG und dem FC Nationalrat im Stadion Wankdorf in Bern um 19:12 Uhr angepfiffen.<\/p>\r\n<p>Direkt zu Beginn des Spiels zahlte sich das <a href=\"https:\/\/www.amag-group.ch\/blog\/fc-amag-das-neue-wunder-von-bern\/\">harte Training der letzten drei Monate<\/a> aus: Die Mannschaft hatte deutlich mehr Ballbesitz und dr\u00e4ngte den FC Nationalrat in die eigene H\u00e4lfte. Doch auch der FC Nationalrat liess nicht lange auf sich warten und antwortete von Zeit zu Zeit mit Nadelstichen. Mit einem hohen Ball von der Mittellinie verpassten sie die F\u00fchrung mit der ersten richtigen Torchance nur knapp. FC AMAG Torwart Samet Durmus musste sich lang machen, um den Ball noch von der Mittellinie zu kratzen.<\/p>\r\n<p>W\u00e4hrend eines spannenden Kampfs um die Ball- und damit auch die Platzhoheit zwischen den beiden Mannschaften, konnte der FC AMAG dieses Duell f\u00fcr sich entscheiden und die dominierte schon nach kurzer Zeit das Spiel.<\/p>\r\n<p>In der 5. Minute fiel dann das erste Tor und damit das 1:0 f\u00fcr den FC AMAG durch Dominique Stirnimann, vorbereitet von CEO Helmut Ruhl. Der FC Nationalrat hatte sich nicht mehr aus der eigenen H\u00e4lfte l\u00f6sen k\u00f6nnen, ganz zur Freude des FC AMAGs und seinen Fans.<\/p>\r\n<p><img decoding=\"async\" class=\"aligncenter size-full wp-image-31196\" src=\"https:\/\/www.amag-group.ch\/blog\/wp-content\/uploads\/2025\/01\/21-erfolg-fuer-den-fc-amag-gegen-den-fc-nationalrat-blog-amag-group-3.jpg\" alt=\"Das 1. Tor f\u00fcr den FC AMAG gegen den FC Nationalrat\" width=\"1920\" height=\"1280\" srcset=\"https:\/\/www.amag-group.ch\/blog\/wp-content\/uploads\/2025\/01\/21-erfolg-fuer-den-fc-amag-gegen-den-fc-nationalrat-blog-amag-group-3.jpg 1920w, https:\/\/www.amag-group.ch\/blog\/wp-content\/uploads\/2025\/01\/21-erfolg-fuer-den-fc-amag-gegen-den-fc-nationalrat-blog-amag-group-3-620x414.jpg 620w, https:\/\/www.amag-group.ch\/blog\/wp-content\/uploads\/2025\/01\/21-erfolg-fuer-den-fc-amag-gegen-den-fc-nationalrat-blog-amag-group-3-1536x1024.jpg 1536w, https:\/\/www.amag-group.ch\/blog\/wp-content\/uploads\/2025\/01\/21-erfolg-fuer-den-fc-amag-gegen-den-fc-nationalrat-blog-amag-group-3-720x480.jpg 720w\" sizes=\"(max-width: 1920px) 100vw, 1920px\" \/><\/p>\r\n<p>Trotz des gesundheitsbedingten ersten Wechsels der Partie von AMAG CEO Helmut Ruhl mit Veprim Haliti, blieb der FC AMAG in der ersten Halbzeit im h\u00f6heren Ballbesitz. Schon in der 12. Minute fiel durch Guiseppe Perretta das 2:0 f\u00fcr den FC AMAG \u2013 auch durch ein bisschen Gl\u00fcck. W\u00e4hrend sein erster Versuch vom Gegner geblockt wurde, fand der Abstauber seinen Weg doch noch ins Tor.<\/p>\r\n<p>Nachdem der FC AMAG in den ersten 12 Minuten das Spiel dominierte, brachte der FC Nationalrat mit einem Spielerwechsel neue Energie ins Spiel. Der FC AMAG geriet folglich etwas ins Zittern.<\/p>\r\n<p>Aus einer Chance des Gegners, einem Eckball in der 17. Minute, gelang es aber dem FC AMAG erneut einen starken Gegendruck zu entwickeln und erzielte ein weiteres Tor. So gross wie die Freude kurz war, so wenig z\u00e4hlt das Tor: Der Schiedsrichter pfeift ab \u2013 Abseits. Es blieb beim 2:0 f\u00fcr den FC AMAG.<\/p>\r\n<h3><strong>FC AMAG und FC Nationalrat auf Augenh\u00f6he<\/strong><\/h3>\r\n<p>Zum Ende der ersten Halbzeit hin spielten die beiden Mannschaften dann auf dem gleichen Spielniveau. In der 21. Minute dann eine weitere Torchance f\u00fcr den FC Nationalrat, die\u00a0 der FC AMAG aber gekonnt abwehrte.<\/p>\r\n<p><img decoding=\"async\" class=\"aligncenter size-full wp-image-31206\" src=\"https:\/\/www.amag-group.ch\/blog\/wp-content\/uploads\/2025\/01\/21-erfolg-fuer-den-fc-amag-gegen-den-fc-nationalrat-blog-amag-group-5.jpg\" alt=\"Der FC Nationalrat spielt gegen den FC AMAG in Wankdorf\" width=\"1920\" height=\"1280\" srcset=\"https:\/\/www.amag-group.ch\/blog\/wp-content\/uploads\/2025\/01\/21-erfolg-fuer-den-fc-amag-gegen-den-fc-nationalrat-blog-amag-group-5.jpg 1920w, https:\/\/www.amag-group.ch\/blog\/wp-content\/uploads\/2025\/01\/21-erfolg-fuer-den-fc-amag-gegen-den-fc-nationalrat-blog-amag-group-5-620x414.jpg 620w, https:\/\/www.amag-group.ch\/blog\/wp-content\/uploads\/2025\/01\/21-erfolg-fuer-den-fc-amag-gegen-den-fc-nationalrat-blog-amag-group-5-1536x1024.jpg 1536w, https:\/\/www.amag-group.ch\/blog\/wp-content\/uploads\/2025\/01\/21-erfolg-fuer-den-fc-amag-gegen-den-fc-nationalrat-blog-amag-group-5-720x480.jpg 720w\" sizes=\"(max-width: 1920px) 100vw, 1920px\" \/><\/p>\r\n<p>In die zweite Halbzeit starteten beide Mannschaften dann mit voller Konzentration: Neues Spiel, neues Gl\u00fcck. Der Ehrgeiz und viele Spielerwechsel bestimmte dabei das spannungsgeladene Spiel. W\u00e4hrend in den ersten Spielminuten der zweiten Halbzeit nicht viel passierte, blieben dennoch beide Mannschaften auf dem Feld pr\u00e4sent.<\/p>\r\n<p>In der 47. Minute dann der D\u00e4mpfer: Der Elfmeter f\u00fcr den FC Nationalrat, nach einem Foul im Strafraum, f\u00fchrte zum 2:1. Trotz des kurzen Aufschwungs des FC Nationalrat konnte der FC AMAG den Spielstand halten. Mit dem erl\u00f6senden Schlusspfiff war der Sieg endg\u00fcltig: Der FC AMAG gewann das grosse Match.<\/p>\r\n<p>Was die Mannschaft nach ihrem Sieg zu sagen hat? Erfahre es im Video:<\/p>\r\n\r\n<div class=\"youtube-block style3\">\r\n  <iframe title=\"FC AMAG vs. FC Nationalrat R\u00fcckblicksvideo\" width=\"640\" height=\"360\" src=\"https:\/\/www.youtube.com\/embed\/B3iX2RdZY9A?feature=oembed\" frameborder=\"0\" allow=\"accelerometer; autoplay; clipboard-write; encrypted-media; gyroscope; picture-in-picture; web-share\" referrerpolicy=\"strict-origin-when-cross-origin\" allowfullscreen><\/iframe><\/div>\r\n\r\n\r\n<p>W\u00e4hrend der FC AMAG und seine Fans den Sieg feiern, steht es noch aus, ob es eine Revanche f\u00fcr den FC Nationalrat geben wird. Sicher ist aber, dass sich der FC AMAG \u00fcber eine weitere Partie mit dem FC Nationalrat freuen w\u00fcrde.<\/p>\r\n","protected":false},"excerpt":{"rendered":"<p>Waschechte Wankdorf Wunderkinder Dienstag, 17. Dezember 2024: Mit ein wenig Versp\u00e4tung wurde das langersehnte Match zwischen dem FC AMAG und dem FC Nationalrat im Stadion Wankdorf in Bern um 19:12 Uhr angepfiffen. Direkt zu Beginn des Spiels zahlte sich das harte Training der letzten drei Monate aus: Die Mannschaft hatte deutlich mehr Ballbesitz und dr\u00e4ngte [&hellip;]<\/p>\n","protected":false},"author":102,"featured_media":31230,"comment_status":"open","ping_status":"open","sticky":false,"template":"","format":"standard","meta":{"_acf_changed":false,"inline_featured_image":false,"footnotes":""},"categories":[9580],"tags":[],"class_list":["post-31180","post","type-post","status-publish","format-standard","has-post-thumbnail","hentry","category-arbeiten-bei-der-amag"],"acf":[],"_links":{"self":[{"href":"https:\/\/www.amag-group.ch\/blog\/wp-json\/wp\/v2\/posts\/31180","targetHints":{"allow":["GET"]}}],"collection":[{"href":"https:\/\/www.amag-group.ch\/blog\/wp-json\/wp\/v2\/posts"}],"about":[{"href":"https:\/\/www.amag-group.ch\/blog\/wp-json\/wp\/v2\/types\/post"}],"author":[{"embeddable":true,"href":"https:\/\/www.amag-group.ch\/blog\/wp-json\/wp\/v2\/users\/102"}],"replies":[{"embeddable":true,"href":"https:\/\/www.amag-group.ch\/blog\/wp-json\/wp\/v2\/comments?post=31180"}],"version-history":[{"count":3,"href":"https:\/\/www.amag-group.ch\/blog\/wp-json\/wp\/v2\/posts\/31180\/revisions"}],"predecessor-version":[{"id":31237,"href":"https:\/\/www.amag-group.ch\/blog\/wp-json\/wp\/v2\/posts\/31180\/revisions\/31237"}],"wp:featuredmedia":[{"embeddable":true,"href":"https:\/\/www.amag-group.ch\/blog\/wp-json\/wp\/v2\/media\/31230"}],"wp:attachment":[{"href":"https:\/\/www.amag-group.ch\/blog\/wp-json\/wp\/v2\/media?parent=31180"}],"wp:term":[{"taxonomy":"category","embeddable":true,"href":"https:\/\/www.amag-group.ch\/blog\/wp-json\/wp\/v2\/categories?post=31180"},{"taxonomy":"post_tag","embeddable":true,"href":"https:\/\/www.amag-group.ch\/blog\/wp-json\/wp\/v2\/tags?post=31180"}],"curies":[{"name":"wp","href":"https:\/\/api.w.org\/{rel}","templated":true}]}}