{"id":30917,"date":"2024-11-20T16:13:11","date_gmt":"2024-11-20T15:13:11","guid":{"rendered":"https:\/\/www.amag-group.ch\/blog\/?p=30917"},"modified":"2025-03-25T11:10:59","modified_gmt":"2025-03-25T10:10:59","slug":"dein-einstieg-in-die-elektromobilitaet-so-gelingts","status":"publish","type":"post","link":"https:\/\/www.amag-group.ch\/blog\/dein-einstieg-in-die-elektromobilitaet-so-gelingts\/","title":{"rendered":"Dein Einstieg in die Elektromobilit\u00e4t \u2013 So gelingt`s"},"content":{"rendered":"\r\n<h3><strong>Die Zukunft des Fahrens<\/strong><\/h3>\r\n<p>Trotz vieler Vorbehalte steigt die Popularit\u00e4t von Elektrofahrzeugen, da sie keine direkten CO\u2082-Emissionen produzieren und so im Betrieb die Umwelt schonen. Mit der Verwendung von erneuerbaren Energien beim Ladevorgang tragen sie deutlich zur Reduzierung des globalen CO\u2082-Ausstosses bei.<\/p>\r\n\r\n<div class=\"about-person type2 full-mob\">\r\n  <div class=\"text-holder\">\r\n          <h3 class=\"h3\">Mythos 1: <br \/>\r\nElektroautos sind nicht umweltfreundlicher als Verbrenner<\/h3>\r\n        <p>Dieser Mythos basiert oft auf der Tatsache, dass die Produktion der Batterien energieintensiv ist. W\u00e4hrend die Herstellung von Elektroautos tats\u00e4chlich mehr Energie erfordert als die von Verbrennern, gleicht sich das w\u00e4hrend ihres Lebenszyklus\u2019 schnell aus. Insbesondere, wenn sie mit Strom aus erneuerbaren Energien betrieben werden, reduzieren Elektrofahrzeuge die CO\u2082-Emissionen deutlich.<\/p>\n  <\/div>\r\n<\/div>\r\n\r\n\r\n<p>W\u00e4hrend ihre umweltschonende Wirkung ein ausschlaggebendes Argument ist, entscheiden sich auch immer mehr Menschen wegen seiner technologischen Vorteile f\u00fcr ein Elektroauto. Sie sind mit den neuesten Fahrerassistenz- und Infotainmentsystemen sowie autonomen Fahrfunktionen ausgestattet. Dank des sofort eintretenden Drehmoments macht das Fahren besonders viel Spass.<\/p>\r\n<p><img decoding=\"async\" class=\"aligncenter size-full wp-image-31000\" src=\"https:\/\/www.amag-group.ch\/blog\/wp-content\/uploads\/2024\/11\/dein-einstieg-in-die-elektromobilitaet-so-gelingts-blog-amag-group-6.jpg\" alt=\"E-Auto Innen mit Familie\" width=\"1280\" height=\"854\" srcset=\"https:\/\/www.amag-group.ch\/blog\/wp-content\/uploads\/2024\/11\/dein-einstieg-in-die-elektromobilitaet-so-gelingts-blog-amag-group-6.jpg 1280w, https:\/\/www.amag-group.ch\/blog\/wp-content\/uploads\/2024\/11\/dein-einstieg-in-die-elektromobilitaet-so-gelingts-blog-amag-group-6-620x414.jpg 620w, https:\/\/www.amag-group.ch\/blog\/wp-content\/uploads\/2024\/11\/dein-einstieg-in-die-elektromobilitaet-so-gelingts-blog-amag-group-6-720x480.jpg 720w\" sizes=\"(max-width: 1280px) 100vw, 1280px\" \/><\/p>\r\n<p>Neben dem umweltfreundlichen Antrieb und dem Fahrspass bieten Elektrofahrzeuge auch deutliche Vorteile im Unterhalt und schonen die Geldtasche. Die Betriebskosten eines Elektrofahrzeugs sind in der Regel deutlich niedriger als bei einem Auto mit Verbrennungsmotor. Nicht nur Strom ist im Vergleich g\u00fcnstiger als Benzin und Diesel, es fallen auch weniger Wartungskosten an, da Elektroautos weniger Verschleissteile haben.<\/p>\r\n<h3><strong>Ein paar Herausforderungen bleiben \u2013 noch\u2026<\/strong><\/h3>\r\n<p>Doch was sind diese Herausforderungen?<\/p>\r\n<ol>\r\n\t<li>\r\n<h4><strong>Anschaffungskosten<\/strong><\/h4>\r\n<\/li>\r\n<\/ol>\r\n<p>Eine erste H\u00fcrde sind die Anschaffungskosten. Elektrofahrzeuge sind in der Anschaffung manchmal noch etwas teurer als vergleichbare Verbrenner. \u00a0Wir sind aber bereits auf dem Weg diese L\u00fccke zu schliessen. Denn die Preise haben sich in letzter Zeit stark angen\u00e4hert. Und es gibt schon erste Elektroautos, die g\u00fcnstiger sind als das Pendant mit Verbrennungsmotor:<br \/>\r\nDer <a href=\"https:\/\/www.amag.ch\/de\/auto-finden\/nach-marken\/audi\/audi-q4.html\">Audi Q4 SUV e-tron<\/a> mit 210 kW ist beispielsweise bereits zu einem vergleichbaren Preis wie der leistungsm\u00e4ssig ebenb\u00fcrtige Benziner <a href=\"https:\/\/www.amag.ch\/de\/auto-finden\/nach-marken\/audi\/audi-q3.html\">Audi Q3<\/a> mit 180 kW erh\u00e4ltlich. Der <a href=\"https:\/\/www.skoda.ch\/news\/news-detail\/neue-skoda-elroq\">Skoda Elroq<\/a> kostet sogar etwas weniger als der vergleichbare <a href=\"https:\/\/www.skoda.ch\/models\/karoq\/karoq\">Skoda Karoq<\/a>.<\/p>\r\n<p>Wenn du dir noch nicht sicher bist, ob und welches Elektroauto du anschaffen m\u00f6chtest, dann haben wir hier einen Tipp f\u00fcr dich:<\/p>\r\n\r\n<div class=\"color-block-section green\">\r\n  <div class=\"row\">\r\n    <div class=\"col-lg-4\">\r\n      <div class=\"color-block\">\r\n                  <h3 class=\"h3\">Clyde<\/h3>\r\n                      <\/div>\r\n    <\/div>\r\n    <div class=\"col-lg-8\">\r\n      <div class=\"text\">\r\n        <p>Das <a href=\"https:\/\/clyde.ch\/de?msclkid=d6507966496010a943211e4ef8f415ef&amp;utm_source=bing&amp;utm_medium=cpc&amp;utm_campaign=(ma_clyde)(t_brand-combo)(l_de)(p_clyde-combo)(g_performance)(e_p-search)(b_goo)(o_conversions)(f_text)(i_aon)&amp;utm_term=clyde%20amag&amp;utm_content=(ma_clyde)(t_brand-combo)(l_de)(p_clyde-combo)(s_brand-amag)(g_performance)(e_p-search)(b_goo)(o_conversions)(f_text)(i_aon)\">Auto-Abo Clyde<\/a> bietet eine L\u00f6sung f\u00fcr alle, die Elektromobilit\u00e4t flexibel erleben m\u00f6chten, ohne sich sofort auf den Kauf eines Elektrofahrzeugs festzulegen. Denn mit Clyde kannst du ein Elektroauto zu einem monatlichen Fixpreis abonnieren. In dem Abo sind alle notwendigen Services wie Versicherung, Wartung und Reifenwechsel enthalten. So wird dir ein unkomplizierter Einstieg in die Elektromobilit\u00e4t erm\u00f6glicht.<\/p>\n      <\/div>\r\n    <\/div>\r\n  <\/div>\r\n<\/div>\r\n\r\n\r\n<h4><strong>\u00a0 \u00a0 2. Laden<\/strong><\/h4>\r\n<p>Eine weitere Herausforderung ist der <a href=\"https:\/\/www.amag-group.ch\/blog\/ladeinfrastruktur-fuer-elektroautos-die-basis-fuer-eine-erfolgreiche-mobilitaetswende\/\">Ausbau der Ladeinfrastruktur<\/a>. Zwar gibt es immer mehr Ladestationen, insbesondere in St\u00e4dten, aber gerade in l\u00e4ndlichen Regionen ist das Netz noch nicht fl\u00e4chendeckend. Die AMAG Gruppe f\u00f6rdert den Ausbau der Ladeinfrastruktur mit der Errichtung von Ladeh\u00e4usern, in denen Elektrofahrzeuge bequem aufgeladen werden k\u00f6nnen.<\/p>\r\n<p><img decoding=\"async\" class=\"alignleft wp-image-30991 \" title=\"Ladehaus Messe Z\u00fcrich\" src=\"https:\/\/www.amag-group.ch\/blog\/wp-content\/uploads\/2024\/11\/dein-einstieg-in-die-elektromobilitaet-so-gelingts-blog-amag-group-5.jpg\" alt=\"Ladehaus Messe Z\u00fcrich mit Ladestationen\" width=\"606\" height=\"403\" srcset=\"https:\/\/www.amag-group.ch\/blog\/wp-content\/uploads\/2024\/11\/dein-einstieg-in-die-elektromobilitaet-so-gelingts-blog-amag-group-5.jpg 1390w, https:\/\/www.amag-group.ch\/blog\/wp-content\/uploads\/2024\/11\/dein-einstieg-in-die-elektromobilitaet-so-gelingts-blog-amag-group-5-720x480.jpg 720w\" sizes=\"(max-width: 606px) 100vw, 606px\" \/><\/p>\r\n<p>Den Anfang bilden die <a href=\"https:\/\/parking.amag.ch\/de\/ueber-uns\/vision-innovation\/ladehaus.html\">vier Ladeh\u00e4user Utoquai, Messe, Kongress und Opera in Z\u00fcrich<\/a>. Sie bieten moderne Schnellladestationen mit hoher Ladeleistung, die es erm\u00f6glichen, Elektroautos in kurzer Zeit wieder aufzuladen. \u00a0Die AMAG unterst\u00fctzt zudem den Aufbau eines fl\u00e4chendeckenden Schnellladenetzes in der Schweiz, um den Zugang zu Elektromobilit\u00e4t f\u00fcr alle zu erleichtern und die Reichweitenangst zu reduzieren.<\/p>\r\n<p>Ein weiteres Thema ist die Ladezeit, da je nach Ladem\u00f6glichkeit das Aufladen eines Elektroautos bis zu mehrere Stunden in Anspruch nehmen kann, insbesondere wenn keine Schnellladestation verf\u00fcgbar ist.<\/p>\r\n\r\n<div class=\"about-person type2 full-mob\">\r\n  <div class=\"text-holder\">\r\n          <h3 class=\"h3\">Mythos 2: <br \/>\r\nLaden dauert zu lange<\/h3>\r\n        <p>Es stimmt, dass das vollst\u00e4ndige Laden eines Elektrofahrzeugs an einer Haushaltssteckdose lange dauern kann. Viele Menschen laden daher ihr Fahrzeug bequem zu Hause \u00fcber Nacht oder w\u00e4hrend der Arbeit am Arbeitsplatz auf. Ist eine Schnellladestation verf\u00fcgbar, l\u00e4sst sich der Akku eines Elektroautos innerhalb von 30 Minuten auf bis zu 80 % aufladen.<\/p>\n  <\/div>\r\n<\/div>\r\n\r\n\r\n<p><img decoding=\"async\" class=\"aligncenter size-full wp-image-30988\" src=\"https:\/\/www.amag-group.ch\/blog\/wp-content\/uploads\/2024\/11\/dein-einstieg-in-die-elektromobilitaet-so-gelingts-blog-amag-group-4.jpg\" alt=\"Dein Einstieg in die Elektromobilit\u00e4t \u2013 So gelingt&#96;s - Blog der AMAG Group AG 3\" width=\"1500\" height=\"1000\" srcset=\"https:\/\/www.amag-group.ch\/blog\/wp-content\/uploads\/2024\/11\/dein-einstieg-in-die-elektromobilitaet-so-gelingts-blog-amag-group-4.jpg 1500w, https:\/\/www.amag-group.ch\/blog\/wp-content\/uploads\/2024\/11\/dein-einstieg-in-die-elektromobilitaet-so-gelingts-blog-amag-group-4-620x414.jpg 620w, https:\/\/www.amag-group.ch\/blog\/wp-content\/uploads\/2024\/11\/dein-einstieg-in-die-elektromobilitaet-so-gelingts-blog-amag-group-4-720x480.jpg 720w\" sizes=\"(max-width: 1500px) 100vw, 1500px\" \/><\/p>\r\n<p>Beim k\u00fcnftigen Laden kann von den vergleichsweise geringen Kosten profitiert werden. Bei einem durchschnittlichen <a href=\"https:\/\/www.strompreis.elcom.admin.ch\/?period=2024\">Strompreis von 32,14 Rp.\/kWh in 2024<\/a> betragen die Ladekosten am eigenen Stromanschluss f\u00fcr eine Strecke von 100 km etwa CHF 6. Bei einer Reichweite von 600 km kostet eine Ladung somit ungef\u00e4hr CHF 36.<\/p>\r\n<ol start=\"3\">\r\n\t<li>\r\n<h4><strong>Batterie und Reichweite<\/strong><\/h4>\r\n<\/li>\r\n<\/ol>\r\n<p>Die Reichweite eines Elektrofahrzeugs und die Lebensdauer der Batterie sind zentrale Themen in der Diskussion \u00fcber Elektromobilit\u00e4t.<\/p>\r\n<p><a href=\"https:\/\/www.amag-group.ch\/blog\/batterie-gigafabrik-in-salzgitter-ein-meilenstein-fuer-die-elektromobilitaet\/\">Die Batterie ist das Herzst\u00fcck eines Elektroautos<\/a>. Moderne Lithium-Ionen-Batterien haben eine hohe Lebensdauer, viele Hersteller bieten Garantien von bis zu 8 Jahren oder 160\u2019000 Kilometern an. Selbst nach dieser Zeit behalten die meisten Batterien noch einen Grossteil ihrer Kapazit\u00e4t. Zudem wird an innovativen Recyclingkonzepten gearbeitet, um die Nachhaltigkeit zu erh\u00f6hen.<\/p>\r\n<p><a href=\"https:\/\/www.amag-group.ch\/blog\/elektromobilitaet-und-elektroautos-wie-sie-funktionieren-und-was-sie-auszeichnet\/\">Neben den Batterien werden oft auch ihre Leistungen und Reichweiten kritisch betrachtet<\/a>. Dabei taucht oft der Begriff \u00abReichweitenangst\u00bb auf. Der Begriff beschreibt die Sorge, dass die Batterie eines Elektroautos nicht ausreicht, um lange Strecken zur\u00fcckzulegen.<\/p>\r\n\r\n<div class=\"about-person type2 full-mob\">\r\n  <div class=\"text-holder\">\r\n          <h3 class=\"h3\">Mythos 3: <br \/>\r\nElektroautos haben zu wenig Reichweite<\/h3>\r\n        <p>Moderne Elektroautos verf\u00fcgen \u00fcber Reichweiten von bis zu 500 Kilometern und mehr, was f\u00fcr die meisten allt\u00e4glichen Fahrten vollkommen ausreichend ist. Die durchschnittliche t\u00e4gliche Fahrstrecke von 40 Kilometern liegt weit unter der Reichweite moderner Elektrofahrzeuge. Die sogenannte &#8222;Reichweitenangst&#8220; ist daher oft unbegr\u00fcndet, besonders bei Autofahrenden, die haupts\u00e4chlich kurze oder mittlere Distanzen zur\u00fccklegen. Zudem gibt es immer mehr Schnellladestationen, die das Laden unterwegs erleichtern.<\/p>\n  <\/div>\r\n<\/div>\r\n\r\n\r\n<p>Der Fahrversuch der AMAG zum Thema Reichweite mit dem neuen <a href=\"https:\/\/www.amag.ch\/de\/auto-finden\/nach-marken\/vw\/id-7.html\">Elektrowagen ID.7 von Volkswagen<\/a> zeigte, dass mit Elektroautos durchaus bereits lange Strecken zur\u00fcckgelegt werden k\u00f6nnen. Da der ID.7 speziell f\u00fcr Langstreckenfahrten entwickelt wurde, kann mit der Standardversion eine maximale Reichweite von etwa 615 km und mit der gr\u00f6sseren Variante sogar eine Reichweite von bis zu 700 km erreicht werden.<\/p>\r\n<h3><strong>Und wann steigst du ein?<\/strong><\/h3>\r\n<p>W\u00e4hrend Elektromobilit\u00e4t enorme Chancen f\u00fcr die nachhaltige Mobilit\u00e4t bereith\u00e4lt, bietet sie Autofahrenden auch Fahrspass und Komfort auf h\u00f6chstem Niveau. F\u00fcr Neulinge mag der Einstieg in die Welt der Elektroautos zun\u00e4chst herausfordernd wirken, doch mit dem richtigen Wissen und den passenden L\u00f6sungen wird dein Einstieg deutlich einfacher. Mit der wachsenden Ladeinfrastruktur, innovativen Batterie-Technologien und flexiblen Abo-Modellen wie von <a href=\"https:\/\/clyde.ch\/de?msclkid=d6507966496010a943211e4ef8f415ef&amp;utm_source=bing&amp;utm_medium=cpc&amp;utm_campaign=(ma_clyde)(t_brand-combo)(l_de)(p_clyde-combo)(g_performance)(e_p-search)(b_goo)(o_conversions)(f_text)(i_aon)&amp;utm_term=clyde%20amag&amp;utm_content=(ma_clyde)(t_brand-combo)(l_de)(p_clyde-combo)(s_brand-amag)(g_performance)(e_p-search)(b_goo)(o_conversions)(f_text)(i_aon)\">Clyde<\/a> gibt es f\u00fcr jeden Fahrer und jede Fahrerin eine passende L\u00f6sung &#8211; auch f\u00fcr dich.<\/p>\r\n","protected":false},"excerpt":{"rendered":"<p>Die Zukunft des Fahrens Trotz vieler Vorbehalte steigt die Popularit\u00e4t von Elektrofahrzeugen, da sie keine direkten CO\u2082-Emissionen produzieren und so im Betrieb die Umwelt schonen. Mit der Verwendung von erneuerbaren Energien beim Ladevorgang tragen sie deutlich zur Reduzierung des globalen CO\u2082-Ausstosses bei. W\u00e4hrend ihre umweltschonende Wirkung ein ausschlaggebendes Argument ist, entscheiden sich auch immer mehr [&hellip;]<\/p>\n","protected":false},"author":27,"featured_media":30979,"comment_status":"open","ping_status":"open","sticky":false,"template":"","format":"standard","meta":{"_acf_changed":false,"inline_featured_image":false,"footnotes":""},"categories":[9960],"tags":[],"class_list":["post-30917","post","type-post","status-publish","format-standard","has-post-thumbnail","hentry","category-moebilitaet-der-zukunft"],"acf":[],"_links":{"self":[{"href":"https:\/\/www.amag-group.ch\/blog\/wp-json\/wp\/v2\/posts\/30917","targetHints":{"allow":["GET"]}}],"collection":[{"href":"https:\/\/www.amag-group.ch\/blog\/wp-json\/wp\/v2\/posts"}],"about":[{"href":"https:\/\/www.amag-group.ch\/blog\/wp-json\/wp\/v2\/types\/post"}],"author":[{"embeddable":true,"href":"https:\/\/www.amag-group.ch\/blog\/wp-json\/wp\/v2\/users\/27"}],"replies":[{"embeddable":true,"href":"https:\/\/www.amag-group.ch\/blog\/wp-json\/wp\/v2\/comments?post=30917"}],"version-history":[{"count":3,"href":"https:\/\/www.amag-group.ch\/blog\/wp-json\/wp\/v2\/posts\/30917\/revisions"}],"predecessor-version":[{"id":31003,"href":"https:\/\/www.amag-group.ch\/blog\/wp-json\/wp\/v2\/posts\/30917\/revisions\/31003"}],"wp:featuredmedia":[{"embeddable":true,"href":"https:\/\/www.amag-group.ch\/blog\/wp-json\/wp\/v2\/media\/30979"}],"wp:attachment":[{"href":"https:\/\/www.amag-group.ch\/blog\/wp-json\/wp\/v2\/media?parent=30917"}],"wp:term":[{"taxonomy":"category","embeddable":true,"href":"https:\/\/www.amag-group.ch\/blog\/wp-json\/wp\/v2\/categories?post=30917"},{"taxonomy":"post_tag","embeddable":true,"href":"https:\/\/www.amag-group.ch\/blog\/wp-json\/wp\/v2\/tags?post=30917"}],"curies":[{"name":"wp","href":"https:\/\/api.w.org\/{rel}","templated":true}]}}