{"id":30689,"date":"2024-10-25T16:58:13","date_gmt":"2024-10-25T14:58:13","guid":{"rendered":"https:\/\/www.amag-group.ch\/blog\/?p=30689"},"modified":"2025-04-02T16:16:10","modified_gmt":"2025-04-02T14:16:10","slug":"francesca-pusceddu-eine-frau-mit-benzin-im-blut","status":"publish","type":"post","link":"https:\/\/www.amag-group.ch\/blog\/francesca-pusceddu-eine-frau-mit-benzin-im-blut\/","title":{"rendered":"Francesca Pusceddu: Eine Frau mit Benzin im Blut"},"content":{"rendered":"<h3><strong>Wie w\u00fcrdest du deinen beruflichen Werdegang in Schl\u00fcsselphasen beschreiben?\u00a0<\/strong><\/h3>\r\n<p>Von aussen betrachtet ist mein beruflicher Werdegang sicherlich sehr linear und fokussiert zu beschreiben. Die Automobilbranche geh\u00f6rt nun schon seit \u00fcber 22 Jahren zu mir und diese Konstanz hat massgeblich dazu beigetragen, dass ich meinen Fundus an Erfahrung und Fachkompetenz in diesem Gebiet stetig aufbauen und weiterentwickeln konnte.<\/p>\r\n<h3><strong>Welche Entscheidungen betrachtest du r\u00fcckblickend als Wendepunkte in deiner Karriere?\u00a0<\/strong><\/h3>\r\n<p>Entscheide, die mich aus meiner Komfortzone herausgebracht haben! Die pr\u00e4gendsten Entscheide haben mich gelehrt, dass es im Leben teilweise einen Schritt zur\u00fcck ben\u00f6tigt, um daraufhin zwei Schritte vorw\u00e4rtszukommen. Ein gutes Beispiel hierf\u00fcr war damals der Wechsel vom Importeur Porsche Schweiz AG zur <a href=\"https:\/\/dealer.porsche.com\/ch\/amagfirst\/de-CH\">AMAG First AG<\/a>.<br \/>\r\nIch war damals Disponentin und konnte national agieren, was super spannend war.<br \/>\r\nAls ich dann angefragt wurde, ob ich Lust h\u00e4tte, f\u00fcr das Porsche Zentrum Z\u00fcrich als Assistentin der Gesch\u00e4ftsleitung zu arbeiten, musste ich tats\u00e4chlich erst einmal \u00abtief Luft holen\u00bb, schliesslich war es rein beruflich eher ein R\u00fcckschritt als ein Fortschritt.<br \/>\r\nJedoch hat mich die langfristige Perspektive, welche mir die AMAG geboten hat, klar davon \u00fcberzeugt, dass es genau das Richtige ist! Meine Komfortzone zu verlassen, hat sich r\u00fcckblickend sehr oft als Wendepunkt und Weiterentwicklung meiner Karriere erwiesen.<\/p>\r\n<h3><strong>Welche F\u00e4higkeiten und Eigenschaften h\u00e4ltst du f\u00fcr unerl\u00e4sslich in deinem aktuellen Job?<\/strong><\/h3>\r\n<p>Mein aktueller Job bedarf allerhand F\u00e4higkeiten und Eigenschaften, besonders jedoch \u00abden Menschen im Fokus\u00bb zu sehen. Dies sowohl in Form der Mitarbeitenden als auch der Kundinnen und Kunden. Was meine aktuelle Position ist, verrate ich aber erst am Ende des Interviews \ud83d\ude09<\/p>\r\n<h3><strong>Kannst du eine Situation beschreiben, in der du ein berufliches Risiko eingegangen bist und wie es sich ausgewirkt hat?<\/strong><strong>\u00a0<\/strong><\/h3>\r\n<p>Ich bin der Meinung, dass man immer wieder bereit sein sollte ein berufliches Risiko einzugehen. Man sollte dabei aber nicht kurzfristig denken, sondern den langfristigen Blick erlernen. Jede Position, welche ich aus\u00fcben durfte, hat mich wieder Neues gelehrt und hat mir bei der darauffolgenden Position erneut T\u00fcren und Blickwinkel ge\u00f6ffnet.<br \/>\r\nMan lernt nie aus und kann von jeder Begegnung und Position neue Impulse f\u00fcr die Zukunft mitnehmen.<\/p>\r\n<h3><strong>Wie wichtig ist das lebenslange Lernen f\u00fcr deine berufliche Entwicklung?\u00a0<\/strong><\/h3>\r\n<p>Ich m\u00f6chte dies eigentlich nicht nur auf meine berufliche Entwicklung einschr\u00e4nken, denn ich finde <a href=\"https:\/\/www.amag-group.ch\/blog\/vom-automobilmechaniker-zur-vw-schweiz-fuehrungskraft-eine-beeindruckende-karriere-dank-lebenslangem-lernen\/\">lebenslanges Lernen<\/a> bereichert mich sowohl privat wie auch beruflich. Neues zu lernen ist f\u00fcr mich pers\u00f6nlich der N\u00e4hrstoff f\u00fcr die eigene und unternehmerische Weiterentwicklung.<br \/>\r\nDies heisst nicht, dass wir uns alle immer ver\u00e4ndern m\u00fcssen, aber es zeigt uns das Potenzial f\u00fcr Optimierung und \u00f6ffnet den Horizont!<\/p>\r\n<h3><strong>Welche Tipps w\u00fcrdest du jemandem geben, der eine \u00e4hnliche Karriere anstrebt?\u00a0<\/strong><\/h3>\r\n<p>\u00abTu es!\u00bb<\/p>\r\n\r\n<figure class=\"wp-block-image size-full is-resized\">\r\n<div id=\"attachment_30695\" style=\"width: 1450px\" class=\"wp-caption alignnone\"><img decoding=\"async\" aria-describedby=\"caption-attachment-30695\" class=\"wp-image-30695\" style=\"aspect-ratio: 0.75; width: 521px; height: auto;\" title=\"Francesca Pusceddu\" src=\"https:\/\/www.amag-group.ch\/blog\/wp-content\/uploads\/2024\/10\/FP10.jpg\" alt=\"Francesca Pusceddu sitzt in einem blaugrauen Porsche Cabrio.\" width=\"1440\" height=\"1920\" srcset=\"https:\/\/www.amag-group.ch\/blog\/wp-content\/uploads\/2024\/10\/FP10.jpg 1440w, https:\/\/www.amag-group.ch\/blog\/wp-content\/uploads\/2024\/10\/FP10-311x414.jpg 311w, https:\/\/www.amag-group.ch\/blog\/wp-content\/uploads\/2024\/10\/FP10-1152x1536.jpg 1152w\" sizes=\"(max-width: 1440px) 100vw, 1440px\" \/><p id=\"caption-attachment-30695\" class=\"wp-caption-text\">Francesca Pusceddu im Porsche Cabrio.<\/p><\/div>\r\n<\/figure>\r\n\r\n  <div class=\"text-block\">\r\n    <h3><strong>Wie definierst du pers\u00f6nlichen Erfolg, und wie misst du diesen?\u00a0<\/strong><\/h3>\n<p>Da ich ein sehr intrinsisch motivierter Mensch bin, challenge ich mich jeden Tag selbst aufs Neue. Wenn ich etwas \u00abangehe\u00bb, ist es mir wichtig es zuerst zu verstehen und anschliessend einen nachhaltigen Weg zu definieren. Dies gelingt mir nicht immer\u2026aber ich arbeite daran \ud83d\ude0a!<\/p>\n<h3><strong>Was ist deine aktuelle Position bei der AMAG? Wie kam es dazu?\u00a0<\/strong><\/h3>\n<p>Ich bin seit Mai 2024 \u00abGesch\u00e4ftsf\u00fchrerin des Porsche Zentrum Winterthur\u00bb und m\u00e4chtig stolz darauf! \u00a0Ja\u2026und auch diese Geschichte unterstreicht meinen pers\u00f6nlichen roten Karrierepfad.<\/p>\n<p>Ich habe die Marke Porsche nach vielen spannenden und lehrreichen Jahren verlassen, um intern bei der AMAG eine neue Herausforderung annehmen zu d\u00fcrfen. Bei der AMAG Services AG konnte ich die Verantwortung des Bereichs New Mobility (neue Mobilit\u00e4tsformen rund um die Autovermietung) \u00fcbernehmen und zugleich auch meinen Master in Digital Transformation absolvieren. Und dann wiederholte sich meine Geschichte und ich durfte tats\u00e4chlich nochmals zwei Schritte bei der AMAG First AG vorw\u00e4rts gehen!<\/p>\n<p>Die AMAG war stets meine Begleiterin, F\u00f6rderin und auch Herausforderin auf dem pers\u00f6nlichen Karrierepfad. Ich bin sehr dankbar in einem Unternehmen t\u00e4tig sein zu d\u00fcrfen, welche die stetige Weiterentwicklung innerhalb der verschiedenen Gesch\u00e4ftseinheiten f\u00f6rdert und mit Engagement, Willen und Kompetenz viele M\u00f6glichkeiten bietet!<\/p>\n  <\/div>\r\n","protected":false},"excerpt":{"rendered":"<p>Wie w\u00fcrdest du deinen beruflichen Werdegang in Schl\u00fcsselphasen beschreiben?\u00a0 Von aussen betrachtet ist mein beruflicher Werdegang sicherlich sehr linear und fokussiert zu beschreiben. Die Automobilbranche geh\u00f6rt nun schon seit \u00fcber 22 Jahren zu mir und diese Konstanz hat massgeblich dazu beigetragen, dass ich meinen Fundus an Erfahrung und Fachkompetenz in diesem Gebiet stetig aufbauen und [&hellip;]<\/p>\n","protected":false},"author":27,"featured_media":30692,"comment_status":"open","ping_status":"open","sticky":false,"template":"","format":"standard","meta":{"_acf_changed":false,"inline_featured_image":false,"footnotes":""},"categories":[1230],"tags":[],"class_list":["post-30689","post","type-post","status-publish","format-standard","has-post-thumbnail","hentry","category-jobs-karriere"],"acf":[],"_links":{"self":[{"href":"https:\/\/www.amag-group.ch\/blog\/wp-json\/wp\/v2\/posts\/30689","targetHints":{"allow":["GET"]}}],"collection":[{"href":"https:\/\/www.amag-group.ch\/blog\/wp-json\/wp\/v2\/posts"}],"about":[{"href":"https:\/\/www.amag-group.ch\/blog\/wp-json\/wp\/v2\/types\/post"}],"author":[{"embeddable":true,"href":"https:\/\/www.amag-group.ch\/blog\/wp-json\/wp\/v2\/users\/27"}],"replies":[{"embeddable":true,"href":"https:\/\/www.amag-group.ch\/blog\/wp-json\/wp\/v2\/comments?post=30689"}],"version-history":[{"count":3,"href":"https:\/\/www.amag-group.ch\/blog\/wp-json\/wp\/v2\/posts\/30689\/revisions"}],"predecessor-version":[{"id":30739,"href":"https:\/\/www.amag-group.ch\/blog\/wp-json\/wp\/v2\/posts\/30689\/revisions\/30739"}],"wp:featuredmedia":[{"embeddable":true,"href":"https:\/\/www.amag-group.ch\/blog\/wp-json\/wp\/v2\/media\/30692"}],"wp:attachment":[{"href":"https:\/\/www.amag-group.ch\/blog\/wp-json\/wp\/v2\/media?parent=30689"}],"wp:term":[{"taxonomy":"category","embeddable":true,"href":"https:\/\/www.amag-group.ch\/blog\/wp-json\/wp\/v2\/categories?post=30689"},{"taxonomy":"post_tag","embeddable":true,"href":"https:\/\/www.amag-group.ch\/blog\/wp-json\/wp\/v2\/tags?post=30689"}],"curies":[{"name":"wp","href":"https:\/\/api.w.org\/{rel}","templated":true}]}}