{"id":30464,"date":"2024-07-30T12:39:18","date_gmt":"2024-07-30T10:39:18","guid":{"rendered":"https:\/\/www.amag-group.ch\/blog\/?p=30464"},"modified":"2024-09-30T08:59:51","modified_gmt":"2024-09-30T06:59:51","slug":"der-bergkristall-aus-holz-die-herstellung-der-family-business-award-trophaee","status":"publish","type":"post","link":"https:\/\/www.amag-group.ch\/blog\/der-bergkristall-aus-holz-die-herstellung-der-family-business-award-trophaee\/","title":{"rendered":"Der Bergkristall aus Holz: die Herstellung der Family Business Award Troph\u00e4e"},"content":{"rendered":"\n<p><\/p>\n\n\n<div class=\"about-person type3 full-mob\">\r\n  <div class=\"text-holder\">\r\n          <h3 class=\"h3\">Thomas von Rickenbach, Inhaber und Gesch\u00e4ftsf\u00fchrer vonrickenbach.swiss ag<\/h3>\r\n        <div class=\"row\">\r\n      <div class=\"col-lg-6\">\r\n        <p>\u00abSeit 2010 engagiere ich mich mit Herzblut f\u00fcr unser 1910 gegr\u00fcndetes Familien\u00adunternehmen. Mein Vater legte mit seinem Lebenswerk bereits 1986 den Grundstein f\u00fcr die Massivholz-Spezialisierung und investierte in weiser Voraussicht konsequent in richtungsweisende Technologien. In 4. Generation f\u00fchre ich das Unternehmen seit 2015 und pflege unsere Werte und Partnerschaften, die einen wesentlichen Bestandteil unseres Bestehens bilden.\u00bb<\/p>\n      <\/div>\r\n      <div class=\"col-lg-6\">\r\n        <figure class=\"alignnone\">\r\n                      <img decoding=\"async\" data-src=\"https:\/\/www.amag-group.ch\/blog\/wp-content\/uploads\/2024\/07\/der-bergkristall-aus-holz-die-herstellung-der-family-business-award-trophaee-blog-amag-group.jpg\" src=\"#\" alt=\"Der Bergkristall aus Holz: die Herstellung der Family Business Award Troph\u00e4e - Blog der AMAG Group AG\" loading=\"lazy\" class=\"lazyload\">\r\n                            <\/figure>\r\n      <\/div>\r\n    <\/div>\r\n  <\/div>\r\n<\/div>\r\n\n\n\n<h3 class=\"wp-block-heading\">Was ist Ihnen an der Unternehmenskultur besonders wichtig?<\/h3>\n\n\n\n<p>Da gibt es einige wichtige Dinge. Aber etwas, was mir pers\u00f6nlich sehr wichtig ist und wo ich auch sehr darauf achte, ist der respektvolle und faire Umgang untereinander. F\u00fcr mich ist dies das Fundament f\u00fcr eine gute Zusammenarbeit, denn ich mag keine Konflikte, wenn sie emotional werden oder unsachlich und nicht konstruktiv sind und so schlussendlich nicht zu einer L\u00f6sung f\u00fchren. Ein weiterer wichtiger Punkt ist die Philosophie der kontinuierlichen Verbesserung, so dass Ver\u00e4nderungen im Betrieb nicht als H\u00fcrde, sondern als Ver\u00e4nderung zum Besseren wahrgenommen werden.<\/p>\n\n\n\n<h3 class=\"wp-block-heading\">Inwiefern unterscheidet sich die Unternehmenskultur in einem Familienunternehmen von einem Nicht-Familienunternehmen?<\/h3>\n\n\n\n<p>Nach meiner Erfahrung unterscheidet sich das stark im \u00ablangfristigen Denken\u00bb der Unternehmen. Familienunternehmen planen und investieren oft mit langfristigen Absichten und denken schon weit in die Zukunft, so dass auch die nachfolgende Generation eine gute Basis haben wird. Die Rentabilit\u00e4t spielt auch eine grosse Rolle, jedoch muss sie nachhaltig erzielt werden k\u00f6nnen. Nichtfamilienunternehmen orientieren sich eher an kurz- und mittelfristigen Zielen und Resultaten, obschon es da sicher auch Firmen gibt, die langfristig planen.<\/p>\n\n\n\n<p>Ein weiterer Unterschied liegt meiner Meinung nach in der Art und Weise wie gef\u00fchrt wird. Familienunternehmen sind meist oft eher \u00abfamili\u00e4r\u00bb mit den Mitarbeitenden und sind den pflegen einen n\u00e4heren Umgang als beispielsweise in einem Grossunternehmen.<\/p>\n\n\n\n<h3 class=\"wp-block-heading\">Erz\u00e4hlen Sie uns etwas mehr vom letzten Generationenwechsel bei von Rickenbach!<\/h3>\n\n\n\n<p>Mein Vater hat sehr gute Vorarbeit geleistet und mir ein sehr solides Fundament \u00fcbergeben. Auch mit der Nachfolgereglung hat er sich fr\u00fch genug auseinandergesetzt und alles sauber und professionell aufgegleist. Daf\u00fcr bin ich ihm sehr dankbar. Die \u00dcbergabe des Betriebs zog sich aber etwas in die L\u00e4nge, wie das bei Familienunternehmen nicht un\u00fcblich ist. Mein Vater und ich waren uns nicht immer einig in dieser Zeit, konnten aber gl\u00fccklicherweise auch bei Konflikten, mehrheitlich Familie und Gesch\u00e4ft voneinander trennen. Er hat mich dann in der Regel machen lassen, da zu grosse Einschr\u00e4nkungen die Situation f\u00fcr uns nicht verbessert h\u00e4tten. Im Grossen und Ganzen w\u00fcrde ich aber sagen, habe wir das gemeinsam recht gut hingekriegt. Das gute Fundament hat mir in etwas schlechteren Zeiten sehr geholfen und so habe ich die letzten zehn Jahre als Gesch\u00e4ftsf\u00fchrer gemeinsam mit unserem Team, viel Fleiss, Mut und Gl\u00fcck erfolgreich bestritten.&nbsp;<\/p>\n\n\n\n<h3 class=\"wp-block-heading\">Das Familienunternehmen muss nachhaltig gef\u00fchrt, und aufgebaut werden, da es f\u00fcr mehrere Generationen bestehen muss. Sodass auch n\u00e4chste Generationen einen Mehrwert davon haben und es nachhaltig bestehen bleibt. Inwiefern best\u00e4tigen Sie diese These?<\/h3>\n\n\n\n<p>Das kann ich nur best\u00e4tigen, alles andere funktioniert auf Dauer nicht. Ich kann hier auf die Antwort der zweiten Frage verweisen. Es klingt aber auf dem Papier so einfach, ist es aber in Tat und Wahrheit nicht. Es sind viele Puzzleteile, die zum langfristigen Erfolg f\u00fchren. Dazu braucht es wie oben erw\u00e4hnt, Fleiss, Mut und auch Gl\u00fcck sowie eine langfristige Denkweise. Und manchmal funktioniert es auch nicht so wie man es sich das erhofft hat, aber aufgrund der langfristigen Philosophie und aufgebauten Reserven stehen wir nicht sofort mit dem \u00abR\u00fccken zur Wand\u00bb.<\/p>\n\n\n\n<h3 class=\"wp-block-heading\">Zum Herstellungsprozess: Welcher Prozessschritt bei der Troph\u00e4enherstellung liegt Ihnen besonders am Herzen und weshalb?<\/h3>\n\n\n\n<p>Am sch\u00f6nsten ist f\u00fcr mich der Moment, wenn die einzelnen Elemente miteinander verbunden werden und somit aus den einzelnen St\u00e4ben der Kristall entsteht.<\/p>\n\n\n\n<h3 class=\"wp-block-heading\">Wieso ist es Ihnen ein Anliegen Ihren Produktionsprozess nachhaltig zu gestalten?<\/h3>\n\n\n\n<p>Das Prinzip der Nachhaltigkeit begleitet uns das ganze Leben. Im Beruf, aber auch privat, zum Beispiel mit der pers\u00f6nlichen Energie die man hat, oder bei anderen Themen. Meiner Meinung nach k\u00f6nnen viele Dinge nicht langfristig funktionieren, wenn sie nicht nachhaltig gestaltet konzipiert sind. &nbsp;Sei es beim Holz, welches wir in der Produktion einsetzen, bei der Energie, die wir verbrauchen, oder allein schon im Umgang mit den Mitarbeitenden \u2013 wenn hier nicht nachhaltig gehandelt wird, kann kein langfristiger Erfolg bestehen.<\/p>\n\n\n\n<h3 class=\"wp-block-heading\">Welcher Prozessschritt ist nachhaltig, und wie zeichnet sich dieser aus?<\/h3>\n\n\n\n<p><span class=\"TextRun SCXW211517435 BCX8\" lang=\"DE-CH\" xml:lang=\"DE-CH\" data-contrast=\"auto\"><span class=\"NormalTextRun SCXW211517435 BCX8\">Hier am Beispiel des Pokals ist sicher der Einsatz des Holzes typisch f\u00fcr die Nachhaltigkeit. Das Holz, welches wir beziehen, stammt ausschliesslich aus nachhaltig bewirtschafteten W\u00e4ldern. Zudem k\u00f6nnen aufgrund der kleinen Teile<\/span> <span class=\"NormalTextRun SCXW211517435 BCX8\">meistens auch Holzreste verwertet werden, welche <\/span><span class=\"NormalTextRun SCXW211517435 BCX8\">ansonsten<\/span><span class=\"NormalTextRun SCXW211517435 BCX8\"> thermisch in unserem Fernw\u00e4rmenetz eingesetzt werden<\/span><span class=\"NormalTextRun SCXW211517435 BCX8\"> w\u00fcrden<\/span><span class=\"NormalTextRun SCXW211517435 BCX8\">.<\/span><span class=\"NormalTextRun SCXW211517435 BCX8\">\u00a0<\/span><\/span><span class=\"EOP SCXW211517435 BCX8\" data-ccp-props=\"{&quot;201341983&quot;:0,&quot;335559739&quot;:160,&quot;335559740&quot;:259}\">\u00a0<\/span><\/p>\n<p>\u00a0<\/p>\n\n\n<div class=\"youtube-block style3\">\r\n  <iframe title=\"Family Business Award | Herstellung Troph\u00e4e\" width=\"640\" height=\"360\" src=\"https:\/\/www.youtube.com\/embed\/S0q2b67HNq8?feature=oembed\" frameborder=\"0\" allow=\"accelerometer; autoplay; clipboard-write; encrypted-media; gyroscope; picture-in-picture; web-share\" referrerpolicy=\"strict-origin-when-cross-origin\" allowfullscreen><\/iframe><\/div>\r\n\n\n\n<h2 class=\"wp-block-heading\">Die einzelnen Arbeitsschritte erkl\u00e4rt<\/h2>\n\n\n\n<p><strong>Die Auswahl des Holzes<\/strong>: Die Wahl des richtigen Holzes ist entscheidend f\u00fcr die Herstellung der Troph\u00e4e. Dabei wird besonders auf die Struktur des Holzes geachtet, denn nicht jede Holzart eignet sich f\u00fcr jedes Produkt. Die Wahl f\u00fcr die Troph\u00e4e fiel auf europ\u00e4ischen Nussbaum, ein besonders sch\u00f6nfarbiges Laubholz von braungrauer Grundf\u00e4rbung.<\/p>\n\n\n\n<p><strong>Der Holzzuschnitt:<\/strong> Mit einer Langkreiss\u00e4ge wird das europ\u00e4ische Nussbaumholz in die richtige Form gebracht. Durch Abschneiden, Zuschneiden, Aufspalten und Abkanten entstehen gleichm\u00e4ssige St\u00e4be. Die gesamte Herstellung erfolgt in feinster Handarbeit, denn keine Maschine kann die schmalen Zwischenr\u00e4ume herausfr\u00e4sen, ohne dass dabei Risse entstehen.<\/p>\n\n\n\n<p><strong>Aushobeln der Einzelteile:<\/strong> Auf dem Hobel- und Kehlautomat werden die Fl\u00e4chen und Kanten der einzelnen St\u00e4be perfektioniert. Ziel ist es, die St\u00e4be gleichm\u00e4ssig und sch\u00f6n zu hobeln, damit sie sp\u00e4ter alle passgenau zusammengef\u00fcgt werden k\u00f6nnen.<\/p>\n\n\n\n<p><strong>Ansetzten der Winkelschnitte:<\/strong> Bei diesem Arbeitsschritt werden die Spitzen an den Enden der St\u00e4be in verschiedenen Winkeln zugeschnitten. Die neun Teile erhalten durch ihre unterschiedlichen L\u00e4ngen, Durchmesser und Winkelschnitte noch mehr Charakter und Einzigartigkeit.<\/p>\n\n\n\n<figure class=\"wp-block-gallery has-nested-images columns-default is-cropped wp-block-gallery-1 is-layout-flex wp-block-gallery-is-layout-flex\">\n<figure class=\"wp-block-image size-large\"><img decoding=\"async\" width=\"1920\" height=\"1282\" data-id=\"30478\" src=\"https:\/\/www.amag-group.ch\/blog\/wp-content\/uploads\/2024\/07\/DSC02631.jpg\" alt=\"\" class=\"wp-image-30478\" srcset=\"https:\/\/www.amag-group.ch\/blog\/wp-content\/uploads\/2024\/07\/DSC02631.jpg 1920w, https:\/\/www.amag-group.ch\/blog\/wp-content\/uploads\/2024\/07\/DSC02631-620x414.jpg 620w, https:\/\/www.amag-group.ch\/blog\/wp-content\/uploads\/2024\/07\/DSC02631-1536x1026.jpg 1536w, https:\/\/www.amag-group.ch\/blog\/wp-content\/uploads\/2024\/07\/DSC02631-720x480.jpg 720w\" sizes=\"(max-width: 1920px) 100vw, 1920px\" \/><\/figure>\n\n\n\n<figure class=\"wp-block-image size-large\"><img decoding=\"async\" width=\"1920\" height=\"1282\" data-id=\"30481\" src=\"https:\/\/www.amag-group.ch\/blog\/wp-content\/uploads\/2024\/07\/DSC02845.jpg\" alt=\"\" class=\"wp-image-30481\" srcset=\"https:\/\/www.amag-group.ch\/blog\/wp-content\/uploads\/2024\/07\/DSC02845.jpg 1920w, https:\/\/www.amag-group.ch\/blog\/wp-content\/uploads\/2024\/07\/DSC02845-620x414.jpg 620w, https:\/\/www.amag-group.ch\/blog\/wp-content\/uploads\/2024\/07\/DSC02845-1536x1026.jpg 1536w, https:\/\/www.amag-group.ch\/blog\/wp-content\/uploads\/2024\/07\/DSC02845-720x480.jpg 720w\" sizes=\"(max-width: 1920px) 100vw, 1920px\" \/><\/figure>\n\n\n\n<figure class=\"wp-block-image size-large\"><img decoding=\"async\" width=\"1920\" height=\"1282\" data-id=\"30484\" src=\"https:\/\/www.amag-group.ch\/blog\/wp-content\/uploads\/2024\/07\/DSC02973.jpg\" alt=\"\" class=\"wp-image-30484\" srcset=\"https:\/\/www.amag-group.ch\/blog\/wp-content\/uploads\/2024\/07\/DSC02973.jpg 1920w, https:\/\/www.amag-group.ch\/blog\/wp-content\/uploads\/2024\/07\/DSC02973-620x414.jpg 620w, https:\/\/www.amag-group.ch\/blog\/wp-content\/uploads\/2024\/07\/DSC02973-1536x1026.jpg 1536w, https:\/\/www.amag-group.ch\/blog\/wp-content\/uploads\/2024\/07\/DSC02973-720x480.jpg 720w\" sizes=\"(max-width: 1920px) 100vw, 1920px\" \/><\/figure>\n\n\n\n<figure class=\"wp-block-image size-large\"><img decoding=\"async\" width=\"1920\" height=\"1282\" data-id=\"30487\" src=\"https:\/\/www.amag-group.ch\/blog\/wp-content\/uploads\/2024\/07\/DSC03069.jpg\" alt=\"\" class=\"wp-image-30487\" srcset=\"https:\/\/www.amag-group.ch\/blog\/wp-content\/uploads\/2024\/07\/DSC03069.jpg 1920w, https:\/\/www.amag-group.ch\/blog\/wp-content\/uploads\/2024\/07\/DSC03069-620x414.jpg 620w, https:\/\/www.amag-group.ch\/blog\/wp-content\/uploads\/2024\/07\/DSC03069-1536x1026.jpg 1536w, https:\/\/www.amag-group.ch\/blog\/wp-content\/uploads\/2024\/07\/DSC03069-720x480.jpg 720w\" sizes=\"(max-width: 1920px) 100vw, 1920px\" \/><\/figure>\n\n\n\n<figure class=\"wp-block-image size-large\"><img decoding=\"async\" width=\"1920\" height=\"1282\" data-id=\"30490\" src=\"https:\/\/www.amag-group.ch\/blog\/wp-content\/uploads\/2024\/07\/DSC03256.jpg\" alt=\"\" class=\"wp-image-30490\" srcset=\"https:\/\/www.amag-group.ch\/blog\/wp-content\/uploads\/2024\/07\/DSC03256.jpg 1920w, https:\/\/www.amag-group.ch\/blog\/wp-content\/uploads\/2024\/07\/DSC03256-620x414.jpg 620w, https:\/\/www.amag-group.ch\/blog\/wp-content\/uploads\/2024\/07\/DSC03256-1536x1026.jpg 1536w, https:\/\/www.amag-group.ch\/blog\/wp-content\/uploads\/2024\/07\/DSC03256-720x480.jpg 720w\" sizes=\"(max-width: 1920px) 100vw, 1920px\" \/><\/figure>\n\n\n\n<figure class=\"wp-block-image size-large\"><img decoding=\"async\" width=\"1920\" height=\"1282\" data-id=\"30493\" src=\"https:\/\/www.amag-group.ch\/blog\/wp-content\/uploads\/2024\/07\/DSC03442.jpg\" alt=\"\" class=\"wp-image-30493\" srcset=\"https:\/\/www.amag-group.ch\/blog\/wp-content\/uploads\/2024\/07\/DSC03442.jpg 1920w, https:\/\/www.amag-group.ch\/blog\/wp-content\/uploads\/2024\/07\/DSC03442-620x414.jpg 620w, https:\/\/www.amag-group.ch\/blog\/wp-content\/uploads\/2024\/07\/DSC03442-1536x1026.jpg 1536w, https:\/\/www.amag-group.ch\/blog\/wp-content\/uploads\/2024\/07\/DSC03442-720x480.jpg 720w\" sizes=\"(max-width: 1920px) 100vw, 1920px\" \/><\/figure>\n<\/figure>\n\n\n\n<p><strong>Schleifen und \u00d6len:<\/strong> Die St\u00e4be werden mit gr\u00f6sster Sorgfalt von Hand geschliffen, gereinigt und ge\u00f6lt. Dadurch werden die Oberfl\u00e4chen fein und glatt.<\/p>\n\n\n\n<p><strong>Holzkristall verleimen:<\/strong> Mit verschiedenen Leimen, aber unbedingt in der richtigen Reihenfolge, werden die neun verschiedenen St\u00e4be zu einem Kristall zusammengeleimt und zum Trocknen in Schraubzwingen eingespannt. Durch das gefr\u00e4ste Falzprofil an der Unterseite hebt sich der Holzkristall sp\u00e4ter optisch sch\u00f6n vom Sockel ab.<\/p>\n\n\n\n<p><strong>Montage des Steinsockels:<\/strong> Insgesamt dauert die Herstellung des Holzkristalls rund acht bis neun Stunden. Zum Schluss wird der Sockel mit mehreren Kontaktklebern befestigt, auf dem kurz vor der Preisverleihung der jeweilige Gewinner des Family Business Award eingraviert wird \u2013 fertig ist die Family Business Award Troph\u00e4e.<\/p>\n\n\n\n<figure class=\"wp-block-image size-full\"><img decoding=\"async\" width=\"1920\" height=\"1282\" src=\"https:\/\/www.amag-group.ch\/blog\/wp-content\/uploads\/2024\/07\/DSC03553-1.jpg\" alt=\"\" class=\"wp-image-30499\" srcset=\"https:\/\/www.amag-group.ch\/blog\/wp-content\/uploads\/2024\/07\/DSC03553-1.jpg 1920w, https:\/\/www.amag-group.ch\/blog\/wp-content\/uploads\/2024\/07\/DSC03553-1-620x414.jpg 620w, https:\/\/www.amag-group.ch\/blog\/wp-content\/uploads\/2024\/07\/DSC03553-1-1536x1026.jpg 1536w, https:\/\/www.amag-group.ch\/blog\/wp-content\/uploads\/2024\/07\/DSC03553-1-720x480.jpg 720w\" sizes=\"(max-width: 1920px) 100vw, 1920px\" \/><\/figure>\n","protected":false},"excerpt":{"rendered":"<p>Was ist Ihnen an der Unternehmenskultur besonders wichtig? Da gibt es einige wichtige Dinge. Aber etwas, was mir pers\u00f6nlich sehr wichtig ist und wo ich auch sehr darauf achte, ist der respektvolle und faire Umgang untereinander. F\u00fcr mich ist dies das Fundament f\u00fcr eine gute Zusammenarbeit, denn ich mag keine Konflikte, wenn sie emotional werden [&hellip;]<\/p>\n","protected":false},"author":63,"featured_media":30504,"comment_status":"open","ping_status":"open","sticky":true,"template":"","format":"standard","meta":{"_acf_changed":false,"inline_featured_image":false,"footnotes":""},"categories":[1232],"tags":[],"class_list":["post-30464","post","type-post","status-publish","format-standard","has-post-thumbnail","hentry","category-nachhaltigkeit"],"acf":[],"_links":{"self":[{"href":"https:\/\/www.amag-group.ch\/blog\/wp-json\/wp\/v2\/posts\/30464","targetHints":{"allow":["GET"]}}],"collection":[{"href":"https:\/\/www.amag-group.ch\/blog\/wp-json\/wp\/v2\/posts"}],"about":[{"href":"https:\/\/www.amag-group.ch\/blog\/wp-json\/wp\/v2\/types\/post"}],"author":[{"embeddable":true,"href":"https:\/\/www.amag-group.ch\/blog\/wp-json\/wp\/v2\/users\/63"}],"replies":[{"embeddable":true,"href":"https:\/\/www.amag-group.ch\/blog\/wp-json\/wp\/v2\/comments?post=30464"}],"version-history":[{"count":2,"href":"https:\/\/www.amag-group.ch\/blog\/wp-json\/wp\/v2\/posts\/30464\/revisions"}],"predecessor-version":[{"id":30539,"href":"https:\/\/www.amag-group.ch\/blog\/wp-json\/wp\/v2\/posts\/30464\/revisions\/30539"}],"wp:featuredmedia":[{"embeddable":true,"href":"https:\/\/www.amag-group.ch\/blog\/wp-json\/wp\/v2\/media\/30504"}],"wp:attachment":[{"href":"https:\/\/www.amag-group.ch\/blog\/wp-json\/wp\/v2\/media?parent=30464"}],"wp:term":[{"taxonomy":"category","embeddable":true,"href":"https:\/\/www.amag-group.ch\/blog\/wp-json\/wp\/v2\/categories?post=30464"},{"taxonomy":"post_tag","embeddable":true,"href":"https:\/\/www.amag-group.ch\/blog\/wp-json\/wp\/v2\/tags?post=30464"}],"curies":[{"name":"wp","href":"https:\/\/api.w.org\/{rel}","templated":true}]}}