{"id":30244,"date":"2024-06-21T12:03:36","date_gmt":"2024-06-21T10:03:36","guid":{"rendered":"https:\/\/www.amag-group.ch\/blog\/?p=30244"},"modified":"2025-03-21T17:06:36","modified_gmt":"2025-03-21T16:06:36","slug":"its-a-family-affair-aus-der-schweiz-fuer-die-schweiz","status":"publish","type":"post","link":"https:\/\/www.amag-group.ch\/blog\/its-a-family-affair-aus-der-schweiz-fuer-die-schweiz\/","title":{"rendered":"It\u2019s a family affair &#8211; aus der Schweiz f\u00fcr die Schweiz"},"content":{"rendered":"  <div class=\"text-block\">\r\n    <p>Visionen, Erfahrungen, Geschichten: Darum ging es bei der AMAG Breakout Session \u00abAus der Schweiz f\u00fcr die Schweiz\u00bb am Swiss Economic Forum 2024. Das Panel setzte sich zusammen aus Monika Walser, CEO Sede AG \/ deligno AG, Marc Gl\u00e4ser, CEO St\u00f6ckli Swiss Sport AG und Helmut Ruhl, CEO AMAG Group AG. Sie erl\u00e4uterten unter der Moderation von Nik Hartmann, wie Familienunternehmen ihre St\u00e4rken ausspielen und ihre Wettbewerbsf\u00e4higkeit erhalten k\u00f6nnen, auch in einem Umfeld, das von geopolitischen Spannungen, technologischen Umbr\u00fcchen und gesellschaftlichen Ver\u00e4nderungen gepr\u00e4gt ist.<\/p>\n<p>Familienunternehmen sind f\u00fcr die Schweiz von entscheidender Bedeutung. Sie pr\u00e4gen unsere Wirtschaft, unsere Gesellschaft und unsere Kultur. Sie stehen f\u00fcr Werte wie Qualit\u00e4t, Vertrauen, Innovation und Nachhaltigkeit. Sie investieren langfristig in ihre Mitarbeitenden, ihre Produkte und ihre Standorte und sind flexibel, anpassungsf\u00e4hig und krisenfest.<\/p>\n  <\/div>\r\n\r\n<div class=\"about-person type2 full-mob\">\r\n  <div class=\"text-holder\">\r\n          <h3 class=\"h3\">Familienunternehmen in der Schweiz<\/h3>\r\n        <ul style=\"list-style-type: circle;\">\n<li>Rund 90% aller Unternehmen in der Schweiz sind Familienunternehmen.<\/li>\n<li>\u00dcber 3 Millionen Erwerbst\u00e4tige in der Schweiz sind in einem Familienunternehmen besch\u00e4ftigt.<\/li>\n<li>Ungef\u00e4hr 60% des BIP werden von Familienunternehmen beigesteuert.<\/li>\n<li>Rund ein Drittel der b\u00f6rsenkotierten Unternehmen in der Schweiz gelten als Familienunternehmungen.<\/li>\n<\/ul>\n<h6>Quelle: PwC 2023<\/h6>\n  <\/div>\r\n<\/div>\r\n\r\n  <div class=\"text-block\">\r\n    <h2>Die ganze AMAG Breakout Session am Swiss Economic Forum 2024 gibt es hier (Video nur auf Deutsch):<\/h2>\n  <\/div>\r\n\r\n\r\n<p><\/p>\r\n\r\n<div class=\"youtube-block style3\">\r\n  <iframe title=\"AMAG Breakout Session | Swiss Economic Forum 2024: Aus der Schweiz f\u00fcr die Schweiz\" width=\"640\" height=\"360\" src=\"https:\/\/www.youtube.com\/embed\/1S2TiIO9fMo?feature=oembed\" frameborder=\"0\" allow=\"accelerometer; autoplay; clipboard-write; encrypted-media; gyroscope; picture-in-picture; web-share\" referrerpolicy=\"strict-origin-when-cross-origin\" allowfullscreen><\/iframe><\/div>\r\n\r\n\n\n<div class=\"grid-images-wrapper\">\n\n  \n    <h3 class=\"h3\">Impressionen SEF.2024<\/h3>\n\n  \n  \n    <div class=\"grid-zoom-imgs\">\n\n      \n        \n        \n          <a href=\"#\" data-fancybox=\"gallery\" data-src=\"https:\/\/www.amag-group.ch\/blog\/wp-content\/uploads\/2024\/06\/its-a-family-affair-aus-der-schweiz-fuer-die-schweiz-blog-amag-group-3.jpg\">\n\n            <img decoding=\"async\" data-src=\"https:\/\/www.amag-group.ch\/blog\/wp-content\/uploads\/2024\/06\/its-a-family-affair-aus-der-schweiz-fuer-die-schweiz-blog-amag-group-3.jpg\" src=\"#\" alt=\"It\u2019s a family affair - aus der Schweiz f\u00fcr die Schweiz - Blog der AMAG Group AG 2\" loading=\"lazy\" class=\"lazyload\">\n\n          <\/a>\n\n        \n      \n        \n        \n          <a href=\"#\" data-fancybox=\"gallery\" data-src=\"https:\/\/www.amag-group.ch\/blog\/wp-content\/uploads\/2024\/06\/its-a-family-affair-aus-der-schweiz-fuer-die-schweiz-blog-amag-group-5.jpg\">\n\n            <img decoding=\"async\" data-src=\"https:\/\/www.amag-group.ch\/blog\/wp-content\/uploads\/2024\/06\/its-a-family-affair-aus-der-schweiz-fuer-die-schweiz-blog-amag-group-5.jpg\" src=\"#\" alt=\"It\u2019s a family affair - aus der Schweiz f\u00fcr die Schweiz - Blog der AMAG Group AG 4\" loading=\"lazy\" class=\"lazyload\">\n\n          <\/a>\n\n        \n      \n        \n        \n          <a href=\"#\" data-fancybox=\"gallery\" data-src=\"https:\/\/www.amag-group.ch\/blog\/wp-content\/uploads\/2024\/06\/its-a-family-affair-aus-der-schweiz-fuer-die-schweiz-blog-amag-group-8.jpeg\">\n\n            <img decoding=\"async\" data-src=\"https:\/\/www.amag-group.ch\/blog\/wp-content\/uploads\/2024\/06\/its-a-family-affair-aus-der-schweiz-fuer-die-schweiz-blog-amag-group-8.jpeg\" src=\"#\" alt=\"It\u2019s a family affair - aus der Schweiz f\u00fcr die Schweiz - Blog der AMAG Group AG 7\" loading=\"lazy\" class=\"lazyload\">\n\n          <\/a>\n\n        \n      \n        \n        \n          <a href=\"#\" data-fancybox=\"gallery\" data-src=\"https:\/\/www.amag-group.ch\/blog\/wp-content\/uploads\/2024\/06\/its-a-family-affair-aus-der-schweiz-fuer-die-schweiz-blog-amag-group-7.jpg\">\n\n            <img decoding=\"async\" data-src=\"https:\/\/www.amag-group.ch\/blog\/wp-content\/uploads\/2024\/06\/its-a-family-affair-aus-der-schweiz-fuer-die-schweiz-blog-amag-group-7.jpg\" src=\"#\" alt=\"It\u2019s a family affair - aus der Schweiz f\u00fcr die Schweiz - Blog der AMAG Group AG 6\" loading=\"lazy\" class=\"lazyload\">\n\n          <\/a>\n\n        \n      \n        \n        \n          <a href=\"#\" data-fancybox=\"gallery\" data-src=\"https:\/\/www.amag-group.ch\/blog\/wp-content\/uploads\/2024\/06\/its-a-family-affair-aus-der-schweiz-fuer-die-schweiz-blog-amag-group-12.jpg\">\n\n            <img decoding=\"async\" data-src=\"https:\/\/www.amag-group.ch\/blog\/wp-content\/uploads\/2024\/06\/its-a-family-affair-aus-der-schweiz-fuer-die-schweiz-blog-amag-group-12.jpg\" src=\"#\" alt=\"It\u2019s a family affair - aus der Schweiz f\u00fcr die Schweiz - Blog der AMAG Group AG 11\" loading=\"lazy\" class=\"lazyload\">\n\n          <\/a>\n\n        \n      \n        \n        \n          <a href=\"#\" data-fancybox=\"gallery\" data-src=\"https:\/\/www.amag-group.ch\/blog\/wp-content\/uploads\/2024\/06\/its-a-family-affair-aus-der-schweiz-fuer-die-schweiz-blog-amag-group-15.jpg\">\n\n            <img decoding=\"async\" data-src=\"https:\/\/www.amag-group.ch\/blog\/wp-content\/uploads\/2024\/06\/its-a-family-affair-aus-der-schweiz-fuer-die-schweiz-blog-amag-group-15.jpg\" src=\"#\" alt=\"It\u2019s a family affair - aus der Schweiz f\u00fcr die Schweiz - Blog der AMAG Group AG 14\" loading=\"lazy\" class=\"lazyload\">\n\n          <\/a>\n\n        \n      \n        \n        \n          <a href=\"#\" data-fancybox=\"gallery\" data-src=\"https:\/\/www.amag-group.ch\/blog\/wp-content\/uploads\/2024\/06\/its-a-family-affair-aus-der-schweiz-fuer-die-schweiz-blog-amag-group-13.jpg\">\n\n            <img decoding=\"async\" data-src=\"https:\/\/www.amag-group.ch\/blog\/wp-content\/uploads\/2024\/06\/its-a-family-affair-aus-der-schweiz-fuer-die-schweiz-blog-amag-group-13.jpg\" src=\"#\" alt=\"It\u2019s a family affair - aus der Schweiz f\u00fcr die Schweiz - Blog der AMAG Group AG 12\" loading=\"lazy\" class=\"lazyload\">\n\n          <\/a>\n\n        \n      \n        \n        \n          <a href=\"#\" data-fancybox=\"gallery\" data-src=\"https:\/\/www.amag-group.ch\/blog\/wp-content\/uploads\/2024\/06\/its-a-family-affair-aus-der-schweiz-fuer-die-schweiz-blog-amag-group-14.jpg\">\n\n            <img decoding=\"async\" data-src=\"https:\/\/www.amag-group.ch\/blog\/wp-content\/uploads\/2024\/06\/its-a-family-affair-aus-der-schweiz-fuer-die-schweiz-blog-amag-group-14.jpg\" src=\"#\" alt=\"It\u2019s a family affair - aus der Schweiz f\u00fcr die Schweiz - Blog der AMAG Group AG 13\" loading=\"lazy\" class=\"lazyload\">\n\n          <\/a>\n\n        \n      \n        \n        \n          <a href=\"#\" data-fancybox=\"gallery\" data-src=\"https:\/\/www.amag-group.ch\/blog\/wp-content\/uploads\/2024\/06\/its-a-family-affair-aus-der-schweiz-fuer-die-schweiz-blog-amag-group-16.jpg\">\n\n            <img decoding=\"async\" data-src=\"https:\/\/www.amag-group.ch\/blog\/wp-content\/uploads\/2024\/06\/its-a-family-affair-aus-der-schweiz-fuer-die-schweiz-blog-amag-group-16.jpg\" src=\"#\" alt=\"It\u2019s a family affair - aus der Schweiz f\u00fcr die Schweiz - Blog der AMAG Group AG 15\" loading=\"lazy\" class=\"lazyload\">\n\n          <\/a>\n\n        \n      \n        \n        \n          <a href=\"#\" data-fancybox=\"gallery\" data-src=\"https:\/\/www.amag-group.ch\/blog\/wp-content\/uploads\/2024\/06\/its-a-family-affair-aus-der-schweiz-fuer-die-schweiz-blog-amag-group-6.jpg\">\n\n            <img decoding=\"async\" data-src=\"https:\/\/www.amag-group.ch\/blog\/wp-content\/uploads\/2024\/06\/its-a-family-affair-aus-der-schweiz-fuer-die-schweiz-blog-amag-group-6.jpg\" src=\"#\" alt=\"It\u2019s a family affair - aus der Schweiz f\u00fcr die Schweiz - Blog der AMAG Group AG 5\" loading=\"lazy\" class=\"lazyload\">\n\n          <\/a>\n\n        \n      \n        \n        \n          <a href=\"#\" data-fancybox=\"gallery\" data-src=\"https:\/\/www.amag-group.ch\/blog\/wp-content\/uploads\/2024\/06\/its-a-family-affair-aus-der-schweiz-fuer-die-schweiz-blog-amag-group-2.jpg\">\n\n            <img decoding=\"async\" data-src=\"https:\/\/www.amag-group.ch\/blog\/wp-content\/uploads\/2024\/06\/its-a-family-affair-aus-der-schweiz-fuer-die-schweiz-blog-amag-group-2.jpg\" src=\"#\" alt=\"It\u2019s a family affair - aus der Schweiz f\u00fcr die Schweiz - Blog der AMAG Group AG 1\" loading=\"lazy\" class=\"lazyload\">\n\n          <\/a>\n\n        \n      \n        \n        \n          <a href=\"#\" data-fancybox=\"gallery\" data-src=\"https:\/\/www.amag-group.ch\/blog\/wp-content\/uploads\/2024\/06\/its-a-family-affair-aus-der-schweiz-fuer-die-schweiz-blog-amag-group-9.jpeg\">\n\n            <img decoding=\"async\" data-src=\"https:\/\/www.amag-group.ch\/blog\/wp-content\/uploads\/2024\/06\/its-a-family-affair-aus-der-schweiz-fuer-die-schweiz-blog-amag-group-9.jpeg\" src=\"#\" alt=\"It\u2019s a family affair - aus der Schweiz f\u00fcr die Schweiz - Blog der AMAG Group AG 8\" loading=\"lazy\" class=\"lazyload\">\n\n          <\/a>\n\n        \n      \n        \n        \n          <a href=\"#\" data-fancybox=\"gallery\" data-src=\"https:\/\/www.amag-group.ch\/blog\/wp-content\/uploads\/2024\/06\/its-a-family-affair-aus-der-schweiz-fuer-die-schweiz-blog-amag-group-4.jpg\">\n\n            <img decoding=\"async\" data-src=\"https:\/\/www.amag-group.ch\/blog\/wp-content\/uploads\/2024\/06\/its-a-family-affair-aus-der-schweiz-fuer-die-schweiz-blog-amag-group-4.jpg\" src=\"#\" alt=\"It\u2019s a family affair - aus der Schweiz f\u00fcr die Schweiz - Blog der AMAG Group AG 3\" loading=\"lazy\" class=\"lazyload\">\n\n          <\/a>\n\n        \n      \n        \n        \n          <a href=\"#\" data-fancybox=\"gallery\" data-src=\"https:\/\/www.amag-group.ch\/blog\/wp-content\/uploads\/2024\/06\/its-a-family-affair-aus-der-schweiz-fuer-die-schweiz-blog-amag-group-10.jpeg\">\n\n            <img decoding=\"async\" data-src=\"https:\/\/www.amag-group.ch\/blog\/wp-content\/uploads\/2024\/06\/its-a-family-affair-aus-der-schweiz-fuer-die-schweiz-blog-amag-group-10.jpeg\" src=\"#\" alt=\"It\u2019s a family affair - aus der Schweiz f\u00fcr die Schweiz - Blog der AMAG Group AG 9\" loading=\"lazy\" class=\"lazyload\">\n\n          <\/a>\n\n        \n      \n        \n        \n          <a href=\"#\" data-fancybox=\"gallery\" data-src=\"https:\/\/www.amag-group.ch\/blog\/wp-content\/uploads\/2024\/06\/its-a-family-affair-aus-der-schweiz-fuer-die-schweiz-blog-amag-group-17.jpg\">\n\n            <img decoding=\"async\" data-src=\"https:\/\/www.amag-group.ch\/blog\/wp-content\/uploads\/2024\/06\/its-a-family-affair-aus-der-schweiz-fuer-die-schweiz-blog-amag-group-17.jpg\" src=\"#\" alt=\"It\u2019s a family affair - aus der Schweiz f\u00fcr die Schweiz - Blog der AMAG Group AG 16\" loading=\"lazy\" class=\"lazyload\">\n\n          <\/a>\n\n        \n      \n    <\/div>\n\n  \n<\/div>\n\n\r\n<div class=\"about-person type2 full-mob\">\r\n  <div class=\"text-holder\">\r\n          <h3 class=\"h3\">Das Swiss Economic Forum und die AMAG Gruppe<\/h3>\r\n        <p>Das Swiss Economic Forum ist die f\u00fchrende Wirtschaftskonferenz der Schweiz. Seit \u00fcber einem Vierteljahrhundert treffen sich j\u00e4hrlich mehr als 1\u2019000 F\u00fchrungspers\u00f6nlichkeiten aus Wirtschaft, Politik und Wissenschaft in Interlaken zum aktiven Meinungsaustausch und branchen\u00fcbergreifenden Dialog \u2013 mit einem Ziel: die Schweiz gemeinsam in eine erfolgreiche Zukunft zu f\u00fchren. Seit \u00fcber 13 Jahren ist die AMAG stolze Premiumpartnerin des Swiss Economic Forum, eine Zusammenarbeit, die auf gegenseitigem Vertrauen und gemeinsamen Werten beruht.<\/p>\n  <\/div>\r\n<\/div>\r\n","protected":false},"excerpt":{"rendered":"","protected":false},"author":63,"featured_media":30246,"comment_status":"open","ping_status":"open","sticky":false,"template":"","format":"standard","meta":{"_acf_changed":false,"inline_featured_image":false,"footnotes":""},"categories":[1232],"tags":[],"class_list":["post-30244","post","type-post","status-publish","format-standard","has-post-thumbnail","hentry","category-nachhaltigkeit"],"acf":[],"_links":{"self":[{"href":"https:\/\/www.amag-group.ch\/blog\/wp-json\/wp\/v2\/posts\/30244","targetHints":{"allow":["GET"]}}],"collection":[{"href":"https:\/\/www.amag-group.ch\/blog\/wp-json\/wp\/v2\/posts"}],"about":[{"href":"https:\/\/www.amag-group.ch\/blog\/wp-json\/wp\/v2\/types\/post"}],"author":[{"embeddable":true,"href":"https:\/\/www.amag-group.ch\/blog\/wp-json\/wp\/v2\/users\/63"}],"replies":[{"embeddable":true,"href":"https:\/\/www.amag-group.ch\/blog\/wp-json\/wp\/v2\/comments?post=30244"}],"version-history":[{"count":3,"href":"https:\/\/www.amag-group.ch\/blog\/wp-json\/wp\/v2\/posts\/30244\/revisions"}],"predecessor-version":[{"id":30318,"href":"https:\/\/www.amag-group.ch\/blog\/wp-json\/wp\/v2\/posts\/30244\/revisions\/30318"}],"wp:featuredmedia":[{"embeddable":true,"href":"https:\/\/www.amag-group.ch\/blog\/wp-json\/wp\/v2\/media\/30246"}],"wp:attachment":[{"href":"https:\/\/www.amag-group.ch\/blog\/wp-json\/wp\/v2\/media?parent=30244"}],"wp:term":[{"taxonomy":"category","embeddable":true,"href":"https:\/\/www.amag-group.ch\/blog\/wp-json\/wp\/v2\/categories?post=30244"},{"taxonomy":"post_tag","embeddable":true,"href":"https:\/\/www.amag-group.ch\/blog\/wp-json\/wp\/v2\/tags?post=30244"}],"curies":[{"name":"wp","href":"https:\/\/api.w.org\/{rel}","templated":true}]}}