{"id":30196,"date":"2024-05-23T17:22:11","date_gmt":"2024-05-23T15:22:11","guid":{"rendered":"https:\/\/www.amag-group.ch\/blog\/?p=30196"},"modified":"2025-03-21T09:36:25","modified_gmt":"2025-03-21T08:36:25","slug":"leistungssport-und-ausbildung-bei-der-amag-zwei-schweizer-eishockeymeister-zeigen-wie-es-geht","status":"publish","type":"post","link":"https:\/\/www.amag-group.ch\/blog\/leistungssport-und-ausbildung-bei-der-amag-zwei-schweizer-eishockeymeister-zeigen-wie-es-geht\/","title":{"rendered":"Leistungssport und Ausbildung bei der AMAG: zwei Schweizer Eishockeymeister zeigen, wie es geht"},"content":{"rendered":"\r\n<p>Leistungssportler sein und gleichzeitig eine Lehre abschliessen, kann man das \u00fcberhaupt unter einen Hut bringen? Und wie! Siro Schwitter und Mario Stuker absolvieren beide ihre Ausbildung bei der AMAG Gruppe und trainieren gleichzeitig t\u00e4glich f\u00fcr ihren grossen Traum: Eishockey-Profi zu werden.<\/p>\r\n\r\n\r\n<p>Einen wichtigen Erfolg durften die beiden dieses Jahr schon feiern: Siro gewann mit der U20-Elit des EV Zug den Schweizer Meistertitel und Mario mit der U17-Elit der ZSC Lions. Wir haben bei den beiden nachgefragt wie ihr Alltag zwischen Ausbildung und Leistungssport aussieht und was f\u00fcr Parallelen sie zwischen diesen beiden Welten sehen.<\/p>\r\n\r\n\r\n<h4 class=\"wp-block-heading\">Herzliche Gratulation zu eurem Sieg! K\u00f6nnt ihr mir beschreiben, wie ihr euch gef\u00fchlt habt, als ihr den Pokal in den H\u00e4nden halten durftet?<\/h4>\r\n\r\n\r\n<p>Siro: Es war einfach nur sch\u00f6n und eine Erinnerung f\u00fcrs Leben. Ich durfte meinem \u00e4lteren Bruder bei drei Juniorenmeistertiteln zuschauen und jetzt auf der anderen Seite zu stehen und den Pokal selbst zu gewinnen, war einfach grossartig.<\/p>\r\n\r\n\r\n<p>Mario: Ja es war unglaublich. Als das Spiel fertig war, konnte ich es gar nicht realisieren, es war so ein gutes Gef\u00fchl und eine grosse Erleichterung. Wir haben f\u00fcr diesen Sieg die ganze Saison so hart trainiert und dass es sich am Ende dann ausgezahlt hat, ist einfach toll.<\/p>\r\n\r\n\r\n<figure class=\"wp-block-image size-full\"><img decoding=\"async\" width=\"1920\" height=\"1440\" class=\"wp-image-30208\" src=\"https:\/\/www.amag-group.ch\/blog\/wp-content\/uploads\/2024\/05\/leistungssport-und-ausbildung-bei-der-amag-zwei-schweizer-eishockeymeister-zeigen-wie-es-geht-blog-amag-group-2.jpg\" alt=\"Leistungssport und Ausbildung bei der AMAG: zwei Schweizer Eishockeymeister zeigen, wie es geht - Blog der AMAG Group AG 1\" srcset=\"https:\/\/www.amag-group.ch\/blog\/wp-content\/uploads\/2024\/05\/leistungssport-und-ausbildung-bei-der-amag-zwei-schweizer-eishockeymeister-zeigen-wie-es-geht-blog-amag-group-2.jpg 1920w, https:\/\/www.amag-group.ch\/blog\/wp-content\/uploads\/2024\/05\/leistungssport-und-ausbildung-bei-der-amag-zwei-schweizer-eishockeymeister-zeigen-wie-es-geht-blog-amag-group-2-552x414.jpg 552w, https:\/\/www.amag-group.ch\/blog\/wp-content\/uploads\/2024\/05\/leistungssport-und-ausbildung-bei-der-amag-zwei-schweizer-eishockeymeister-zeigen-wie-es-geht-blog-amag-group-2-1536x1152.jpg 1536w\" sizes=\"(max-width: 1920px) 100vw, 1920px\" \/>\r\n<figcaption class=\"wp-element-caption\">Mario Stuker<\/figcaption>\r\n<\/figure>\r\n\r\n\r\n<h4 class=\"wp-block-heading\">So eine sportliche Leistung kommt nicht von allein, sondern braucht viel hartes Training. Wie oft pro Woche steht ihr auf dem Eis?<\/h4>\r\n\r\n\r\n<p>Siro: Wir haben 1-2 Eistrainingseinheiten pro Tag und normalerweise zwei Spiele in der Woche.<\/p>\r\n\r\n\r\n<p>Mario: Das ist immer etwas unterschiedlich, aber wenn wir am Freitag und Sonntag Spiele haben, dann stehe ich 7 bis 8 Mal auf dem Eis und gehe 6 Mal im Kraftraum trainieren.<\/p>\r\n\r\n\r\n<h4 class=\"wp-block-heading\">Wie schafft ihr es eure Ausbildung und das Training unter einen Hut zu bringen?<\/h4>\r\n\r\n\r\n<p>Siro: Ich bin enorm dankbar f\u00fcr das Ausbildungskonzept des OYM College. Der flexible und perfekt geplante Stundenplan in den drei Schuljahren erm\u00f6glichten es mir eine Balance zwischen Ausbildung und Leistungssport zu finden. Nat\u00fcrlich geh\u00f6rt auch die AMAG dazu, welche mich in meinem momentanen Praktikumsjahr optimal unterst\u00fctzt.<\/p>\r\n\r\n\r\n<p>Mario: Am Anfang war es etwas schwierig und ich musste mich dran gew\u00f6hnen mit den Arbeitszeiten etc., aber mittlerweile ist es f\u00fcr mich kein Problem mehr. Hierbei muss ich aber auch dem Berufsbildner Team danken, die mich seit dem Beginn meiner Lehre unterst\u00fctzt haben. Ohne sie w\u00e4re es definitiv nicht m\u00f6glich, die Ausbildung und den Sport unter einen Hut zu bringen.<\/p>\r\n\r\n\r\n<h4 class=\"wp-block-heading\">Siro, du hast bereits erw\u00e4hnt, dass du Teil des OYM College bist. Kannst du mir beschreiben, wie dein Alltag am OYM College aussieht und wie die Zeit zwischen dem Training und der Lehre bei der AMAG aufgeteilt ist?<\/h4>\r\n\r\n\r\n<p>Siro: Mein momentaner Alltag in meinem Praktikumsjahr beginnt jeweils um 6 Uhr morgens. Ich mache mich auf den Weg zur AMAG und arbeite dort t\u00e4glich jeweils am Vormittag. Danach gehe ich ins OYM und esse mit meinen Mitspielern zu Mittag. Anschliessend haben wir meistens zwei Eistrainingseinheiten (45 Minuten Skilltraining + 75 Minuten Teamtraining). F\u00fcr uns Absolventen im vierten Lehrjahr folgt noch zus\u00e4tzlich ein Off-Ice Training. Um circa 18 bis 19 Uhr mache ich mich mit der \u00d6V auf den Heimweg und bin dann etwa um 20 Uhr zuhause. Am n\u00e4chsten Tag f\u00e4ngt der Kreislauf dann von neuem an.<\/p>\r\n\r\n\r\n<figure class=\"wp-block-image size-full\"><img decoding=\"async\" width=\"1171\" height=\"769\" class=\"wp-image-30205\" src=\"https:\/\/www.amag-group.ch\/blog\/wp-content\/uploads\/2024\/05\/leistungssport-und-ausbildung-bei-der-amag-zwei-schweizer-eishockeymeister-zeigen-wie-es-geht-blog-amag-group.png\" alt=\"Leistungssport und Ausbildung bei der AMAG: zwei Schweizer Eishockeymeister zeigen, wie es geht - Blog der AMAG Group AG\" srcset=\"https:\/\/www.amag-group.ch\/blog\/wp-content\/uploads\/2024\/05\/leistungssport-und-ausbildung-bei-der-amag-zwei-schweizer-eishockeymeister-zeigen-wie-es-geht-blog-amag-group.png 1171w, https:\/\/www.amag-group.ch\/blog\/wp-content\/uploads\/2024\/05\/leistungssport-und-ausbildung-bei-der-amag-zwei-schweizer-eishockeymeister-zeigen-wie-es-geht-blog-amag-group-620x407.png 620w\" sizes=\"(max-width: 1171px) 100vw, 1171px\" \/>\r\n<figcaption class=\"wp-element-caption\">Siro Schwitter<\/figcaption>\r\n<\/figure>\r\n\r\n\r\n<h4 class=\"wp-block-heading\">Seht ihr Parallelen zwischen dem Sport und der Arbeit, beziehungsweise wie kann euch der Sport dabei helfen gut bei der Arbeit zu sein?<\/h4>\r\n\r\n\r\n<p>Siro: Nat\u00fcrlich gibt es f\u00fcr mich Parallelen zwischen meinen beiden Ausbildungspl\u00e4tzen. Die Teamarbeit ist an beiden Orten ausschlaggebend f\u00fcr das Endprodukt. Die t\u00e4gliche Disziplin und Leistungsbereitschaft im Sport kommen mir dabei sicherlich auch in der Arbeitswelt zugute.<\/p>\r\n\r\n\r\n<p>Mario: Ich denke, dass ich durch meine Lehre eine gewisse Disziplin aufgebaut habe, da ich gr\u00f6ssenteilts selbst\u00e4ndig arbeite und mich eigenst\u00e4ndig organisiere. Diese F\u00e4higkeit hilft mir dann auch im Sport.<\/p>\r\n\r\n\r\n<h4 class=\"wp-block-heading\">Wie haben eure Mitarbeitenden auf euren sportlichen Erfolg reagiert?<\/h4>\r\n\r\n\r\n<p>Siro: Ich habe viele Gl\u00fcckw\u00fcnsche erhalten und schon vor dem Final ist der Weg in die Playoffs mit grossem Interesse verfolgt worden. Das macht mich nat\u00fcrlich stolz und ich sch\u00e4tze diese Unterst\u00fctzung sehr.<\/p>\r\n\r\n\r\n<p>Mario: Sie haben mir gratuliert, aber wie ich schon erw\u00e4hnt habe, w\u00e4re das Ganze ohne ihre Unterst\u00fctzung gar nicht m\u00f6glich gewesen. Diesen Erfolg verdanke ich also auch zu einem guten St\u00fcck der AMAG. \u00a0<\/p>\r\n\r\n\r\n<h4 class=\"wp-block-heading\">Einen Titel zu gewinnen, macht Lust auf mehr, oder? Was sind eure sportlichen Ziele f\u00fcr die Zukunft?<\/h4>\r\n\r\n\r\n<p>Siro: F\u00fcr die kommende Saison ist es sicher das Ziel den Titel verteidigen zu k\u00f6nnen und als Leader dem Team zu helfen. Pers\u00f6nlich m\u00f6chte ich mich kontinuierlich verbessern und so eine erfolgreiche letzte Saison in der Juniorenabteilung des EVZ zu verbringen. In Zukunft will ich den Sprung zu den Profis schaffen, um so meine Leidenschaft zum Beruf machen zu k\u00f6nnen. Da ist mein grosser Traum.<\/p>\r\n\r\n\r\n<p>Mario: Beruflich will ich so weitermachen wie bisher, also mein drittes Lehrjahr bei der mobilog AG erfolgreich abschliessen. Und im Eishockey bin ich jetzt auf U20 Stufe und meine Ziele sind es mich selbst weiterzuentwickeln, ein besserer Eishockeyspieler zu werden und nat\u00fcrlich noch mehr Titel zu gewinnen.<\/p>\r\n\r\n\r\n<h4 class=\"wp-block-heading\">Wir w\u00fcrdet ihr euch selbst in einem Satz beschreiben?<\/h4>\r\n\r\n\r\n<p>Siro: Ich bin sehr aufgestellt, zuverl\u00e4ssig, fokussiert auf meine Ziele und immer offen f\u00fcr Neues. Zudem sind mir meine Familie und Mitmenschen und die Wertsch\u00e4tzung f\u00fcr meine Leistungen sehr wichtig.<\/p>\r\n\r\n\r\n<p>Mario: Ich bin sehr ehrgeizig und ein Teamplayer.<\/p>\r\n\r\n\r\n<h4 class=\"wp-block-heading\">Nun die wichtigste Frage zum Schluss: wer ist euer Lieblings-Eishockeyspieler of all times?<\/h4>\r\n\r\n\r\n<p>Siro: Mein Lieblingsspieler ist Pavel Datsyuk, der f\u00fcr die Detroit Red Wings spielte.<\/p>\r\n\r\n\r\n<p>Mario: Mein Idol ist Roman Josi.<\/p>\r\n\r\n\r\n<h4 class=\"wp-block-heading\">Vielen Dank f\u00fcr das Interview und eure spannenden Antworten. Wir w\u00fcnschen euch beiden beruflich, wie auch sportlich, nur das Beste f\u00fcr die Zukunft.<\/h4>\r\n","protected":false},"excerpt":{"rendered":"<p>Leistungssportler sein und gleichzeitig eine Lehre abschliessen, kann man das \u00fcberhaupt unter einen Hut bringen? Und wie! Siro Schwitter und Mario Stuker absolvieren beide ihre Ausbildung bei der AMAG Gruppe und trainieren gleichzeitig t\u00e4glich f\u00fcr ihren grossen Traum: Eishockey-Profi zu werden. Einen wichtigen Erfolg durften die beiden dieses Jahr schon feiern: Siro gewann mit der [&hellip;]<\/p>\n","protected":false},"author":100,"featured_media":30205,"comment_status":"open","ping_status":"open","sticky":false,"template":"","format":"standard","meta":{"_acf_changed":false,"inline_featured_image":false,"footnotes":""},"categories":[9816],"tags":[],"class_list":["post-30196","post","type-post","status-publish","format-standard","has-post-thumbnail","hentry","category-next-generation"],"acf":[],"_links":{"self":[{"href":"https:\/\/www.amag-group.ch\/blog\/wp-json\/wp\/v2\/posts\/30196","targetHints":{"allow":["GET"]}}],"collection":[{"href":"https:\/\/www.amag-group.ch\/blog\/wp-json\/wp\/v2\/posts"}],"about":[{"href":"https:\/\/www.amag-group.ch\/blog\/wp-json\/wp\/v2\/types\/post"}],"author":[{"embeddable":true,"href":"https:\/\/www.amag-group.ch\/blog\/wp-json\/wp\/v2\/users\/100"}],"replies":[{"embeddable":true,"href":"https:\/\/www.amag-group.ch\/blog\/wp-json\/wp\/v2\/comments?post=30196"}],"version-history":[{"count":3,"href":"https:\/\/www.amag-group.ch\/blog\/wp-json\/wp\/v2\/posts\/30196\/revisions"}],"predecessor-version":[{"id":30220,"href":"https:\/\/www.amag-group.ch\/blog\/wp-json\/wp\/v2\/posts\/30196\/revisions\/30220"}],"wp:featuredmedia":[{"embeddable":true,"href":"https:\/\/www.amag-group.ch\/blog\/wp-json\/wp\/v2\/media\/30205"}],"wp:attachment":[{"href":"https:\/\/www.amag-group.ch\/blog\/wp-json\/wp\/v2\/media?parent=30196"}],"wp:term":[{"taxonomy":"category","embeddable":true,"href":"https:\/\/www.amag-group.ch\/blog\/wp-json\/wp\/v2\/categories?post=30196"},{"taxonomy":"post_tag","embeddable":true,"href":"https:\/\/www.amag-group.ch\/blog\/wp-json\/wp\/v2\/tags?post=30196"}],"curies":[{"name":"wp","href":"https:\/\/api.w.org\/{rel}","templated":true}]}}