{"id":29884,"date":"2023-12-22T16:40:28","date_gmt":"2023-12-22T15:40:28","guid":{"rendered":"https:\/\/www.amag-group.ch\/blog\/?p=29884"},"modified":"2025-03-06T16:50:07","modified_gmt":"2025-03-06T15:50:07","slug":"die-sechs-gaengigsten-mythen-ueber-elektroautos","status":"publish","type":"post","link":"https:\/\/www.amag-group.ch\/blog\/die-sechs-gaengigsten-mythen-ueber-elektroautos\/","title":{"rendered":"Die sechs g\u00e4ngigsten Mythen \u00fcber Elektroautos"},"content":{"rendered":"\r\n<p>Elektrofahrzeuge pr\u00e4gen vermehrt das Schweizer Strassenbild, doch das Thema Elektromobilit\u00e4t\/ E-Mobilit\u00e4t ist immer noch mit vielen Mythen und Vorurteilen behaftet, die oft auf veralteten oder falschen Informationen beruhen. Wir r\u00e4umen auf mit diesen Falschinformationen und widerlegen die sechs g\u00e4ngigsten Mythen.<\/p>\r\n\r\n\r\n<h2 class=\"wp-block-heading\">Mythos 1: Elektroautos sind teuer<\/h2>\r\n\r\n\r\n<p>Dieser Mythos stimmt nur teilweise. Elektroautos sind zwar in der Anschaffung teurer als vergleichbare Verbrenner, aber daf\u00fcr g\u00fcnstiger im Unterhalt, im Verbrauch und in der Wartung. Zudem sinken die Preise der Batterien stetig, was die Anschaffungskosten senkt.<a href=\"https:\/\/www.isi.fraunhofer.de\/de\/presse\/2023\/presseinfo-04-elektroauto-versus-Verbrenner-Kostenanalyse.html\">\u00a0Laut einer Studie des Fraunhofer Instituts aus dem Jahr 2023 erreichen Elektroautos der Mittelklasse bereits nach drei Jahren den Punkt der Kostengleichheit mit Mittelklasse-Verbrennern.<\/a> Nutzer und Nutzerinnen von Elektrofahrzeugen, die ihr Auto mit selbst produziertem Photovoltaikstrom laden, sparen zus\u00e4tzlich Geld.<\/p>\r\n\r\n\r\n<h2 class=\"wp-block-heading\">Mythos 2: Elektroautos haben zu geringe Reichweiten<\/h2>\r\n\r\n\r\n<p>Dieser Mythos ist ebenfalls \u00fcberholt. Die meisten Elektroautos haben heute eine Reichweite von \u00fcber 300 Kilometern, was f\u00fcr den durchschnittlichen Fahrbedarf mehr als ausreichend ist. Zudem steigt die Reichweite mit jeder neuen Generation von Batterien und Fahrzeugen.\u00a0<a href=\"https:\/\/www.volkswagen.ch\/de\/modelle\/id4.html\/__layer\/carfeatures\/features\/models\/id_4\/usp\/leistung---reichweite\/master.layer\">Die neuste Generation der E-Autos, wie der ID.4 von Volkswagen, erreicht sogar Reichweiten von bis zu 520 Kilometern.<\/a><\/p>\r\n\r\n\r\n<figure class=\"wp-block-image size-full\"><img decoding=\"async\" width=\"2000\" height=\"1334\" class=\"wp-image-29835\" src=\"https:\/\/www.amag-group.ch\/blog\/wp-content\/uploads\/2023\/11\/elettromobilita-e-auto-elettriche-come-funzionano-e-cosa-le-contraddistingue-blog-amag-group.jpg\" alt=\"Elettromobilit\u00e0 e auto elettriche: come funzionano e cosa le contraddistingue - Blog der AMAG Group AG\" srcset=\"https:\/\/www.amag-group.ch\/blog\/wp-content\/uploads\/2023\/11\/elettromobilita-e-auto-elettriche-come-funzionano-e-cosa-le-contraddistingue-blog-amag-group.jpg 2000w, https:\/\/www.amag-group.ch\/blog\/wp-content\/uploads\/2023\/11\/elettromobilita-e-auto-elettriche-come-funzionano-e-cosa-le-contraddistingue-blog-amag-group-620x414.jpg 620w, https:\/\/www.amag-group.ch\/blog\/wp-content\/uploads\/2023\/11\/elettromobilita-e-auto-elettriche-come-funzionano-e-cosa-le-contraddistingue-blog-amag-group-1536x1025.jpg 1536w, https:\/\/www.amag-group.ch\/blog\/wp-content\/uploads\/2023\/11\/elettromobilita-e-auto-elettriche-come-funzionano-e-cosa-le-contraddistingue-blog-amag-group-720x480.jpg 720w\" sizes=\"(max-width: 2000px) 100vw, 2000px\" \/><\/figure>\r\n\r\n\r\n<h2 class=\"wp-block-heading\">Mythos 3: Elektroautos sind nicht nachhaltig<\/h2>\r\n\r\n\r\n<p>Dieser Mythos ist falsch. Elektroautos haben eine deutlich bessere \u00d6kobilanz als Verbrenner, sowohl in Bezug auf den CO2-Ausstoss als auch auf den Ressourcenverbrauch.\u00a0<a href=\"https:\/\/www.tcs.ch\/de\/testberichte-ratgeber\/ratgeber\/elektromobilitaet\/faq-elektromobilitaet.php\">Gem\u00e4ss dem Touring Club Schweiz produziert ein durchschnittliches Elektroauto bei einer angenommenen Lebensfahrleistung von 200&#8217;000 Kilometern rund 30 Tonnen an Treibhausgasen.<\/a> Ein Benziner kommt, von der Produktion bis zur Entsorgung, auf mehr als doppelt so hohe Emissionen. Insbesondere in der Schweiz stammt der Strom aus emissionsarmer Produktion, wie etwa Wasser- und Kernkraftwerken, was die CO2-Bilnaz von E-Autos deutlich erh\u00f6ht. Noch nachhaltiger wird es mit einer Photovoltaikanlage auf dem eigenen Dach.<\/p>\r\n\r\n\r\n<h2 class=\"wp-block-heading\">Mythos 4: Elektroautos haben zu lange Ladezeiten<\/h2>\r\n\r\n\r\n<p>Dieser Mythos ist irref\u00fchrend. Das Laden eines Elektroautos kann nicht mit dem Tanken eines Verbrenners verglichen werden, da das Elektroauto meistens geladen wird, wenn es ohnehin l\u00e4ngere Zeit steht, z.B. zu Hause oder am Arbeitsplatz. Doch wie lange dauert es effektiv ein Elektroauto aufzuladen? An einer Schnellladestation kann das Elektroauto f\u00fcr eine Strecke von 100 Kilometern in ca. 10 Minuten geladen werden, was f\u00fcr l\u00e4ngere Fahrten ausreicht.\u00a0<\/p>\r\n\r\n\r\n<h2 class=\"wp-block-heading\">Mythos 5: Elektroautos haben nicht gen\u00fcgend \u00f6ffentliche Ladestationen<\/h2>\r\n\r\n\r\n<p>Auch dieser Mythos ist unbegr\u00fcndet.\u00a0<a href=\"https:\/\/www.energieschweiz.ch\/tools\/ladeinfrastruktur-schweiz\/\">Die Anzahl der \u00f6ffentlichen und teil\u00f6ffentlichen Ladepunkte in der Schweiz ist in den letzten Jahren stark gestiegen und liegt aktuell bei rund 9100<\/a>. Zudem gibt es verschiedene Anbieter und Initiativen, die den Ausbau des Ladenetzes f\u00f6rdern und vereinfachen. <a href=\"https:\/\/www.amag.ch\/de\/auto-finden\/autos-bei-amag-haendler\/e-mobilitaet\/services\/ladestation.html\">Auch die AMAG Gruppe installiert an vielen ihrer Standorte Schnellladestationen, die auch der breiten \u00d6ffentlichkeit zur Verf\u00fcgung stehen<\/a>. Dar\u00fcber hinaus werden die meisten Elektroautos sowieso in der eigenen Garage aufgeladen, oder auf dem Gesch\u00e4ftsparkplatz.<\/p>\r\n\r\n\r\n<figure class=\"wp-block-image size-full\"><img decoding=\"async\" width=\"2000\" height=\"1334\" class=\"wp-image-29890\" src=\"https:\/\/www.amag-group.ch\/blog\/wp-content\/uploads\/2023\/12\/AMAG-Elektromobilitat-2021_16.jpg\" alt=\"\" srcset=\"https:\/\/www.amag-group.ch\/blog\/wp-content\/uploads\/2023\/12\/AMAG-Elektromobilitat-2021_16.jpg 2000w, https:\/\/www.amag-group.ch\/blog\/wp-content\/uploads\/2023\/12\/AMAG-Elektromobilitat-2021_16-620x414.jpg 620w, https:\/\/www.amag-group.ch\/blog\/wp-content\/uploads\/2023\/12\/AMAG-Elektromobilitat-2021_16-1536x1025.jpg 1536w, https:\/\/www.amag-group.ch\/blog\/wp-content\/uploads\/2023\/12\/AMAG-Elektromobilitat-2021_16-720x480.jpg 720w\" sizes=\"(max-width: 2000px) 100vw, 2000px\" \/><\/figure>\r\n\r\n\r\n<h2 class=\"wp-block-heading\">Mythos 6: Elektroautos sind unausgereift, unzuverl\u00e4ssig und gef\u00e4hrlich<\/h2>\r\n\r\n\r\n<p>Dieser Mythos ist unbewiesen. Elektroautos sind technisch ausgereift und zuverl\u00e4ssig, was sich in den langen Garantien der Hersteller widerspiegelt. Die Sicherheit der Elektroautos ist mindestens gleichwertig, wenn nicht sogar h\u00f6her als die der Verbrenner, da sie weniger anf\u00e4llig f\u00fcr Br\u00e4nde, Explosionen oder andere Sch\u00e4den sind.\u00a0<a href=\"https:\/\/www.allianz.de\/auto\/kfz-versicherung\/elektroauto-versicherung\/elektroauto-betrieb\/sicherheit\/#:~:text=Wie%20sicher%20sind%20Elektroautos%3F%201%20Die%20Sicherheit%20von,mani%C2%ADpulieren%20und%20auf%20Ihre%20Kosten%20Strom%20tanken.%20\">Auch Crashtests belegen die hohen Sicherheitsstandards von Elektroautos<\/a>.<\/p>\r\n","protected":false},"excerpt":{"rendered":"<p>Elektrofahrzeuge pr\u00e4gen vermehrt das Schweizer Strassenbild, doch das Thema Elektromobilit\u00e4t\/ E-Mobilit\u00e4t ist immer noch mit vielen Mythen und Vorurteilen behaftet, die oft auf veralteten oder falschen Informationen beruhen. Wir r\u00e4umen auf mit diesen Falschinformationen und widerlegen die sechs g\u00e4ngigsten Mythen. Mythos 1: Elektroautos sind teuer Dieser Mythos stimmt nur teilweise. Elektroautos sind zwar in der [&hellip;]<\/p>\n","protected":false},"author":100,"featured_media":29885,"comment_status":"open","ping_status":"open","sticky":false,"template":"","format":"standard","meta":{"_acf_changed":false,"inline_featured_image":false,"footnotes":""},"categories":[9960],"tags":[],"class_list":["post-29884","post","type-post","status-publish","format-standard","has-post-thumbnail","hentry","category-moebilitaet-der-zukunft"],"acf":[],"_links":{"self":[{"href":"https:\/\/www.amag-group.ch\/blog\/wp-json\/wp\/v2\/posts\/29884","targetHints":{"allow":["GET"]}}],"collection":[{"href":"https:\/\/www.amag-group.ch\/blog\/wp-json\/wp\/v2\/posts"}],"about":[{"href":"https:\/\/www.amag-group.ch\/blog\/wp-json\/wp\/v2\/types\/post"}],"author":[{"embeddable":true,"href":"https:\/\/www.amag-group.ch\/blog\/wp-json\/wp\/v2\/users\/100"}],"replies":[{"embeddable":true,"href":"https:\/\/www.amag-group.ch\/blog\/wp-json\/wp\/v2\/comments?post=29884"}],"version-history":[{"count":3,"href":"https:\/\/www.amag-group.ch\/blog\/wp-json\/wp\/v2\/posts\/29884\/revisions"}],"predecessor-version":[{"id":29897,"href":"https:\/\/www.amag-group.ch\/blog\/wp-json\/wp\/v2\/posts\/29884\/revisions\/29897"}],"wp:featuredmedia":[{"embeddable":true,"href":"https:\/\/www.amag-group.ch\/blog\/wp-json\/wp\/v2\/media\/29885"}],"wp:attachment":[{"href":"https:\/\/www.amag-group.ch\/blog\/wp-json\/wp\/v2\/media?parent=29884"}],"wp:term":[{"taxonomy":"category","embeddable":true,"href":"https:\/\/www.amag-group.ch\/blog\/wp-json\/wp\/v2\/categories?post=29884"},{"taxonomy":"post_tag","embeddable":true,"href":"https:\/\/www.amag-group.ch\/blog\/wp-json\/wp\/v2\/tags?post=29884"}],"curies":[{"name":"wp","href":"https:\/\/api.w.org\/{rel}","templated":true}]}}