{"id":29380,"date":"2023-06-15T14:53:23","date_gmt":"2023-06-15T12:53:23","guid":{"rendered":"https:\/\/www.amag-group.ch\/blog\/?p=29380"},"modified":"2025-03-21T13:52:10","modified_gmt":"2025-03-21T12:52:10","slug":"sonderausstellung-75-jahre-volkswagen-ein-auto-strauss-voller-erinnerungen","status":"publish","type":"post","link":"https:\/\/www.amag-group.ch\/blog\/sonderausstellung-75-jahre-volkswagen-ein-auto-strauss-voller-erinnerungen\/","title":{"rendered":"Sonderausstellung 75 Jahre Volkswagen \u2013 Ein Auto-Strauss voller Erinnerungen"},"content":{"rendered":"<p><\/p>\r\n<p>  <div class=\"text-block\">\r\n    <p>Volkswagen spielt im Leben der Familie Brunner-Burkart seit jeher eine grosse Rolle. Besonders f\u00fcr Mutter Nicole (47), deren Eltern fr\u00fcher die VW-Audi-Garage in Sursee f\u00fchrten, die heutige AMAG Sursee. Vater Benno (55) stieg nach der Heirat ebenfalls in den Betrieb ein und ist inzwischen Director Sales bei AMAG Retail. Dass sich da die Leidenschaft f\u00fcr Autos im Allgemeinen und VW im Speziellen auch auf die drei Kinder \u00fcbertragen hat, ist selbstverst\u00e4ndlich. Und so war es keine Frage, dass sie gleich am Er\u00f6ffnungstag gemeinsam die Sonderausstellung \u00ab75 Jahre Volkswagen in der Schweiz\u00bb im Verkehrshaus Luzern besuchen.\u00a0<\/p>\n<p>Bereits das erste Fahrzeug in der Ausstellung ruft bei den Eltern Erinnerungen wach: \u00abIn einem K\u00e4fer haben wir geheiratet\u00bb, erkl\u00e4rt Nicole ihren Kindern beim Betrachten des Exemplars mit Jahrgang 1948. Zwei Fahrzeuge weiter in der Reihe, beim Golf GTI II, wird Benno in seine Jugend zur\u00fcckversetzt: \u00abSo einer war mein erstes eigenes Auto.\u00bb\u00a0<\/p>\n  <\/div>\r\n<\/p>\r\n<p><\/p>\r\n<figure class=\"wp-block-gallery has-nested-images columns-default is-cropped wp-block-gallery-1 is-layout-flex wp-block-gallery-is-layout-flex\">\r\n<figure class=\"wp-block-image size-large\"><img decoding=\"async\" width=\"1920\" height=\"1280\" data-id=\"29384\" class=\"wp-image-29384\" src=\"https:\/\/www.amag-group.ch\/blog\/wp-content\/uploads\/2023\/06\/Jubilaeumskarawane-2023-1291\u2014F2k.jpg\" alt=\"\" srcset=\"https:\/\/www.amag-group.ch\/blog\/wp-content\/uploads\/2023\/06\/Jubilaeumskarawane-2023-1291\u2014F2k.jpg 1920w, https:\/\/www.amag-group.ch\/blog\/wp-content\/uploads\/2023\/06\/Jubilaeumskarawane-2023-1291\u2014F2k-620x414.jpg 620w, https:\/\/www.amag-group.ch\/blog\/wp-content\/uploads\/2023\/06\/Jubilaeumskarawane-2023-1291\u2014F2k-1536x1024.jpg 1536w, https:\/\/www.amag-group.ch\/blog\/wp-content\/uploads\/2023\/06\/Jubilaeumskarawane-2023-1291\u2014F2k-720x480.jpg 720w\" sizes=\"(max-width: 1920px) 100vw, 1920px\" \/>\r\n<figcaption class=\"wp-element-caption\">Kunde: Volkswagen Schweiz<br \/>\r\nAgentur: BRO<br \/>\r\nFotograf: Christof Ren\u00e9 Schmidt<br \/>\r\nVerwendung: Presse, Teilnehmer<br \/>\r\nRedakteur: Reto Neyerlin<br \/>\r\nLocation: Schinznach-Bad, Willisau, Luzern<br \/>\r\nJahr: 2023<\/figcaption>\r\n<\/figure>\r\n<p><\/p>\r\n<\/figure>\r\n<p><\/p>\r\n<p>  <div class=\"text-block\">\r\n    <p>Die einzigartige Autoschau, deren permanenter Teil den ersten Stock in der Halle \u00abStrassenverkehr\u00bb belegt, zeigt die ganze Bandbreite der 75-j\u00e4hrigen Importgeschichte: Vom \u00abBrezelk\u00e4fer\u00bb, der zu den ersten Volkswagen \u00fcberhaupt geh\u00f6rte, die nach Unterzeichnung des Importvertrags am 29. April 1948 ihren Weg in die Schweiz fanden. \u00dcber den raren VW Iltis, einem Allradfahrzeug, das im Auftrag der Deutschen Bundeswehr entwickelt und auch von der Schweizer Armee getestet wurde. Bis hin zum futuristischen XL1, dem nur zweihundert Mal produzierten Ein-Liter-Auto von Volkswagen. \u00abSpeziell an diesem XL1 ist zudem, dass er einige Jahre von AMAG Besitzer Martin Haefner h\u00f6chstpers\u00f6nlich gefahren wurde\u00bb, weiss Benno zu erz\u00e4hlen.<\/p>\n<p>Unterdessen sind Etienne (19), Jill (17) und Julian (13) bei der n\u00e4chsten Rarit\u00e4t angekommen: Der silberne New Beetle RSi ist ein auf 250 Exemplare limitiertes und auf Rennlook getrimmtes Sondermodell der K\u00e4fer-Neuauflage, das 2001 stattliche 120 000 Franken gekostet hat. \u00abDas ist das coolste Auto der Ausstellung\u00bb, zeigt sich Julian begeistert.<\/p>\n  <\/div>\r\n<\/p>\r\n<p>  <div class=\"img-two-cols\">\r\n    <div class=\"row\">\r\n              <div class=\"col-lg-6\">\r\n          <figure class=\"alignnone\">\r\n                                      <img decoding=\"async\" data-src=\"https:\/\/www.amag-group.ch\/blog\/wp-content\/uploads\/2023\/06\/J-23-AMA-BRO-0427-0010\u2014FJPG-1.jpg\" src=\"#\" alt=\"Sonderausstellung 75 Jahre Volkswagen \u2013 Ein Auto-Strauss voller Erinnerungen - Blog der AMAG Group AG 3\" loading=\"lazy\" class=\"lazyload\">\r\n                                              <\/figure>\r\n        <\/div>\r\n              <div class=\"col-lg-6\">\r\n          <figure class=\"alignnone\">\r\n                                      <img decoding=\"async\" data-src=\"https:\/\/www.amag-group.ch\/blog\/wp-content\/uploads\/2023\/06\/sonderausstellung-75-jahre-volkswagen-ein-auto-strauss-voller-erinnerungen-blog-amag-group1.jpg\" src=\"#\" alt=\"Sonderausstellung 75 Jahre Volkswagen \u2013 Ein Auto-Strauss voller Erinnerungen - Blog der AMAG Group AG\" loading=\"lazy\" class=\"lazyload\">\r\n                                              <\/figure>\r\n        <\/div>\r\n              <div class=\"col-lg-6\">\r\n          <figure class=\"alignnone\">\r\n                                      <img decoding=\"async\" data-src=\"https:\/\/www.amag-group.ch\/blog\/wp-content\/uploads\/2023\/06\/sonderausstellung-75-jahre-volkswagen-ein-auto-strauss-voller-erinnerungen-blog-amag-group-2.jpg\" src=\"#\" alt=\"Sonderausstellung 75 Jahre Volkswagen \u2013 Ein Auto-Strauss voller Erinnerungen - Blog der AMAG Group AG 1\" loading=\"lazy\" class=\"lazyload\">\r\n                                              <\/figure>\r\n        <\/div>\r\n              <div class=\"col-lg-6\">\r\n          <figure class=\"alignnone\">\r\n                                      <img decoding=\"async\" data-src=\"https:\/\/www.amag-group.ch\/blog\/wp-content\/uploads\/2023\/06\/sonderausstellung-75-jahre-volkswagen-ein-auto-strauss-voller-erinnerungen-blog-amag-group-3.jpg\" src=\"#\" alt=\"Sonderausstellung 75 Jahre Volkswagen \u2013 Ein Auto-Strauss voller Erinnerungen - Blog der AMAG Group AG 2\" loading=\"lazy\" class=\"lazyload\">\r\n                                              <\/figure>\r\n        <\/div>\r\n              <div class=\"col-lg-6\">\r\n          <figure class=\"alignnone\">\r\n                                                          <\/figure>\r\n        <\/div>\r\n          <\/div>\r\n  <\/div>\r\n<\/p>\r\n<p>  <div class=\"text-block\">\r\n    <p>Zum sch\u00f6nsten Fahrzeug w\u00e4hlt die Familie hingegen den Samba-Bus. Wobei dieser gleich doppelt vertreten ist. Einmal perfekt restauriert, in rot-weisser Zweifarb-Lackierung, mit Jahrgang 1965. Dann der zehn Jahre \u00e4ltere \u00abGrimsel-Express\u00bb, der am gleichnamigen Pass als Hotel- und Sammeltaxi eingesetzt wurde, sp\u00e4ter f\u00fcr Jahrzehnte in einer Scheune verschwand \u2013 und nun im Verkehrshaus mit seiner ungesch\u00f6nten Patina zu sehen ist.<\/p>\n<p>Neben dem vom Autoleben gezeichneten VW Bus steht frisch poliert sein moderner Nachfolger, der ID. Buzz. Er schl\u00e4gt die Br\u00fccke zur Gegenwart, genauer zur Elektromobilit\u00e4t. So pr\u00e4sentiert die Jubil\u00e4umsausstellung auch diverse Mitglieder der ID. Familie, darunter den allerersten ID.3, der 2020 in die Schweiz kam und dem Musiker Stress geh\u00f6rte.\u00a0<\/p>\n<p>Nun zieht es die Kinder aber zum zweiten Teil der Sonderschau: ins Autotheater. Von den halbrund angeordneten Sitzen aus k\u00f6nnen sie miterleben, wie ein Parkroboter die Volkswagen aus dem Hochregal entnimmt und vor ihnen auf einer Drehscheibe platziert. Dazu gibt es einen Film mit spannenden Details zum jeweiligen Modell und der Geschichte der Marke.<\/p>\n  <\/div>\r\n<\/p>\r\n<p>  <div class=\"img-two-cols\">\r\n    <div class=\"row\">\r\n              <div class=\"col-lg-6\">\r\n          <figure class=\"alignnone\">\r\n                                      <img decoding=\"async\" data-src=\"https:\/\/www.amag-group.ch\/blog\/wp-content\/uploads\/2023\/06\/sonderausstellung-75-jahre-volkswagen-ein-auto-strauss-voller-erinnerungen-blog-amag-group-4.jpg\" src=\"#\" alt=\"Sonderausstellung 75 Jahre Volkswagen \u2013 Ein Auto-Strauss voller Erinnerungen - Blog der AMAG Group AG 6\" loading=\"lazy\" class=\"lazyload\">\r\n                                              <\/figure>\r\n        <\/div>\r\n              <div class=\"col-lg-6\">\r\n          <figure class=\"alignnone\">\r\n                                      <img decoding=\"async\" data-src=\"https:\/\/www.amag-group.ch\/blog\/wp-content\/uploads\/2023\/06\/sonderausstellung-75-jahre-volkswagen-ein-auto-strauss-voller-erinnerungen-blog-amag-group3.jpg\" src=\"#\" alt=\"Sonderausstellung 75 Jahre Volkswagen \u2013 Ein Auto-Strauss voller Erinnerungen - Blog der AMAG Group AG 11\" loading=\"lazy\" class=\"lazyload\">\r\n                                              <\/figure>\r\n        <\/div>\r\n              <div class=\"col-lg-6\">\r\n          <figure class=\"alignnone\">\r\n                                      <img decoding=\"async\" data-src=\"https:\/\/www.amag-group.ch\/blog\/wp-content\/uploads\/2023\/06\/sonderausstellung-75-jahre-volkswagen-ein-auto-strauss-voller-erinnerungen-blog-amag-group-6.jpg\" src=\"#\" alt=\"Sonderausstellung 75 Jahre Volkswagen \u2013 Ein Auto-Strauss voller Erinnerungen - Blog der AMAG Group AG 8\" loading=\"lazy\" class=\"lazyload\">\r\n                                              <\/figure>\r\n        <\/div>\r\n              <div class=\"col-lg-6\">\r\n          <figure class=\"alignnone\">\r\n                                      <img decoding=\"async\" data-src=\"https:\/\/www.amag-group.ch\/blog\/wp-content\/uploads\/2023\/06\/sonderausstellung-75-jahre-volkswagen-ein-auto-strauss-voller-erinnerungen-blog-amag-group-7.jpg\" src=\"#\" alt=\"Sonderausstellung 75 Jahre Volkswagen \u2013 Ein Auto-Strauss voller Erinnerungen - Blog der AMAG Group AG 9\" loading=\"lazy\" class=\"lazyload\">\r\n                                              <\/figure>\r\n        <\/div>\r\n              <div class=\"col-lg-6\">\r\n          <figure class=\"alignnone\">\r\n                                                          <\/figure>\r\n        <\/div>\r\n          <\/div>\r\n  <\/div>\r\n<\/p>\r\n<p>  <div class=\"text-block\">\r\n    <p>Aktuell nehmen die luftgek\u00fchlten Volkswagen die Pl\u00e4tze im Hochregal ein, etwa das K\u00e4fer Cabriolet oder der Karmann Ghia. Dieser Teil der Ausstellung wird alle drei Monate mit einem neuen Thema besetzt. Ab August sind die wassergek\u00fchlten Modelle an der Reihe, gefolgt von den Nutzfahrzeugen. Den Abschluss machen die sogenannten \u00abGamechanger\u00bb: Hybrid-, Drei- und Einliterautos, erg\u00e4nzt mit Funmobilen.<\/p>\n<p>Beim Verlassen der Halle streicht Benno die Bedeutung der Marke f\u00fcr die Entwicklung der Mobilit\u00e4t in der Schweiz hervor: \u00abVolkswagen war zweifellos die Marke, die das Autofahren in die Breite brachte.\u00bb Als Beispiel f\u00fcgt er die eigene Jugend an. \u00abMeine Eltern hatten insgesamt drei verschiedene K\u00e4fer. Das war damals wohl das einzige Auto, das wir uns leisten konnten \u2013 und viele andere Familien auch.\u00bb<\/p>\n  <\/div>\r\n<\/p>\r\n<p><div class=\"about-person type2 full-mob\">\r\n  <div class=\"text-holder\">\r\n          <h3 class=\"h3\">Die Jubil\u00e4umsausstellung 75 Jahre Volkswagen Schweiz <\/h3>\r\n        <p>Das Verkehrshaus Luzern zeigt, in Zusammenarbeit mit der AMAG Import AG und Volkswagen Schweiz, vom 1. Mai bis Ende dieses Jahres die Jubil\u00e4umsausstellung 75 Jahre Volkswagen Schweiz.<\/p>\n<p>Im Schaulager in Verbindung mit dem Autotheater werden in vier Ausstellungsbl\u00f6cken weitere Volkswagen Rarit\u00e4ten pr\u00e4sentiert:<\/p>\n<ol>\n<li>Mai bis 31. Juli 2023: \u00abLuftgek\u00fchlt\u00bb<\/li>\n<li>August bis 31. Oktober 2023: \u00abWassergek\u00fchlt\u00bb<\/li>\n<li>November 2023 bis 31. Januar 2024: \u00abVW Nutzfahrzeuge\u00bb<\/li>\n<li>Februar bis 30. April 2024: \u00abGamechanger\u00bb<\/li>\n<\/ol>\n<p>Der Besuch der Halle \u00abStrassenverkehr\u00bb ist im Eintritt zum Verkehrshaus inbegriffen und w\u00e4hrend der normalen \u00d6ffnungszeiten des Museums m\u00f6glich.<\/p>\n<p>Weitere Informationen dazu finden sich auf www.verkehrshaus.ch<\/p>\n<p>&nbsp;<\/p>\n<p>Text: Reto Neyerlin\u00a0<\/p>\n<p>Fotos: Christof Ren\u00e9 Schmidt<\/p>\n  <\/div>\r\n<\/div>\r\n<\/p>","protected":false},"excerpt":{"rendered":"","protected":false},"author":99,"featured_media":29381,"comment_status":"open","ping_status":"open","sticky":false,"template":"","format":"standard","meta":{"_acf_changed":false,"inline_featured_image":false,"footnotes":""},"categories":[9582],"tags":[],"class_list":["post-29380","post","type-post","status-publish","format-standard","has-post-thumbnail","hentry","category-geschichte-tradition"],"acf":[],"_links":{"self":[{"href":"https:\/\/www.amag-group.ch\/blog\/wp-json\/wp\/v2\/posts\/29380","targetHints":{"allow":["GET"]}}],"collection":[{"href":"https:\/\/www.amag-group.ch\/blog\/wp-json\/wp\/v2\/posts"}],"about":[{"href":"https:\/\/www.amag-group.ch\/blog\/wp-json\/wp\/v2\/types\/post"}],"author":[{"embeddable":true,"href":"https:\/\/www.amag-group.ch\/blog\/wp-json\/wp\/v2\/users\/99"}],"replies":[{"embeddable":true,"href":"https:\/\/www.amag-group.ch\/blog\/wp-json\/wp\/v2\/comments?post=29380"}],"version-history":[{"count":3,"href":"https:\/\/www.amag-group.ch\/blog\/wp-json\/wp\/v2\/posts\/29380\/revisions"}],"predecessor-version":[{"id":31720,"href":"https:\/\/www.amag-group.ch\/blog\/wp-json\/wp\/v2\/posts\/29380\/revisions\/31720"}],"wp:featuredmedia":[{"embeddable":true,"href":"https:\/\/www.amag-group.ch\/blog\/wp-json\/wp\/v2\/media\/29381"}],"wp:attachment":[{"href":"https:\/\/www.amag-group.ch\/blog\/wp-json\/wp\/v2\/media?parent=29380"}],"wp:term":[{"taxonomy":"category","embeddable":true,"href":"https:\/\/www.amag-group.ch\/blog\/wp-json\/wp\/v2\/categories?post=29380"},{"taxonomy":"post_tag","embeddable":true,"href":"https:\/\/www.amag-group.ch\/blog\/wp-json\/wp\/v2\/tags?post=29380"}],"curies":[{"name":"wp","href":"https:\/\/api.w.org\/{rel}","templated":true}]}}