{"id":2733,"date":"2017-08-24T09:56:47","date_gmt":"2017-08-24T07:56:47","guid":{"rendered":"http:\/\/www.amag-group.ch\/blog\/?p=2733"},"modified":"2018-10-25T14:55:56","modified_gmt":"2018-10-25T12:55:56","slug":"wer-ist-der-beste-automobil-mechatroniker","status":"publish","type":"post","link":"https:\/\/www.amag-group.ch\/blog\/wer-ist-der-beste-automobil-mechatroniker\/","title":{"rendered":"Wer ist der beste Automobil-Mechatroniker?"},"content":{"rendered":"<p>Riet Bulfoni hat seine Lehre als Automobil-Mechatroniker vor zwei Jahren abgeschlossen. Er arbeitet auch heute noch in seinem Lehrbetrieb, der Central Garage Denoth AG in Scuol, die sich auf Volkswagen und \u0160KODA spezialisiert hat. 2016 wurde er Vizeschweizermeister und gewann anschliessend den Euro-Cup. So qualifizierte er sich f\u00fcr die Weltmeisterschaft. Zur Vorbereitung auf die WorldSkills besuchte Riet das Ausbildungscenter der AMAG in D\u00fcbendorf. Seine Aufgabe: Ein Getriebe zerlegen und m\u00f6glichst schnell wieder richtig zusammenbauen.<br \/>\nWir haben Riet in D\u00fcbendorf getroffen und mit ihm \u00fcber seinen Traum, Weltmeister zu werden, gesprochen.<\/p>\n<p><strong>Riet, herzliche Gratulation zur Qualifikation f\u00fcr die WorldSkills! Was erwartest du von Abu Dhabi?<\/strong><br \/>\nIch freue mich riesig auf die Herausforderung. Ich hoffe, dass ich das eine oder Auto coole Auto auf der Strasse sehen werde. So wie man Abu Dhabi aus dem Fernsehen kennt, werde ich da sicher nicht entt\u00e4uscht werden.<\/p>\n<p><strong>Du bereitest dich heute im Ausbildungscenter der AMAG vor. Was ist das Ziel der \u00dcbung?<\/strong><br \/>\nEs geht darum, ein VW Getriebe komplett zu zerlegen und wieder zusammenzubauen. Jede Marke hat ihre speziellen Eigenschaften, so auch VW. Das VW Getriebe ist komplex aufgebaut, darum habe ich mich daf\u00fcr entschieden. Ich versuche, an so vielen Modellen wie m\u00f6glich zu trainieren, denn wir wissen noch nicht, was uns am Wettbewerb erwartet. Grunds\u00e4tzlich spielt es aber auch keine grosse Rolle. Ein Getriebe bleibt schliesslich ein Getriebe.<br \/>\n<img decoding=\"async\" class=\"alignnone wp-multi-image wp-image-2735 size-medium\" src=\"https:\/\/www.amag-group.ch\/blog\/wp-content\/uploads\/2017\/08\/IMG_4966-552x414.jpg\" alt=\"Riet Bulfoni baut das Getriebe auseinander\" width=\"552\" height=\"414\" srcset=\"https:\/\/www.amag-group.ch\/blog\/wp-content\/uploads\/2017\/08\/IMG_4966-552x414.jpg 552w, https:\/\/www.amag-group.ch\/blog\/wp-content\/uploads\/2017\/08\/IMG_4966-768x576.jpg 768w\" sizes=\"(max-width: 552px) 100vw, 552px\" \/><\/p>\n<p><strong>Was warten sonst noch f\u00fcr Aufgaben auf dich?<\/strong><br \/>\nIm Detail weiss ich das noch nicht. Mitte September wissen wir, an welchen Fahrzeugen wir getestet werden. Fest steht, dass es acht Posten geben wird. Beim Getriebe ist relativ klar, dass wir es zerlegen, vermessen und wieder zusammenbauen m\u00fcssen. Zudem werden wir sicher irgendwelche Fehler an einem Fahrzeug finden und reparieren m\u00fcssen. Da ist aber alles offen.<\/p>\n<p><strong>Wie kannst du die Arbeit mit dem Training auf die WorldSkills vereinbaren? Heute bist du ja zum Beispiel hier in D\u00fcbendorf statt in deinem Betrieb.<\/strong><br \/>\nMein Chef ist zum Gl\u00fcck sehr verst\u00e4ndnisvoll und gibt mir diese Zeit. Er unterst\u00fctzt mich voll, daf\u00fcr bin ich ihm sehr dankbar. Zudem bekomme ich bei der Arbeit im Moment die etwas schwierigeren F\u00e4lle. So kann ich mich auch im Alltag auf Abu Dhabi vorbereiten und Arbeitsabl\u00e4ufe optimieren.<\/p>\n<p><img decoding=\"async\" class=\"alignnone wp-multi-image wp-image-2736 size-medium\" src=\"https:\/\/www.amag-group.ch\/blog\/wp-content\/uploads\/2017\/08\/IMG_4971-552x414.jpg\" alt=\"Riet Bulfoni bereitet sich auf die Berufsweltmeisterschaften in Abu Dhabi vor\" width=\"552\" height=\"414\" srcset=\"https:\/\/www.amag-group.ch\/blog\/wp-content\/uploads\/2017\/08\/IMG_4971-552x414.jpg 552w, https:\/\/www.amag-group.ch\/blog\/wp-content\/uploads\/2017\/08\/IMG_4971-768x576.jpg 768w\" sizes=\"(max-width: 552px) 100vw, 552px\" \/><\/p>\n<p><strong>Wie soll es bei dir nach den Berufsweltmeisterschaften weitergehen?<\/strong><br \/>\nIch bilde mich im Moment zum Automobil-Diagnostiker weiter. Mein gr\u00f6sster Traum w\u00e4re es, einmal in einem Formel 1 Team zu arbeiten. Dazu braucht es aber auch etwas Gl\u00fcck und wohl ein paar gute Beziehungen.<\/p>\n<p><strong>Wir dr\u00fccken dir f\u00fcr die WorldSkills im Oktober viel Erfolg! Wer weiss, vielleicht findest du ja dort auch noch einen Kontakt in die Formel 1.<\/strong><\/p>\n<p><strong>\u00dcber die WorldSkills\u00a0 <\/strong><br \/>\nAn den WoldSkills messen sich die besten Nachwuchstalente der Welt in ihrem Berufsfeld. Alle Teilnehmerinnen und Teilnehmer sind unter 23 Jahre alt. Mit den WorldSkills soll die Bedeutung der Berufsbildung hervorgehoben werden und den internationalen Austausch von Beh\u00f6rdern, Industrie und Bildung f\u00f6rdern.<br \/>\n<a href=\"https:\/\/www.worldskills.org\/\"><span style=\"text-decoration: underline;\">Weitere Informationen zu den WorldSkills.<\/span><\/a><\/p>\n<p><a href=\"http:\/\/www.amag.ch\/amagch\/corp\/de\/jobs.html\" target=\"_blank\" rel=\"noopener\"><span style=\"text-decoration: underline;\">Weitere Informationen \u00fcber die Ausbildungsberufe bei der AMAG.<\/span><\/a><\/p>\n<p><strong><a href=\"http:\/\/www.amag.ch\/content\/amagch\/corp\/de\/newsletter\/anmeldeformular_Blog.html\">Aktuelles und Hintergr\u00fcnde aus der Welt des Autos.\u00a0<span style=\"text-decoration: underline;\">Jetzt abonnieren.<\/span><\/a><\/strong><\/p>\n","protected":false},"excerpt":{"rendered":"<p>Mitte Oktober gilt es ernst f\u00fcr Riet Bulfoni. An den WorldSkills in Abu Dhabi will er sein K\u00f6nnen unter Beweis stellen und den Weltmeistertitel als bester Automobil-Mechatroniker in die Schweiz bringen. <\/p>\n","protected":false},"author":27,"featured_media":2734,"comment_status":"open","ping_status":"open","sticky":false,"template":"","format":"standard","meta":{"_acf_changed":false,"inline_featured_image":false,"footnotes":""},"categories":[1230],"tags":[],"class_list":["post-2733","post","type-post","status-publish","format-standard","has-post-thumbnail","hentry","category-jobs-karriere"],"acf":[],"_links":{"self":[{"href":"https:\/\/www.amag-group.ch\/blog\/wp-json\/wp\/v2\/posts\/2733","targetHints":{"allow":["GET"]}}],"collection":[{"href":"https:\/\/www.amag-group.ch\/blog\/wp-json\/wp\/v2\/posts"}],"about":[{"href":"https:\/\/www.amag-group.ch\/blog\/wp-json\/wp\/v2\/types\/post"}],"author":[{"embeddable":true,"href":"https:\/\/www.amag-group.ch\/blog\/wp-json\/wp\/v2\/users\/27"}],"replies":[{"embeddable":true,"href":"https:\/\/www.amag-group.ch\/blog\/wp-json\/wp\/v2\/comments?post=2733"}],"version-history":[{"count":0,"href":"https:\/\/www.amag-group.ch\/blog\/wp-json\/wp\/v2\/posts\/2733\/revisions"}],"wp:featuredmedia":[{"embeddable":true,"href":"https:\/\/www.amag-group.ch\/blog\/wp-json\/wp\/v2\/media\/2734"}],"wp:attachment":[{"href":"https:\/\/www.amag-group.ch\/blog\/wp-json\/wp\/v2\/media?parent=2733"}],"wp:term":[{"taxonomy":"category","embeddable":true,"href":"https:\/\/www.amag-group.ch\/blog\/wp-json\/wp\/v2\/categories?post=2733"},{"taxonomy":"post_tag","embeddable":true,"href":"https:\/\/www.amag-group.ch\/blog\/wp-json\/wp\/v2\/tags?post=2733"}],"curies":[{"name":"wp","href":"https:\/\/api.w.org\/{rel}","templated":true}]}}