{"id":2703,"date":"2017-08-08T14:25:45","date_gmt":"2017-08-08T12:25:45","guid":{"rendered":"http:\/\/www.amag-group.ch\/blog\/?p=2703"},"modified":"2025-03-21T08:13:27","modified_gmt":"2025-03-21T07:13:27","slug":"erste-schritte-der-amag-welt","status":"publish","type":"post","link":"https:\/\/www.amag-group.ch\/blog\/erste-schritte-der-amag-welt\/","title":{"rendered":"Erste Schritte in der AMAG Welt"},"content":{"rendered":"<p>Es wimmelt von Jugendlichen in der Umweltarena in Spreitenbach. Alle neuen Lernenden der AMAG aus der ganzen Schweiz nehmen an der j\u00e4hrlichen Willkommensveranstaltung teil. Am heutigen Tag lernen sie das Wichtigste \u00fcber die AMAG und erhalten ihr R\u00fcstzeug f\u00fcr einen gelungenen Einstieg in die Berufswelt in der AMAG.<\/p>\n<p>Worauf sie sich besonders in ihrer Ausbildung freuen oder warum sie gerade ihre Lehre bei der AMAG gew\u00e4hlt haben, haben uns Einige verraten:<\/p>\n<p>\u00abIch war schon immer Autofan und wollte unbedingt eine Lehrstelle, bei welcher ich Kontakt mit Autos habe. Ein KV zu machen, entspricht mir sehr, da ich gerne am Computer arbeite und organisiere. Ich freue mich auf meine Ausbildung, die AMAG gef\u00e4llt mir als Firma. Zudem m\u00f6chte ich viel lernen, habe ein gutes Team und m\u00f6chte einen guten Abschluss erhalten und einen guten Eindruck hinterlassen.\u00bb<\/p>\n<p>Almedin Ramazani, Lernender Kaufmann, AMAG Import<\/p>\n<p><img decoding=\"async\" class=\"alignnone size-medium wp-multi-image wp-image-2710\" src=\"https:\/\/www.amag-group.ch\/blog\/wp-content\/uploads\/2017\/08\/1-Ramazani-Almedin-620x414.jpg\" alt=\"\" width=\"620\" height=\"414\" srcset=\"https:\/\/www.amag-group.ch\/blog\/wp-content\/uploads\/2017\/08\/1-Ramazani-Almedin-620x414.jpg 620w, https:\/\/www.amag-group.ch\/blog\/wp-content\/uploads\/2017\/08\/1-Ramazani-Almedin-768x512.jpg 768w, https:\/\/www.amag-group.ch\/blog\/wp-content\/uploads\/2017\/08\/1-Ramazani-Almedin-720x480.jpg 720w\" sizes=\"(max-width: 620px) 100vw, 620px\" \/><\/p>\n<p>\u00abIch habe mich f\u00fcr die AMAG entschieden, weil man hier w\u00e4hrend der Lehre viel selber machen kann. Zudem ist das Team sehr cool, ich war am ersten Tag schon integriert \u2013 es herrscht immer eine lockere Atmosph\u00e4re. Ich freue mich auf den neuen Lebensabschnitt, auf das Erwachsen sein. Es ist ein cooler Beruf, der sehr viel Spass machen wird!\u00bb<\/p>\n<p>Valentina Rohner, Lernende Automobil-Mechatroniker, AMAG Utoquai<\/p>\n<p><img decoding=\"async\" class=\"size-medium wp-multi-image wp-image-2715\" src=\"https:\/\/www.amag-group.ch\/blog\/wp-content\/uploads\/2017\/08\/6-Rohner-Valentina-620x414.jpg\" alt=\"\" width=\"620\" height=\"414\" srcset=\"https:\/\/www.amag-group.ch\/blog\/wp-content\/uploads\/2017\/08\/6-Rohner-Valentina-620x414.jpg 620w, https:\/\/www.amag-group.ch\/blog\/wp-content\/uploads\/2017\/08\/6-Rohner-Valentina-768x512.jpg 768w, https:\/\/www.amag-group.ch\/blog\/wp-content\/uploads\/2017\/08\/6-Rohner-Valentina-720x480.jpg 720w\" sizes=\"(max-width: 620px) 100vw, 620px\" \/><\/p>\n<p>\u00abDie AMAG ist ein grosses und wichtiges Unternehmen, darum wollte ich meine Lehre hier machen. Ich freue mich, viel Neues lernen zu d\u00fcrfen, schlussendlich bin ich daf\u00fcr da!\u00bb<\/p>\n<p>Brandon Portaluri, Lernender Carrossier Spenglerei, AMAG Lugano<\/p>\n<p><img decoding=\"async\" class=\"alignnone size-medium wp-multi-image wp-image-2712\" src=\"https:\/\/www.amag-group.ch\/blog\/wp-content\/uploads\/2017\/08\/3-Portaluri-Brandon-620x414.jpg\" alt=\"\" width=\"620\" height=\"414\" srcset=\"https:\/\/www.amag-group.ch\/blog\/wp-content\/uploads\/2017\/08\/3-Portaluri-Brandon-620x414.jpg 620w, https:\/\/www.amag-group.ch\/blog\/wp-content\/uploads\/2017\/08\/3-Portaluri-Brandon-768x512.jpg 768w, https:\/\/www.amag-group.ch\/blog\/wp-content\/uploads\/2017\/08\/3-Portaluri-Brandon-720x480.jpg 720w\" sizes=\"(max-width: 620px) 100vw, 620px\" \/><\/p>\n<p>\u00abAutos sind meine Leidenschaft. Ich verfolge viele Rennen und mein Lieblingsmodell ist der 911 GTS. Meine Mutter wollte zuerst nicht, dass ich eine solche Lehre mache. Ich habe jedoch insistiert und kann jetzt meinen Traum verwirklichen. Ich freue mich, mitanzupacken, mein Team zu unterst\u00fctzen, Neues zu lernen und mit neuen Situationen umzugehen.\u00bb<\/p>\n<p>Martina Dal Fuoco, Lernende Automobil-Fachfrau, Porsche Zentrum Lugano<\/p>\n<p><img decoding=\"async\" class=\"alignnone size-medium wp-multi-image wp-image-2714\" src=\"https:\/\/www.amag-group.ch\/blog\/wp-content\/uploads\/2017\/08\/5-Dal-Fuoco-Martina-620x414.jpg\" alt=\"\" width=\"620\" height=\"414\" srcset=\"https:\/\/www.amag-group.ch\/blog\/wp-content\/uploads\/2017\/08\/5-Dal-Fuoco-Martina-620x414.jpg 620w, https:\/\/www.amag-group.ch\/blog\/wp-content\/uploads\/2017\/08\/5-Dal-Fuoco-Martina-768x512.jpg 768w, https:\/\/www.amag-group.ch\/blog\/wp-content\/uploads\/2017\/08\/5-Dal-Fuoco-Martina-720x480.jpg 720w\" sizes=\"(max-width: 620px) 100vw, 620px\" \/><\/p>\n<p>\u00abIch freue mich am meisten aufs \u2018Schaffen\u2019. Zudem bin ich ein grosser Fan von Autos, Audi ist meine Lieblingsmarke. Der erste Arbeitstag war schon super, wir hatten viel Spass im Team und ich freue mich sehr auf meine drei Lehrjahre.\u00bb<\/p>\n<p>Drilon Kjerimi, Lernender Detailhandeslfachmann, AMAG Dulliken<\/p>\n<p><img decoding=\"async\" class=\"alignnone size-medium wp-multi-image wp-image-2711\" src=\"https:\/\/www.amag-group.ch\/blog\/wp-content\/uploads\/2017\/08\/2-Kjerimi-Drilon-620x414.jpg\" alt=\"\" width=\"620\" height=\"414\" srcset=\"https:\/\/www.amag-group.ch\/blog\/wp-content\/uploads\/2017\/08\/2-Kjerimi-Drilon-620x414.jpg 620w, https:\/\/www.amag-group.ch\/blog\/wp-content\/uploads\/2017\/08\/2-Kjerimi-Drilon-768x512.jpg 768w, https:\/\/www.amag-group.ch\/blog\/wp-content\/uploads\/2017\/08\/2-Kjerimi-Drilon-720x480.jpg 720w\" sizes=\"(max-width: 620px) 100vw, 620px\" \/><\/p>\n<p>\u00abSeit ich ein kleiner Junge war, wollte ich Automechaniker werden. Es ist eine gute Investition in die Zukunft. Ich freue mich mega, in die Welt der Mechatronik einzutauchen!\u00bb<\/p>\n<p>Claudio Kump, Lernender Automobil-Mechatroniker, AMAG Lugano<\/p>\n<p><img decoding=\"async\" class=\"alignnone size-medium wp-multi-image wp-image-2713\" src=\"https:\/\/www.amag-group.ch\/blog\/wp-content\/uploads\/2017\/08\/4-Kump-Claudio-620x414.jpg\" alt=\"\" width=\"620\" height=\"414\" srcset=\"https:\/\/www.amag-group.ch\/blog\/wp-content\/uploads\/2017\/08\/4-Kump-Claudio-620x414.jpg 620w, https:\/\/www.amag-group.ch\/blog\/wp-content\/uploads\/2017\/08\/4-Kump-Claudio-768x512.jpg 768w, https:\/\/www.amag-group.ch\/blog\/wp-content\/uploads\/2017\/08\/4-Kump-Claudio-720x480.jpg 720w\" sizes=\"(max-width: 620px) 100vw, 620px\" \/><\/p>\n<p><strong><a href=\"http:\/\/www.amag.ch\/content\/amagch\/corp\/de\/newsletter\/anmeldeformular_Blog.html\">Aktuelles und Hintergr\u00fcnde aus der Welt des Autos.\u00a0<span style=\"text-decoration: underline;\">Jetzt abonnieren.<\/span><\/a><\/strong><\/p>\n","protected":false},"excerpt":{"rendered":"<p>Die AMAG ist eine der gr\u00f6ssten Ausbildungsst\u00e4tten in der Schweiz. Rund 13% aller Mitarbeitenden sind Lernende. Im August 2017 starten schweizweit 253 neue Lernende ihre berufliche Laufbahn in der AMAG. Am Welcome Camp 2017 haben wir einige Stimmen eingefangen.<\/p>\n","protected":false},"author":27,"featured_media":2716,"comment_status":"open","ping_status":"open","sticky":false,"template":"","format":"standard","meta":{"_acf_changed":false,"inline_featured_image":false,"footnotes":""},"categories":[9816],"tags":[],"class_list":["post-2703","post","type-post","status-publish","format-standard","has-post-thumbnail","hentry","category-next-generation"],"acf":[],"_links":{"self":[{"href":"https:\/\/www.amag-group.ch\/blog\/wp-json\/wp\/v2\/posts\/2703","targetHints":{"allow":["GET"]}}],"collection":[{"href":"https:\/\/www.amag-group.ch\/blog\/wp-json\/wp\/v2\/posts"}],"about":[{"href":"https:\/\/www.amag-group.ch\/blog\/wp-json\/wp\/v2\/types\/post"}],"author":[{"embeddable":true,"href":"https:\/\/www.amag-group.ch\/blog\/wp-json\/wp\/v2\/users\/27"}],"replies":[{"embeddable":true,"href":"https:\/\/www.amag-group.ch\/blog\/wp-json\/wp\/v2\/comments?post=2703"}],"version-history":[{"count":2,"href":"https:\/\/www.amag-group.ch\/blog\/wp-json\/wp\/v2\/posts\/2703\/revisions"}],"predecessor-version":[{"id":31691,"href":"https:\/\/www.amag-group.ch\/blog\/wp-json\/wp\/v2\/posts\/2703\/revisions\/31691"}],"wp:featuredmedia":[{"embeddable":true,"href":"https:\/\/www.amag-group.ch\/blog\/wp-json\/wp\/v2\/media\/2716"}],"wp:attachment":[{"href":"https:\/\/www.amag-group.ch\/blog\/wp-json\/wp\/v2\/media?parent=2703"}],"wp:term":[{"taxonomy":"category","embeddable":true,"href":"https:\/\/www.amag-group.ch\/blog\/wp-json\/wp\/v2\/categories?post=2703"},{"taxonomy":"post_tag","embeddable":true,"href":"https:\/\/www.amag-group.ch\/blog\/wp-json\/wp\/v2\/tags?post=2703"}],"curies":[{"name":"wp","href":"https:\/\/api.w.org\/{rel}","templated":true}]}}