{"id":26287,"date":"2022-03-08T10:30:41","date_gmt":"2022-03-08T09:30:41","guid":{"rendered":"https:\/\/www.amag-group.ch\/blog\/?p=26287"},"modified":"2025-03-21T09:47:49","modified_gmt":"2025-03-21T08:47:49","slug":"so-nachhaltig-leben-die-amag-mitarbeitenden","status":"publish","type":"post","link":"https:\/\/www.amag-group.ch\/blog\/so-nachhaltig-leben-die-amag-mitarbeitenden\/","title":{"rendered":"So nachhaltig leben die AMAG Mitarbeitenden"},"content":{"rendered":"<p>\n\n\n\n<div class=\"row\">\n\n  <div class=\"col-lg-5\">\n\n    <div class=\"about-person position-2 left-0\">\n\n      \n      <div class=\"text-holder\">\n\n        \n          <h3 class=\"h3\">Was ist Nachhaltigkeit?<\/h3>\n\n        \n        <p>Als nachhaltig wird eine Entwicklung bezeichnet, bei der heutige Bed\u00fcrfnisse befriedigt werden, ohne zuk\u00fcnftigen Generationen die Lebensgrundlage zu entziehen. Oft werden damit umgangssprachlich in erster Linie \u00f6kologische Themen in Verbindung gebracht. Der Begriff umfasst aber drei Dimensionen: soziale, wirtschaftliche und \u00f6kologische Nachhaltigkeit.<\/p>\n\n      <\/div>\n\n    <\/div>\n\n  <\/div>\n\n  <div class=\"col-lg-7\">\n\n    <p>Nachhaltigkeit ist ein Thema, welches nicht nur der<span style=\"text-decoration: underline;\"> <a href=\"https:\/\/www.amag-group.ch\/blog\/die-amag-gruppe-wird-bis-2025-klimaneutral\/\">AMAG als Arbeitgeberin<\/a><\/span>, sondern auch vielen Mitarbeitenden privat sehr am Herzen liegt. Diese Leidenschaft m\u00f6chten wir sichtbar machen, weshalb wir in den n\u00e4chsten Monaten Portr\u00e4ts von in diesem Bereich besonders engagierten Mitarbeitenden mit euch teilen.<\/p>\n<h2>Nachhaltigkeit kennt viele Facetten<\/h2>\n<p>Als nachhaltig gelten also nicht nur Mitarbeitende, die B\u00e4ume pflanzen und <a href=\"https:\/\/www.amag-group.ch\/blog\/die-amag-auf-dem-weg-zu-nachhaltiger-individueller-mobilitaet\/\"><span style=\"text-decoration: underline;\">Elektroauto fahren<\/span><\/a> (obwohl das nat\u00fcrlich super ist), sondern auch alle, die Freiwilligenarbeit leisten oder ihr Geld in nachhaltige Projekte investieren. Es gibt viele M\u00f6glichkeiten, sich f\u00fcr ein nachhaltiges Miteinander zu engagieren \u2013 wie viele zeigen wir euch in den n\u00e4chsten Monaten hier und auf <span style=\"text-decoration: underline;\">d<a href=\"http:\/\/www.instagram.com\/amag.group\">em Instagram-Kanal der AMAG Group<\/a><\/span>.<\/p>\n\n  <\/div>\n\n<\/div>\n\n<\/p>\r\n<p>  <div class=\"text-block\">\r\n    <h2><strong>Sieben Fragen an Ina Walthert, Head of Group Sustainability bei der AMAG Group AG<\/strong><\/h2>\n<h3><strong>Ina, du bist Head Group Sustainability bei der AMAG Group. Was kann man sich darunter vorstellen?<\/strong><\/h3>\n<p>Eine berechtigte Frage, die Funktion ist bei der AMAG ja ganz neu. Als Head Group Sustainability bin ich Teil des Corporate Development Teams. In meinen Aufgabenbereich f\u00e4llt die Erarbeitung eines zur AMAG passenden Nachhaltigkeitsverst\u00e4ndnis und Mithilfe bei der Umsetzung \u2013 strategisch und operativ.<\/p>\n  <\/div>\r\n<\/p>\r\n<p><div class=\"text-and-apblock\">\r\n  <div class=\"row\">\r\n    <div class=\"col-lg-7\">\r\n                    <p>Aktuell arbeiten wir stark am Aufbau von Prozessen und Strukturen, um unseren Fortschritt zuk\u00fcnftig zu messen. Dazu bin ich im Austausch mit allen Business Units und fast allen Corporate Services Bereichen. Und nat\u00fcrlich wird zuk\u00fcnftig auch regelm\u00e4ssig kommuniziert. Der erste AMAG Nachhaltigkeitsbericht erscheint im Sommer.\u00a0\u00a0<\/p>\n<h3><strong>Was macht dir daran am meisten Spass?<\/strong><\/h3>\n<p>Das positive und freundliche Arbeitsklima, der starke Wille und R\u00fcckhalt f\u00fcr mein Themenfeld und die Zusammenarbeit mit vielen verschiedenen Menschen zu ganz unterschiedlichen Fragestellungen. Das inspiriert mich sehr und f\u00fcllt den an sich so abstrakten Begriff \u00abNachhaltigkeit\u00bb, f\u00fcr die AMAG mit Leben. Gleichzeitig macht mir auch die Grundlagen- und Aufbauarbeit sehr viel Spass. Es ist spannend, dass auch noch Vieles zu gestalten und anzustossen ist.<\/p>\n<h3><strong>Was ist dein bisheriger Werdegang?<\/strong><\/h3>\n<p>Eigentlich wollte ich urspr\u00fcnglich Wirtschaftsjournalistin werden. Statt Journalismus habe ich Wirtschaft studiert und im Studium meine Leidenschaft f\u00fcr Ethik, Philosophie und Unternehmensentwicklung entdeckt. Dank der Unterst\u00fctzung meines Professors habe ich im Anschluss an mein Studium ein Stipendium f\u00fcr ein Doktorat im Bereich interdisziplin\u00e4re Ethikforschung bekommen.\u00a0<\/p>\n          <\/div>\r\n    <div class=\"col-lg-5\">\r\n      <div class=\"about-person position-1\">\r\n                  <figure><img decoding=\"async\" data-src=\"https:\/\/www.amag-group.ch\/blog\/wp-content\/uploads\/2022\/03\/so-nachhaltig-leben-die-amag-mitarbeitenden-blog-amag-group.jpg\" src=\"#\" alt=\"So nachhaltig leben die AMAG Mitarbeitenden - Blog der AMAG Group AG\" loading=\"lazy\" class=\"lazyload\"><\/figure>\r\n                <div class=\"text-holder\">\r\n                      <h3 class=\"h3\">\u00dcber Ina<\/h3>\r\n                                            <p>\r\n                                                                              <strong>Name:<\/strong>                 Ina Maria Walthert                                                                               <br>                 <strong>Funktion:<\/strong>                 Head of Group Sustainability                                                                               <br>                 <strong>Bei der AMAG seit:<\/strong>                 1. November 2021                                                                               <br>                 <strong>Familie:<\/strong>                 Verheiratet, zwei Kinder (6 und 7)                                                                                <br>                 <strong>Hobbies:<\/strong>                 Unser Garten, mein altes BMC Rennvelo und immer wieder Neues auszuprobieren.                                          <\/p>\r\n                  <\/div>\r\n      <\/div>\r\n    <\/div>\r\n  <\/div>\r\n<\/div>\r\n<\/p>\r\n<p>  <div class=\"text-block\">\r\n    <p>Doch danach habe ich eine Pause von der Wissenschaft gebraucht und habe in eine Beratungsfirma, die spezialisiert auf Nachhaltigkeit ist, gewechselt. Nach einem erneuten Zwischenstopp in der Wissenschaft und im Qualit\u00e4tsmanagement an einer Fachhochschule, freue ich mich sehr, dass ich jetzt bei der AMAG sein darf.<\/p>\n<h3><strong>Die Automobilindustrie ist bisher nicht gerade als nachhaltigste Branche bekannt. Was reizt dich daran, deine Kompetenzen in der Automobilindustrie im Allgemeinen und bei der AMAG im Speziellen einzubringen?<\/strong><\/h3>\n<p>Mobilit\u00e4t hat mich schon immer fasziniert, weil es so viele Lebensbereiche und Themen tangiert: Konsumverhalten, Raumplanung, Arbeitswelten, Technologiefortschritt, Digitalisierung und jetzt verst\u00e4rkt auch Energie. Klar gibt es auch andere spannende Branchen und es ist toll, dass es auch Firmen gibt, die schon nachhaltig sind \u2013 doch da braucht es andere Kompetenzen. Ich arbeite lieber f\u00fcr eine Branche, in der ich mithelfen kann, etwas zu ver\u00e4ndern. Darin sehe ich meine St\u00e4rke.<\/p>\n<p>An der AMAG fasziniert mich der Wille, den ich \u00fcberall antreffe, der Wille, die Mobilit\u00e4t der Schweiz neu, bed\u00fcrfnisgerecht und nachhaltig mitzugestalten. Hey und wir haben einen wirklichen Einfluss als AMAG, das muss doch motivieren.<\/p>\n<h3><strong>Nachhaltigkeit besteht ja nicht nur aus der \u00f6kologischen Komponente, sondern auch aus einer sozialen und der wirtschaftlichen. Wo setzt die AMAG hier am st\u00e4rksten an?<\/strong><\/h3>\n<p>Das ist richtig und deshalb umfasst das Nachhaltigkeitsverst\u00e4ndnis der AMAG auch alle drei <span style=\"text-decoration: underline;\"><a href=\"https:\/\/www.amag-group.ch\/de\/verantwortung.html\">Verantwortungsbereiche<\/a><\/span>:<\/p>\n<p>Mit dem internen Programm \u00abAMAG Fairplay\u00bb, adressieren wir die \u00f6konomische Ebene, die unsere \u00abLicense to operate\u00bb und unser erfolgreiches Wirtschaften auch in Zukunft sichert. Darunter fallen Themen wie Governance, Compliance, aber auch ein gutes Risikomanagement und ein hoher Anspruch an unser Sicherheits- und Gesundheitsmanagement.<\/p>\n  <\/div>\r\n<\/p>\r\n<p><div class=\"text-with-post\">\r\n  <div class=\"row\">\r\n    <div class=\"col-lg-7\">\r\n              <p>Unter \u00abAMAG Engage\u00bb adressieren wir alle sozialen Themen, die uns als AMAG schon immer wichtig waren und sind. Wie unser grosses Engagement in der Aus- und Weiterbildung, ein wertebasiertes Miteinander und unser gesellschaftliches Engagement.<\/p>\n<p>Und \u00abAMAG Net Zero\u00bb steht ganz im Zeichen unserer \u00f6kologischen Verantwortungs\u00fcbernahme. Hier haben wir als AMAG den gr\u00f6ssten Einfluss auf eine nachhaltige Entwicklung. <span style=\"text-decoration: underline;\"><a href=\"https:\/\/www.amag-group.ch\/blog\/die-amag-gruppe-wird-bis-2025-klimaneutral\/\">Unser Ziel ist ein klimaneutraler Fussabdruck bis 2040<\/a><\/span>. In allen drei Bereichen liegt noch einiges an Arbeit vor uns, aber der Wille etwas zu bewegen ist \u00fcberall sp\u00fcrbar, das ist toll.<\/p>\n          <\/div>\r\n    <div class=\"col-lg-5 col-xl-4\">\r\n      <div class=\"wrapper-right\">\r\n                <figure class=\"post\">\n  <a href=\"https:\/\/www.amag-group.ch\/blog\/die-amag-auf-dem-weg-zu-nachhaltiger-individueller-mobilitaet\/\" class=\"img\">\n                <img decoding=\"async\" class=\"lazyload\" src=\"#\" data-src=\"https:\/\/www.amag-group.ch\/blog\/wp-content\/uploads\/2022\/01\/die-amag-auf-dem-weg-zu-nachhaltiger-individueller-mobilitaet-blog-amag-group.jpg\" alt=\"Die AMAG auf dem Weg zu nachhaltiger individueller Mobilit\u00e4t - Blog der AMAG Group AG\">\n      <\/a>\n  <figcaption>\n    <div class=\"wrap-text\">\n      <ul class=\"post-info\">\n        <li><a href=\"https:\/\/www.amag-group.ch\/blog\/author\/dino\/\">Dino Graf<\/a><\/li>\n        <li>Freitag, 28. Januar 2022<\/li>\n      <\/ul>\n      <h3><a href=\"https:\/\/www.amag-group.ch\/blog\/die-amag-auf-dem-weg-zu-nachhaltiger-individueller-mobilitaet\/\">Die AMAG auf dem Weg zu nachhaltiger individueller Mobilit\u00e4t<\/a><\/h3>\n            <p><a href=\"https:\/\/www.amag-group.ch\/blog\/die-amag-auf-dem-weg-zu-nachhaltiger-individueller-mobilitaet\/\">&#8230;<\/a><\/p>\n    <\/div>\n    <div class=\"bottom\">\n                    <ul class=\"cat-links\">\n          <li><a href=\"https:\/\/www.amag-group.ch\/blog\/category\/mobilitaet\/moebilitaet-der-zukunft\/\">Mobilit\u00e4t der Zukunft<\/a><\/li>        <\/ul>\n            <ul class=\"info-icons\">\n        <li>\n          <div class=\"icon-holder\">\n            <img decoding=\"async\" data-src=\"https:\/\/www.amag-group.ch\/blog\/wp-content\/themes\/autoblog-v2\/images\/icon-00001.svg\" src=\"#\" alt=\"image description\" loading=\"lazy\" class=\"lazyload\">\n          <\/div>0        <\/li>\n                  <li>\n            <div class=\"icon-holder\">\n              <img decoding=\"async\" data-src=\"https:\/\/www.amag-group.ch\/blog\/wp-content\/themes\/autoblog-v2\/images\/icon-00002.svg\" src=\"#\" alt=\"image description\" loading=\"lazy\" class=\"lazyload\">\n            <\/div>9423          <\/li>\n                <li>\n          <div class=\"share-block\">\r\n  <div class=\"icon-holder\"><img decoding=\"async\" data-src=\"https:\/\/www.amag-group.ch\/blog\/wp-content\/themes\/autoblog-v2\/images\/icon-00003.svg\" src=\"#\" alt=\"image description\" loading=\"lazy\" class=\"svg-html lazyload\"><\/div>\r\n  <div class=\"share-icons-wrapper\">\r\n    <ul class=\"share-icons\">\r\n       \r\n      <li><a href=\"https:\/\/wa.me\/?text=https:\/\/www.amag-group.ch\/blog\/die-amag-auf-dem-weg-zu-nachhaltiger-individueller-mobilitaet\/\" target=\"_blank\"><i class=\"fab fa-whatsapp\"><\/i><\/a><\/li>\r\n      <li><a href=\"http:\/\/www.facebook.com\/sharer.php?u=https:\/\/www.amag-group.ch\/blog\/die-amag-auf-dem-weg-zu-nachhaltiger-individueller-mobilitaet\/\" target=\"_blank\"><i class=\"fab fa-facebook-f\"><\/i><\/a><\/li>\r\n      <li><a href=\"http:\/\/www.linkedin.com\/shareArticle?mini=true&amp;url=https:\/\/www.amag-group.ch\/blog\/die-amag-auf-dem-weg-zu-nachhaltiger-individueller-mobilitaet\/\" target=\"_blank\"><i class=\"fab fa-linkedin-in\"><\/i><\/a><\/li>\r\n      <li><a href=\"http:\/\/twitter.com\/share?url=https:\/\/www.amag-group.ch\/blog\/die-amag-auf-dem-weg-zu-nachhaltiger-individueller-mobilitaet\/&amp;text=Die+AMAG+auf+dem+Weg+zu+nachhaltiger+individueller+Mobilit%C3%A4t\" target=\"_blank\"><i class=\"fab fa-twitter\"><\/i><\/a><\/li>\r\n      <!-- <li><a href=\"#\" target=\"_blank\"><i class=\"fab fa-instagram\"><\/i><\/a><\/li> -->\r\n                    <li><a href=\"http:\/\/pinterest.com\/pin\/create\/button\/?url=https%3A%2F%2Fwww.amag-group.ch%2Fblog%2Fdie-amag-auf-dem-weg-zu-nachhaltiger-individueller-mobilitaet%2F&#038;media=https%3A%2F%2Fwww.amag-group.ch%2Fblog%2Fwp-content%2Fuploads%2F2022%2F01%2Fdie-amag-auf-dem-weg-zu-nachhaltiger-individueller-mobilitaet-blog-amag-group.jpg&#038;description=Die AMAG auf dem Weg zu nachhaltiger individueller Mobilit\u00e4t\" class=\"pin-it-button\" count-layout=\"horizontal\"  target=\"_blank\"><span class=\"fab fa-pinterest-p\"><\/span><\/a><\/li>\r\n            <li><a class=\"link-copy\" href=\"https:\/\/www.amag-group.ch\/blog\/die-amag-auf-dem-weg-zu-nachhaltiger-individueller-mobilitaet\/\" target=\"_blank\"><i class=\"far fa-clone\"><\/i><\/a><\/li>\r\n    <\/ul>\r\n  <\/div>\r\n<\/div>        <\/li>\n      <\/ul>\n    <\/div>\n  <\/figcaption>\n<\/figure>      <\/div>\r\n    <\/div>\r\n  <\/div>\r\n<\/div>\r\n<\/p>\r\n<p>  <div class=\"text-block\">\r\n    <h3><strong>Bist du privat auch nachhaltig engagiert?<\/strong><\/h3>\n<p>Den gr\u00f6ssten Hebel hat jeder von uns \u00fcber die Steuerung seines eigenen Konsums in der Hand. Ich bem\u00fche mich darum, mein Konsumverhalten, aber auch das unserer Familie immer zu challengen. Der Fokus liegt auf Nahrungsmitteln, bei denen ich versuche, regional und saisonal und m\u00f6glichst ohne Fleisch auszukommen und bei Kleidung, wo ich das Motto weniger ist mehr als festes Prinzip anwende. Wir haben aber auch schon plastikfrei und vegan ausprobiert \u2013 allerdings war das auf die Dauer nicht komplett umsetzbar mit zwei kleinen Kindern, wir arbeiten aber daran. Und ich engagiere mich ehrenamtlich in unserem Dorf einerseits in der Schule und andererseits in einer Kulturstiftung.<\/p>\n<h3><strong>Was gibst du Mitarbeitenden, die sich f\u00fcr Nachhaltigkeit interessieren, aber noch nicht aktiv daf\u00fcr engagieren, mit auf den Weg?<\/strong><\/h3>\n<p>Im Kleinen anfangen und die eigenen Verhaltensmuster hinterfragen. Dabei kann man sich gut an den 5 R\u2019s orienteren: Reuse, Reduce, Refuse, Rethink und Recycle und erste kleine Verhaltens\u00e4nderungen im Alltag integrieren. Vielleicht auch mal ein Experiment wagen, wie einen Monat ohne Fleisch und K\u00e4se oder bewusst und f\u00fcr eine gewisse Zeit keine neuen Kleider kaufen. Es gibt mittlerweile schon sehr gute Blogs und Webseiten, die man als Inspirationsquelle nutzen kann.<\/p>\n  <\/div>\r\n<\/p>","protected":false},"excerpt":{"rendered":"","protected":false},"author":94,"featured_media":26311,"comment_status":"open","ping_status":"open","sticky":false,"template":"","format":"standard","meta":{"_acf_changed":false,"inline_featured_image":false,"footnotes":""},"categories":[9580],"tags":[],"class_list":["post-26287","post","type-post","status-publish","format-standard","has-post-thumbnail","hentry","category-arbeiten-bei-der-amag"],"acf":[],"_links":{"self":[{"href":"https:\/\/www.amag-group.ch\/blog\/wp-json\/wp\/v2\/posts\/26287","targetHints":{"allow":["GET"]}}],"collection":[{"href":"https:\/\/www.amag-group.ch\/blog\/wp-json\/wp\/v2\/posts"}],"about":[{"href":"https:\/\/www.amag-group.ch\/blog\/wp-json\/wp\/v2\/types\/post"}],"author":[{"embeddable":true,"href":"https:\/\/www.amag-group.ch\/blog\/wp-json\/wp\/v2\/users\/94"}],"replies":[{"embeddable":true,"href":"https:\/\/www.amag-group.ch\/blog\/wp-json\/wp\/v2\/comments?post=26287"}],"version-history":[{"count":3,"href":"https:\/\/www.amag-group.ch\/blog\/wp-json\/wp\/v2\/posts\/26287\/revisions"}],"predecessor-version":[{"id":31700,"href":"https:\/\/www.amag-group.ch\/blog\/wp-json\/wp\/v2\/posts\/26287\/revisions\/31700"}],"wp:featuredmedia":[{"embeddable":true,"href":"https:\/\/www.amag-group.ch\/blog\/wp-json\/wp\/v2\/media\/26311"}],"wp:attachment":[{"href":"https:\/\/www.amag-group.ch\/blog\/wp-json\/wp\/v2\/media?parent=26287"}],"wp:term":[{"taxonomy":"category","embeddable":true,"href":"https:\/\/www.amag-group.ch\/blog\/wp-json\/wp\/v2\/categories?post=26287"},{"taxonomy":"post_tag","embeddable":true,"href":"https:\/\/www.amag-group.ch\/blog\/wp-json\/wp\/v2\/tags?post=26287"}],"curies":[{"name":"wp","href":"https:\/\/api.w.org\/{rel}","templated":true}]}}