{"id":2592,"date":"2017-06-12T11:10:40","date_gmt":"2017-06-12T09:10:40","guid":{"rendered":"http:\/\/www.amag-group.ch\/blog\/?p=2592"},"modified":"2020-04-23T08:38:58","modified_gmt":"2020-04-23T06:38:58","slug":"wie-zukunftsfaehig-ist-nachhaltigkeit","status":"publish","type":"post","link":"https:\/\/www.amag-group.ch\/blog\/wie-zukunftsfaehig-ist-nachhaltigkeit\/","title":{"rendered":"Wie zukunftsf\u00e4hig ist Nachhaltigkeit?"},"content":{"rendered":"<p>Die AMAG Breakout Session am diesj\u00e4hrigen Swiss Economic Forum befasste sich mit der Frage \u00abWie zukunftsf\u00e4hig ist Nachhaltigkeit?\u00bb. Was ist Nachhaltigkeit, wie gelingt es Unternehmen, nachhaltig zu sein und warum sind Familienunternehmen oftmals nachhaltiger? Diese Fragen standen im Zentrum. Dr. Philipp Aerni, Direktor des CCRS der Universit\u00e4t Z\u00fcrich, er\u00f6ffnete die Breakout Session mit einem Impulsreferat.<\/p>\n<div id=\"attachment_2595\" style=\"width: 630px\" class=\"wp-caption alignnone\"><img decoding=\"async\" aria-describedby=\"caption-attachment-2595\" class=\"size-medium wp-multi-image wp-image-2595\" src=\"https:\/\/www.amag-group.ch\/blog\/wp-content\/uploads\/2017\/06\/Aerni-neu-620x414.jpg\" alt=\"\" width=\"620\" height=\"414\" srcset=\"https:\/\/www.amag-group.ch\/blog\/wp-content\/uploads\/2017\/06\/Aerni-neu-620x414.jpg 620w, https:\/\/www.amag-group.ch\/blog\/wp-content\/uploads\/2017\/06\/Aerni-neu-768x512.jpg 768w, https:\/\/www.amag-group.ch\/blog\/wp-content\/uploads\/2017\/06\/Aerni-neu-720x480.jpg 720w, https:\/\/www.amag-group.ch\/blog\/wp-content\/uploads\/2017\/06\/Aerni-neu.jpg 2000w\" sizes=\"(max-width: 620px) 100vw, 620px\" \/><p id=\"caption-attachment-2595\" class=\"wp-caption-text\">Dr. Philipp Aerni, Direktor CCRS der Universit\u00e4t Z\u00fcrich<\/p><\/div>\n<p>Er zeigte auf, dass im Moment der Fokus im Bereich der Nachhaltigkeit haupts\u00e4chlich bei der Minimierung der Risiken resp. Sch\u00e4den liegt. Der Fokus der Selbstregulierung ignoriere die Tatsache, dass Unternehmen dann einen grossen gesellschaftlichen Nutzen bringen, wenn sie auf neue Risiken mit Ideen und Mut zur Innovation reagieren. Laut Dr. Aerni ist es wichtig, dass die Rahmenbedingungen den Unternehmen erm\u00f6glichen, neue M\u00e4rkte zu erschliessen, die positive Effekte auf Umwelt und Gesellschaft haben. Auch Anreize k\u00f6nnten diese Entwicklung f\u00f6rdern. Dr. Aerni pl\u00e4dierte f\u00fcr ein progressives Nachhaltigkeitsverst\u00e4ndnis und f\u00fcr eine Sichtweise, welche die Wirtschaft als Teil der L\u00f6sung und nicht nur als Teil des Problems sieht.<\/p>\n<div id=\"attachment_2596\" style=\"width: 562px\" class=\"wp-caption alignnone\"><img decoding=\"async\" aria-describedby=\"caption-attachment-2596\" class=\"size-medium wp-multi-image wp-image-2596\" src=\"https:\/\/www.amag-group.ch\/blog\/wp-content\/uploads\/2017\/06\/Foto-11-Morten-552x414.jpg\" alt=\"\" width=\"552\" height=\"414\" srcset=\"https:\/\/www.amag-group.ch\/blog\/wp-content\/uploads\/2017\/06\/Foto-11-Morten-552x414.jpg 552w, https:\/\/www.amag-group.ch\/blog\/wp-content\/uploads\/2017\/06\/Foto-11-Morten-768x576.jpg 768w, https:\/\/www.amag-group.ch\/blog\/wp-content\/uploads\/2017\/06\/Foto-11-Morten.jpg 2016w\" sizes=\"(max-width: 552px) 100vw, 552px\" \/><p id=\"caption-attachment-2596\" class=\"wp-caption-text\">Podiumsgespr\u00e4ch an der AMAG Breakout Session 2017<\/p><\/div>\n<p>Im anschliessenden Podiumsgespr\u00e4ch er\u00f6rterten St\u00e4nder\u00e4tin Pascale Bruderer Wyss, Josef Maushart, CEO der FRAISA Gruppe und Gewinner des Family Business Awards 2016, Morten Hannesbo, CEO der AMAG unter der Moderation von Dino Graf, Leiter Group Communication der AMAG das Thema weiter. Pascal Bruderer Wyss meinte, dass der Rechtsrahmen den Unternehmen Sicherheit geben m\u00fcsse, damit die unternehmerische Freiheit gelebt werden kann und zudem spiele f\u00fcr die Nachhaltigkeit eines Unternehmens der CEO eine entscheidende Rolle.<\/p>\n<p>Aus Sicht von Morten Hannesbo m\u00fcssen die Mitarbeitenden auch daran glauben, dass man zusammen eine Zukunft hat \u2013 dies schaffe Nachhaltigkeit. Das ethische Verhalten der Mitarbeitenden im Unternehmen d\u00fcrfe zudem nicht anders sein, als dasjenige der Mitarbeitenden als Privatperson, erg\u00e4nzte Josef Maushart.<br \/>\nWeiter wurde diskutiert, ob Nachhaltigkeit f\u00f6rderlich sei f\u00fcr den wirtschaftlichen Erfolg. Es w\u00fcrde sogar immer zukunftsf\u00e4higer, sagte Pascale Bruderer Wyss, denn die Verbraucherinnen und Verbraucher fordern Nachhaltigkeit immer mehr ein.<\/p>\n<p>Das ganze Video der AMAG Breakout Session:<br \/>\n<iframe src=\"https:\/\/www.youtube.com\/embed\/ZvMOKNWKNzo\" width=\"560\" height=\"315\" frameborder=\"0\" allowfullscreen=\"allowfullscreen\"><\/iframe><\/p>\n<p><span style=\"text-decoration: underline;\"><strong><a href=\"http:\/\/www.amag.ch\/content\/amagch\/corp\/de\/newsletter\/anmeldeformular_Blog.html\"><span style=\"color: #0066cc;\">Aktuelles und Hintergr\u00fcnde aus der Welt des Autos.\u00a0Jetzt abonnieren.<\/span><\/a><\/strong><\/span><\/p>\n","protected":false},"excerpt":{"rendered":"<p>Der Begriff \u00abNachhaltigkeit\u00bb wird heute fast inflation\u00e4r verwendet und mehrheitlich als wertkonservative Haltung verstanden. Jedes Unternehmen sollte seine Aktivit\u00e4ten auf \u00f6kologische und soziale Nachhaltigkeit \u00fcberpr\u00fcfen und versuchen, einen m\u00f6glichst kleinen \u00abFootprint\u00bb aufzuweisen. Hat diese Strategie Zukunft oder blockiert Nachhaltigkeit den wirtschaftlichen Erfolg?<\/p>\n","protected":false},"author":27,"featured_media":2594,"comment_status":"open","ping_status":"open","sticky":false,"template":"","format":"standard","meta":{"_acf_changed":false,"inline_featured_image":false,"footnotes":""},"categories":[1232],"tags":[],"class_list":["post-2592","post","type-post","status-publish","format-standard","has-post-thumbnail","hentry","category-nachhaltigkeit"],"acf":[],"_links":{"self":[{"href":"https:\/\/www.amag-group.ch\/blog\/wp-json\/wp\/v2\/posts\/2592","targetHints":{"allow":["GET"]}}],"collection":[{"href":"https:\/\/www.amag-group.ch\/blog\/wp-json\/wp\/v2\/posts"}],"about":[{"href":"https:\/\/www.amag-group.ch\/blog\/wp-json\/wp\/v2\/types\/post"}],"author":[{"embeddable":true,"href":"https:\/\/www.amag-group.ch\/blog\/wp-json\/wp\/v2\/users\/27"}],"replies":[{"embeddable":true,"href":"https:\/\/www.amag-group.ch\/blog\/wp-json\/wp\/v2\/comments?post=2592"}],"version-history":[{"count":0,"href":"https:\/\/www.amag-group.ch\/blog\/wp-json\/wp\/v2\/posts\/2592\/revisions"}],"wp:featuredmedia":[{"embeddable":true,"href":"https:\/\/www.amag-group.ch\/blog\/wp-json\/wp\/v2\/media\/2594"}],"wp:attachment":[{"href":"https:\/\/www.amag-group.ch\/blog\/wp-json\/wp\/v2\/media?parent=2592"}],"wp:term":[{"taxonomy":"category","embeddable":true,"href":"https:\/\/www.amag-group.ch\/blog\/wp-json\/wp\/v2\/categories?post=2592"},{"taxonomy":"post_tag","embeddable":true,"href":"https:\/\/www.amag-group.ch\/blog\/wp-json\/wp\/v2\/tags?post=2592"}],"curies":[{"name":"wp","href":"https:\/\/api.w.org\/{rel}","templated":true}]}}