{"id":25739,"date":"2022-02-02T14:22:54","date_gmt":"2022-02-02T13:22:54","guid":{"rendered":"https:\/\/www.amag-group.ch\/blog\/?p=25739"},"modified":"2025-03-06T16:52:52","modified_gmt":"2025-03-06T15:52:52","slug":"spitzenkoch-andreas-caminada-in-der-audi-sport-manufaktur","status":"publish","type":"post","link":"https:\/\/www.amag-group.ch\/blog\/spitzenkoch-andreas-caminada-in-der-audi-sport-manufaktur\/","title":{"rendered":"Spitzenkoch Andreas Caminada in der Audi Sport Manufaktur"},"content":{"rendered":"  <div class=\"text-block\">\r\n    <p class=\"Copy\"><span lang=\"DE\">Der Audi e-tron GT sowie der RS e-tron GT wurden Mitte 2021 erfolgreich im Schweizer Markt eingef\u00fchrt. Per Ende Oktober 2021 sind bereits rund 300 e-tron GTs auf den Schweizer Strassen zugelassen. Damit belegt Audi den zweiten Platz im C-Limousinen Segment \u2013 unter denrein elektrischen Antrieben ist Audi mit dem e-tron GT in diesem Segment sogar f\u00fchrend.<\/span><\/p>\n<p class=\"Copy\"><span lang=\"DE\">Es ist klar &#8211; die Zukunft von Audi liegt in der Elektromobilit\u00e4t. Mit der Strategie <span style=\"text-decoration: underline;\"><a href=\"https:\/\/www.audi-mediacenter.com\/de\/pressemitteilungen\/vorsprung-2030-audi-beschleunigt-transformation-14180\">\u00abVorsprung 2030\u00bb<\/a><\/span>wird die traditionsreiche Marke f\u00fcr die Kunden und Kundinnen von Elektroautos zur Erlebniswelt mit eigenem \u00d6kosystem. Ab 2026 wird Audi ausserdem nur noch neue Modelle mit Elektroantrieb auf den Weltmarkt bringen und den legend\u00e4ren Claim \u00abVorsprung durch Technik\u00bb mit neuem Inhalt beleben. <\/span><\/p>\n<p class=\"Copy\"><span lang=\"DE\">In den Audi B\u00f6llinger H\u00f6fen am Standort Neckarsulm ist die Transformation heute schon Realit\u00e4t. Die Kleinserienfertigung und \u00abHome of Audi Sport\u00bb wurde 2014 f\u00fcr die Produktion des Audi R8 er\u00f6ffnet und 2019 auf- und umger\u00fcstet: Auf einer konzernweit einmaligen Montagelinie entstehen sowohl der Superportwagen Audi R8 als auch die neuen sportlichen Elektrolimousinen Audi e-tron GT quattro und RS e-tron GT. <\/span><\/p>\n  <\/div>\r\n\n\n<figure class=\"alignnone margins1\">\r\n      <img decoding=\"async\" data-src=\"https:\/\/www.amag-group.ch\/blog\/wp-content\/uploads\/2022\/02\/spitzenkoch-andreas-caminada-in-der-audi-sport-manufaktur-blog-amag-group-2.jpg\" src=\"#\" alt=\"Spitzenkoch Andreas Caminada in der Audi Sport Manufaktur - Blog der AMAG Group AG 1\" loading=\"lazy\" class=\"lazyload\">\r\n        <figcaption>Audi RS e-tron GT<\/figcaption>\r\n  <\/figure>\r\n\n\n  <div class=\"text-block\">\r\n    <p class=\"Copy\"><span lang=\"DE\">Bei der Integration des vollelektrischen GT (Gran Turismo) blieb das handwerkliche K\u00f6nnen aus der bisherigen Manufaktur erhalten, erg\u00e4nzt um digitale Prozesse und intelligente Technologien. W\u00e4hrend die Karosserie des Hochleistungssportwagens R8 und seiner Rennsport-Derivate fast vollst\u00e4ndig in Handarbeit hergestellt wird, entstehen die Karosserien des Audi e-tron GT zu zirka 85 Prozent automatisiert: In einer hochmodernen Aufbaulinie mit 34 Robotern.<\/span><\/p>\n  <\/div>\r\n\n\n<div class=\"text-v-imgs\">\r\n  <div class=\"row\">\r\n    <div class=\"col-lg-7\">\r\n      <p class=\"Copy\"><span lang=\"DE\">Neben den Hightech-Anlagen ist jedoch auch beim vollelektrischen Coup\u00e9 Handwerkskunst gefragt: Hochqualifizierte Mitarbeitende, die Karosserieteile des Audi Space Frame f\u00fcr den R8 von Hand schweissen, setzen ihr jahrelanges Knowhow auch gezielt in der Fertigung des e-tron GT ein. So entstehen in Handarbeit Schweissverbindungen in h\u00f6chster Pr\u00e4zision. F\u00fcr die Montage werden beide Modelle auf denselben fahrerlosen Transportfahrzeugen (FTF) und an einer elektrisch angetriebenen H\u00e4ngebahn bewegt. Auch hier z\u00e4hlt pr\u00e4zise und geschickte Handarbeit, in einigen Bereichen unterst\u00fctzt durch Roboter. So erfolgt das Montieren von Front- und Heckscheibe in einer Mensch-Roboter-Kooperation (MRK): Hier arbeiten Mensch und Roboter quasi Hand in Hand.<\/span><\/p>\n    <\/div>\r\n    <div class=\"col-lg-5\">\r\n              <div class=\"imags-wrapper\">\r\n                  <figure class=\"alignnone\">\r\n                                      <img decoding=\"async\" data-src=\"https:\/\/www.amag-group.ch\/blog\/wp-content\/uploads\/2022\/02\/spitzenkoch-andreas-caminada-in-der-audi-sport-manufaktur-blog-amag-group.jpg\" src=\"#\" alt=\"Spitzenkoch Andreas Caminada in der Audi Sport Manufaktur - Blog der AMAG Group AG\" loading=\"lazy\" class=\"lazyload\">\r\n                                              <\/figure>\r\n                  <\/div>\r\n          <\/div>\r\n  <\/div>\r\n<\/div>\r\n\n\n\n\n<div class=\"grid-images-wrapper\">\n\n  \n  \n    <div class=\"grid-zoom-imgs\">\n\n      \n        \n        \n          <a href=\"#\" data-fancybox=\"gallery\" data-src=\"https:\/\/www.amag-group.ch\/blog\/wp-content\/uploads\/2022\/02\/spitzenkoch-andreas-caminada-in-der-audi-sport-manufaktur-blog-amag-group-7.jpg\">\n\n            <img decoding=\"async\" data-src=\"https:\/\/www.amag-group.ch\/blog\/wp-content\/uploads\/2022\/02\/spitzenkoch-andreas-caminada-in-der-audi-sport-manufaktur-blog-amag-group-7.jpg\" src=\"#\" alt=\"Spitzenkoch Andreas Caminada in der Audi Sport Manufaktur - Blog der AMAG Group AG 6\" loading=\"lazy\" class=\"lazyload\">\n\n          <\/a>\n\n        \n      \n        \n        \n          <a href=\"#\" data-fancybox=\"gallery\" data-src=\"https:\/\/www.amag-group.ch\/blog\/wp-content\/uploads\/2022\/02\/spitzenkoch-andreas-caminada-in-der-audi-sport-manufaktur-blog-amag-group-6.jpg\">\n\n            <img decoding=\"async\" data-src=\"https:\/\/www.amag-group.ch\/blog\/wp-content\/uploads\/2022\/02\/spitzenkoch-andreas-caminada-in-der-audi-sport-manufaktur-blog-amag-group-6.jpg\" src=\"#\" alt=\"Spitzenkoch Andreas Caminada in der Audi Sport Manufaktur - Blog der AMAG Group AG 5\" loading=\"lazy\" class=\"lazyload\">\n\n          <\/a>\n\n        \n      \n        \n        \n          <a href=\"#\" data-fancybox=\"gallery\" data-src=\"https:\/\/www.amag-group.ch\/blog\/wp-content\/uploads\/2022\/02\/spitzenkoch-andreas-caminada-in-der-audi-sport-manufaktur-blog-amag-group-5.jpg\">\n\n            <img decoding=\"async\" data-src=\"https:\/\/www.amag-group.ch\/blog\/wp-content\/uploads\/2022\/02\/spitzenkoch-andreas-caminada-in-der-audi-sport-manufaktur-blog-amag-group-5.jpg\" src=\"#\" alt=\"Spitzenkoch Andreas Caminada in der Audi Sport Manufaktur - Blog der AMAG Group AG 4\" loading=\"lazy\" class=\"lazyload\">\n\n          <\/a>\n\n        \n      \n        \n        \n          <a href=\"#\" data-fancybox=\"gallery\" data-src=\"https:\/\/www.amag-group.ch\/blog\/wp-content\/uploads\/2022\/02\/spitzenkoch-andreas-caminada-in-der-audi-sport-manufaktur-blog-amag-group-4.jpg\">\n\n            <img decoding=\"async\" data-src=\"https:\/\/www.amag-group.ch\/blog\/wp-content\/uploads\/2022\/02\/spitzenkoch-andreas-caminada-in-der-audi-sport-manufaktur-blog-amag-group-4.jpg\" src=\"#\" alt=\"Spitzenkoch Andreas Caminada in der Audi Sport Manufaktur - Blog der AMAG Group AG 3\" loading=\"lazy\" class=\"lazyload\">\n\n          <\/a>\n\n        \n      \n        \n        \n          <a href=\"#\" data-fancybox=\"gallery\" data-src=\"https:\/\/www.amag-group.ch\/blog\/wp-content\/uploads\/2022\/02\/spitzenkoch-andreas-caminada-in-der-audi-sport-manufaktur-blog-amag-group-3.jpg\">\n\n            <img decoding=\"async\" data-src=\"https:\/\/www.amag-group.ch\/blog\/wp-content\/uploads\/2022\/02\/spitzenkoch-andreas-caminada-in-der-audi-sport-manufaktur-blog-amag-group-3.jpg\" src=\"#\" alt=\"Spitzenkoch Andreas Caminada in der Audi Sport Manufaktur - Blog der AMAG Group AG 2\" loading=\"lazy\" class=\"lazyload\">\n\n          <\/a>\n\n        \n      \n    <\/div>\n\n  \n<\/div>\n\n\n\n  <div class=\"text-block\">\r\n    <p><strong>Dieter Jermann, Brand Director Audi Schweiz<\/strong>, hat Audi Markenbotschafter und Spitzenkoch Andreas Caminada eingeladen, vor Ort mitzuerleben, wie beispielsweise der Audi RS e-tron GT \u2013 Caminadas neues \u00abDienstfahrzeug\u00bb \u2013 hergestellt wird. Der Schweizer Spitzenkoch (19 Punkte im GaultMillau, 3 Sterne im Guide Michelin) ist seit 2008 mit Audi unterwegs.<\/p>\n<p>Auf den 41\u2018000 Quadratmetern Produktionsfl\u00e4che der B\u00f6llinger H\u00f6fe k\u00f6nnen Dieter Jermann und Andreas Caminada miterleben, wie aus einer Rohkarosserie bei Audi mit einmaliger Ziehtiefe Schritt f\u00fcr Schritt ein fertiger Audi RS e-tron GT entsteht. \u00abDas ist schon sehr eindr\u00fccklich, wenn man mal live sieht, wie pr\u00e4zise und sauber hier gearbeitet wird. Das erinnert mich durchaus an unsere K\u00fcche auf Schloss Schauenstein\u00bb, sagt Andreas Caminada.\u00a0<\/p>\n  <\/div>\r\n\n\n<div class=\"text-with-post\">\r\n  <div class=\"row\">\r\n    <div class=\"col-lg-7\">\r\n              <p>F\u00fcr Brand Director Dieter Jermann ist \u00abdie Mischung aus Handwerkskunst und Smart Factory\u00bb beeindruckend, wie er sagt. \u00abHier sieht man sehr anschaulich, wie Transformation gelingen kann, wenn intelligente und digitale L\u00f6sungen mit menschlichen Fertigkeiten verzahnt werden\u00bb, sagt Dieter Jermann.<\/p>\n<p>Der Produktionsstandort B\u00f6llinger H\u00f6fe wurde 2019 in kurzer Zeit auf die Herstellung der Modelle Audi e-tron GT quattro und RS e-tron GT umgestellt und angepasst. Seit 2020 werden die beiden dynamischen Gran Turismos hier gebaut. Heute schon produziert man in den B\u00f6llinger H\u00f6fen <span style=\"text-decoration: underline;\"><a href=\"https:\/\/www.amag-group.ch\/blog\/wie-wird-ein-auto-klimaneutral-produziert\/\">bilanziell CO2-neutral<\/a><\/span>: W\u00e4rme und Strom f\u00fcr die Produktionsst\u00e4tte bezieht Audi aus regenerativen Quellen. Emissionen, die derzeit noch nicht vermieden werden k\u00f6nnen, gleicht Audi mit Carbon Credits aus zertifizierten Klimaschutzprojekten aus.<\/p>\n          <\/div>\r\n    <div class=\"col-lg-5 col-xl-4\">\r\n      <div class=\"wrapper-right\">\r\n                <figure class=\"post\">\n  <a href=\"https:\/\/www.amag-group.ch\/blog\/wie-wird-ein-auto-klimaneutral-produziert\/\" class=\"img\">\n                <img decoding=\"async\" class=\"lazyload\" src=\"#\" data-src=\"https:\/\/www.amag-group.ch\/blog\/wp-content\/uploads\/2020\/12\/A193043_large-768x512.jpg\" alt=\"Wie wird ein Auto klimaneutral produziert? - Blog der AMAG Group AG 1\">\n      <\/a>\n  <figcaption>\n    <div class=\"wrap-text\">\n      <ul class=\"post-info\">\n        <li><a href=\"https:\/\/www.amag-group.ch\/blog\/author\/christine\/\">Christine Hasler<\/a><\/li>\n        <li>Dienstag, 05. Januar 2021<\/li>\n      <\/ul>\n      <h3><a href=\"https:\/\/www.amag-group.ch\/blog\/wie-wird-ein-auto-klimaneutral-produziert\/\">Wie wird ein Auto klimaneutral produziert?<\/a><\/h3>\n            <p><a href=\"https:\/\/www.amag-group.ch\/blog\/wie-wird-ein-auto-klimaneutral-produziert\/\">Ob ein Elektroauto nachhaltig ist, zeigt sich nicht nur am Antrieb, sondern auch in der Produktion. So stellen die Werke&#8230;<\/a><\/p>\n    <\/div>\n    <div class=\"bottom\">\n                    <ul class=\"cat-links\">\n          <li><a href=\"https:\/\/www.amag-group.ch\/blog\/category\/tipps-und-tricks-von-dr-amag\/\">Tipps und Tricks von Dr. AMAG<\/a><\/li>        <\/ul>\n            <ul class=\"info-icons\">\n        <li>\n          <div class=\"icon-holder\">\n            <img decoding=\"async\" data-src=\"https:\/\/www.amag-group.ch\/blog\/wp-content\/themes\/autoblog-v2\/images\/icon-00001.svg\" src=\"#\" alt=\"image description\" loading=\"lazy\" class=\"lazyload\">\n          <\/div>5        <\/li>\n                  <li>\n            <div class=\"icon-holder\">\n              <img decoding=\"async\" data-src=\"https:\/\/www.amag-group.ch\/blog\/wp-content\/themes\/autoblog-v2\/images\/icon-00002.svg\" src=\"#\" alt=\"image description\" loading=\"lazy\" class=\"lazyload\">\n            <\/div>4955          <\/li>\n                <li>\n          <div class=\"share-block\">\r\n  <div class=\"icon-holder\"><img decoding=\"async\" data-src=\"https:\/\/www.amag-group.ch\/blog\/wp-content\/themes\/autoblog-v2\/images\/icon-00003.svg\" src=\"#\" alt=\"image description\" loading=\"lazy\" class=\"svg-html lazyload\"><\/div>\r\n  <div class=\"share-icons-wrapper\">\r\n    <ul class=\"share-icons\">\r\n       \r\n      <li><a href=\"https:\/\/wa.me\/?text=https:\/\/www.amag-group.ch\/blog\/wie-wird-ein-auto-klimaneutral-produziert\/\" target=\"_blank\"><i class=\"fab fa-whatsapp\"><\/i><\/a><\/li>\r\n      <li><a href=\"http:\/\/www.facebook.com\/sharer.php?u=https:\/\/www.amag-group.ch\/blog\/wie-wird-ein-auto-klimaneutral-produziert\/\" target=\"_blank\"><i class=\"fab fa-facebook-f\"><\/i><\/a><\/li>\r\n      <li><a href=\"http:\/\/www.linkedin.com\/shareArticle?mini=true&amp;url=https:\/\/www.amag-group.ch\/blog\/wie-wird-ein-auto-klimaneutral-produziert\/\" target=\"_blank\"><i class=\"fab fa-linkedin-in\"><\/i><\/a><\/li>\r\n      <li><a href=\"http:\/\/twitter.com\/share?url=https:\/\/www.amag-group.ch\/blog\/wie-wird-ein-auto-klimaneutral-produziert\/&amp;text=Wie+wird+ein+Auto+klimaneutral+produziert%3F\" target=\"_blank\"><i class=\"fab fa-twitter\"><\/i><\/a><\/li>\r\n      <!-- <li><a href=\"#\" target=\"_blank\"><i class=\"fab fa-instagram\"><\/i><\/a><\/li> -->\r\n                    <li><a href=\"http:\/\/pinterest.com\/pin\/create\/button\/?url=https%3A%2F%2Fwww.amag-group.ch%2Fblog%2Fwie-wird-ein-auto-klimaneutral-produziert%2F&#038;media=https%3A%2F%2Fwww.amag-group.ch%2Fblog%2Fwp-content%2Fuploads%2F2020%2F12%2FA193043_large-scaled.jpg&#038;description=Wie wird ein Auto klimaneutral produziert?\" class=\"pin-it-button\" count-layout=\"horizontal\"  target=\"_blank\"><span class=\"fab fa-pinterest-p\"><\/span><\/a><\/li>\r\n            <li><a class=\"link-copy\" href=\"https:\/\/www.amag-group.ch\/blog\/wie-wird-ein-auto-klimaneutral-produziert\/\" target=\"_blank\"><i class=\"far fa-clone\"><\/i><\/a><\/li>\r\n    <\/ul>\r\n  <\/div>\r\n<\/div>        <\/li>\n      <\/ul>\n    <\/div>\n  <\/figcaption>\n<\/figure>      <\/div>\r\n    <\/div>\r\n  <\/div>\r\n<\/div>\r\n\n\n<div class=\"about-person type2 full-mob\">\r\n  <div class=\"text-holder\">\r\n          <h3 class=\"h3\">Zwei Fragen von Andreas Caminada an Linda Kurz, Leiterin Produktmarketing Fahrzeuge Audi Sport GmbH<\/h3>\r\n        <h3>Andreas Caminada: F\u00fcr mich ist jeder kleinste Bestandteil der Gerichte wichtig und ich w\u00e4hle mit Bedacht jede einzelne Zutat selbst aus. Wie ist dies bei euch, aus welchen Zutaten entsteht der Audi e-tron GT?<\/h3>\n<p>Linda Kurz: Interessante Frage, obwohl die Parallelen zwischen Kochen und Automobilbau nicht offensichtlich sind, l\u00e4sst sich dennoch eine Antwort finden: Der Audi e-tron GT f\u00fcgt der Audi-Geschichte ein neues Kapitel hinzu, indem er das sportliche Flair in eine neue Dimension bringt. Wir zeigen insbesondere mit dem Audi RS e-tron GT, was technologisch machbar ist. Er ist die elektrische Speerspitze in unserem Produktportfolio, ausgestattet mit den f\u00fcr ein Automobil bestm\u00f6glichen Zutaten, bspw. eine f\u00fcr Elektromobile notwendige schnelle Ladem\u00f6glichkeit oder einer adaptiven Luftfederung, die eine grosse Spreizung zwischen Komfort und Sportlichkeit erlaubt. Und nicht zu vergessen, eine ganz spezielle Zutat: der e-tron Sportsound, <span style=\"text-decoration: underline;\"><a href=\"https:\/\/www.amag-group.ch\/blog\/wie-lautlos-sind-elektroautos\/\">entwickelt von unseren eigenen Sound-Ingenieuren<\/a><\/span>.<\/p>\n<h3>Die Kreation eines neuen Gerichtes dauert oft zahlreiche Wochen, bis es perfekt ist. Wie lange dauern die finalen Abstimmungen an einem Fahrzeug, und welche besonderen Schritte bis zur Perfektion sind bei euch unabdingbar?<\/h3>\n<p>Das ist bei uns \u00e4hnlich. Auch wir legen ein sehr hohes Mass auf eine perfekte Abstimmung des Fahrzeuges. F\u00fcr unsere Kunden soll es sich nach einem typischen Audi anf\u00fchlen in allen Belangen. Dazu z\u00e4hlt beispielsweise die Bedienung aber auch die Fahrwerks- und Lenkungsabstimmung. Es war uns elementar wichtig, das Audi-typische Fahrgef\u00fchl auch im Bereich sportlicher Elektromobilit\u00e4t zu erreichen, um insbesondere mit Audi RS e-tron GT den Anforderungen einer sehr anspruchsvollen Kundengruppe gerecht zu werden.<\/p>\n  <\/div>\r\n<\/div>\r\n","protected":false},"excerpt":{"rendered":"","protected":false},"author":92,"featured_media":25740,"comment_status":"open","ping_status":"open","sticky":false,"template":"","format":"standard","meta":{"_acf_changed":false,"inline_featured_image":false,"footnotes":""},"categories":[8119],"tags":[],"class_list":["post-25739","post","type-post","status-publish","format-standard","has-post-thumbnail","hentry","category-auto-technik"],"acf":[],"_links":{"self":[{"href":"https:\/\/www.amag-group.ch\/blog\/wp-json\/wp\/v2\/posts\/25739","targetHints":{"allow":["GET"]}}],"collection":[{"href":"https:\/\/www.amag-group.ch\/blog\/wp-json\/wp\/v2\/posts"}],"about":[{"href":"https:\/\/www.amag-group.ch\/blog\/wp-json\/wp\/v2\/types\/post"}],"author":[{"embeddable":true,"href":"https:\/\/www.amag-group.ch\/blog\/wp-json\/wp\/v2\/users\/92"}],"replies":[{"embeddable":true,"href":"https:\/\/www.amag-group.ch\/blog\/wp-json\/wp\/v2\/comments?post=25739"}],"version-history":[{"count":3,"href":"https:\/\/www.amag-group.ch\/blog\/wp-json\/wp\/v2\/posts\/25739\/revisions"}],"predecessor-version":[{"id":31629,"href":"https:\/\/www.amag-group.ch\/blog\/wp-json\/wp\/v2\/posts\/25739\/revisions\/31629"}],"wp:featuredmedia":[{"embeddable":true,"href":"https:\/\/www.amag-group.ch\/blog\/wp-json\/wp\/v2\/media\/25740"}],"wp:attachment":[{"href":"https:\/\/www.amag-group.ch\/blog\/wp-json\/wp\/v2\/media?parent=25739"}],"wp:term":[{"taxonomy":"category","embeddable":true,"href":"https:\/\/www.amag-group.ch\/blog\/wp-json\/wp\/v2\/categories?post=25739"},{"taxonomy":"post_tag","embeddable":true,"href":"https:\/\/www.amag-group.ch\/blog\/wp-json\/wp\/v2\/tags?post=25739"}],"curies":[{"name":"wp","href":"https:\/\/api.w.org\/{rel}","templated":true}]}}