{"id":23863,"date":"2021-11-26T09:51:00","date_gmt":"2021-11-26T08:51:00","guid":{"rendered":"https:\/\/autoblog.amag.ch\/?p=23851"},"modified":"2022-07-18T15:02:33","modified_gmt":"2022-07-18T13:02:33","slug":"aus-gutem-holz-geschnitzt-das-family-business-award-gewinnerunternehmen-killer-interior-ag","status":"publish","type":"post","link":"https:\/\/www.amag-group.ch\/blog\/aus-gutem-holz-geschnitzt-das-family-business-award-gewinnerunternehmen-killer-interior-ag\/","title":{"rendered":"Aus gutem Holz geschnitzt \u2013 das Family Business Award-Gewinnerunternehmen Killer Interior AG"},"content":{"rendered":"<h3><strong>Marco, du bist Inhaber und Verwaltungsratspr\u00e4sident der Killer Interior AG. Seit wann leitest du das Familienunternehmen?<\/strong><\/h3>\n<p>Ich bin Ende 2008 in das Unternehmen eingetreten. 2011 habe ich im Rahmen der familieninternen Unternehmensnachfolge die Gesch\u00e4ftsf\u00fchrung in dritter Generation von meinem Vater Josef Killer \u00fcbernommen. Damit ich mich vermehrt auf die strategische Weiterentwicklung des Unternehmens fokussieren konnte, wurde 2016 Thomas W\u00fcrtenberger zum CEO der Killer Interior AG ernannt und ist bis heute in dieser Funktion t\u00e4tig.<\/p>\n<h3><strong>War die \u00dcbernahme des Familienunternehmens schon immer ein Traum von dir?<\/strong><\/h3>\n<p>Nein, nicht von Anfang an. Ein Einstieg ins Familienunternehmen war f\u00fcr mich zwar immer eine Option, jedoch wollte ich zuerst meinen \u00abeigenen Weg\u00bb einschlagen. Deshalb habe ich nach meinem Studium in der Wirtschaftspr\u00fcfung gearbeitet und bin dann erst einige Jahre sp\u00e4ter ins elterliche Unternehmen eingestiegen.<\/p>\n<p>&nbsp;<\/p>\n","protected":false},"excerpt":{"rendered":"<p>Mit Marco Killer, Inhaber und Verwaltungsratspr\u00e4sident, sprechen wir \u00fcber Geschichte, Alltag und Zukunft.<\/p>\n","protected":false},"author":63,"featured_media":24052,"comment_status":"open","ping_status":"open","sticky":true,"template":"","format":"standard","meta":{"_acf_changed":false,"inline_featured_image":false,"footnotes":""},"categories":[1232],"tags":[],"class_list":["post-23863","post","type-post","status-publish","format-standard","has-post-thumbnail","hentry","category-nachhaltigkeit"],"acf":[],"_links":{"self":[{"href":"https:\/\/www.amag-group.ch\/blog\/wp-json\/wp\/v2\/posts\/23863","targetHints":{"allow":["GET"]}}],"collection":[{"href":"https:\/\/www.amag-group.ch\/blog\/wp-json\/wp\/v2\/posts"}],"about":[{"href":"https:\/\/www.amag-group.ch\/blog\/wp-json\/wp\/v2\/types\/post"}],"author":[{"embeddable":true,"href":"https:\/\/www.amag-group.ch\/blog\/wp-json\/wp\/v2\/users\/63"}],"replies":[{"embeddable":true,"href":"https:\/\/www.amag-group.ch\/blog\/wp-json\/wp\/v2\/comments?post=23863"}],"version-history":[{"count":2,"href":"https:\/\/www.amag-group.ch\/blog\/wp-json\/wp\/v2\/posts\/23863\/revisions"}],"predecessor-version":[{"id":27237,"href":"https:\/\/www.amag-group.ch\/blog\/wp-json\/wp\/v2\/posts\/23863\/revisions\/27237"}],"wp:featuredmedia":[{"embeddable":true,"href":"https:\/\/www.amag-group.ch\/blog\/wp-json\/wp\/v2\/media\/24052"}],"wp:attachment":[{"href":"https:\/\/www.amag-group.ch\/blog\/wp-json\/wp\/v2\/media?parent=23863"}],"wp:term":[{"taxonomy":"category","embeddable":true,"href":"https:\/\/www.amag-group.ch\/blog\/wp-json\/wp\/v2\/categories?post=23863"},{"taxonomy":"post_tag","embeddable":true,"href":"https:\/\/www.amag-group.ch\/blog\/wp-json\/wp\/v2\/tags?post=23863"}],"curies":[{"name":"wp","href":"https:\/\/api.w.org\/{rel}","templated":true}]}}