{"id":23749,"date":"2021-11-16T06:57:15","date_gmt":"2021-11-16T05:57:15","guid":{"rendered":"https:\/\/autoblog.amag.ch\/?p=23749"},"modified":"2025-03-21T09:48:34","modified_gmt":"2025-03-21T08:48:34","slug":"einblick-in-den-ernst-des-lebens-der-nationale-zukunftstag-bei-der-amag","status":"publish","type":"post","link":"https:\/\/www.amag-group.ch\/blog\/einblick-in-den-ernst-des-lebens-der-nationale-zukunftstag-bei-der-amag\/","title":{"rendered":"Einblick in den Ernst des Lebens \u2013 der Nationale Zukunftstag bei der AMAG"},"content":{"rendered":"<p>Am 11. November 2021 fand zum ersten Mal der Nationale Zukunftstag im neuen Hauptsitz der AMAG in Cham statt. Mit der Gruppe von 40 Kindern im Alter zwischen 10 und 13 Jahren startete der Morgen direkt mit dem Schnuppern von Werkstatt-Luft. Nebst dem \u00abKlassiker\u00bb \u2013 ein Auto auf der Hebeb\u00fchne \u2013 durften die Kinder weitere Blicke hinter die Kulissen erhaschen. Was passiert genau in einer Garage, wie funktioniert ein Radwechsel und was l\u00e4uft sonst alles in einer Werkstatt ab? Diese und viele weitere Fragen der neugierigen Kinder und Jugendlichen wurden vor Ort von unseren Spezialisten beantwortet. Ein (lautes) Highlight mit \u00dcberraschungseffekt war definitiv der Airbag, der mit einem ohrenbet\u00e4ubenden Knall zum Ausl\u00f6sen gebracht wurde.<\/p>\n","protected":false},"excerpt":{"rendered":"<p>40 Kinder von Angestellten der AMAG schnupperten am Nationalen Zukunftstag Werkstatt- und B\u00fcroluft. Spiel und Spass gingen dabei nicht vergessen.<\/p>\n","protected":false},"author":84,"featured_media":24035,"comment_status":"open","ping_status":"open","sticky":true,"template":"","format":"standard","meta":{"_acf_changed":false,"inline_featured_image":false,"footnotes":""},"categories":[9816],"tags":[],"class_list":["post-23749","post","type-post","status-publish","format-standard","has-post-thumbnail","hentry","category-next-generation"],"acf":[],"_links":{"self":[{"href":"https:\/\/www.amag-group.ch\/blog\/wp-json\/wp\/v2\/posts\/23749","targetHints":{"allow":["GET"]}}],"collection":[{"href":"https:\/\/www.amag-group.ch\/blog\/wp-json\/wp\/v2\/posts"}],"about":[{"href":"https:\/\/www.amag-group.ch\/blog\/wp-json\/wp\/v2\/types\/post"}],"author":[{"embeddable":true,"href":"https:\/\/www.amag-group.ch\/blog\/wp-json\/wp\/v2\/users\/84"}],"replies":[{"embeddable":true,"href":"https:\/\/www.amag-group.ch\/blog\/wp-json\/wp\/v2\/comments?post=23749"}],"version-history":[{"count":1,"href":"https:\/\/www.amag-group.ch\/blog\/wp-json\/wp\/v2\/posts\/23749\/revisions"}],"predecessor-version":[{"id":24963,"href":"https:\/\/www.amag-group.ch\/blog\/wp-json\/wp\/v2\/posts\/23749\/revisions\/24963"}],"wp:featuredmedia":[{"embeddable":true,"href":"https:\/\/www.amag-group.ch\/blog\/wp-json\/wp\/v2\/media\/24035"}],"wp:attachment":[{"href":"https:\/\/www.amag-group.ch\/blog\/wp-json\/wp\/v2\/media?parent=23749"}],"wp:term":[{"taxonomy":"category","embeddable":true,"href":"https:\/\/www.amag-group.ch\/blog\/wp-json\/wp\/v2\/categories?post=23749"},{"taxonomy":"post_tag","embeddable":true,"href":"https:\/\/www.amag-group.ch\/blog\/wp-json\/wp\/v2\/tags?post=23749"}],"curies":[{"name":"wp","href":"https:\/\/api.w.org\/{rel}","templated":true}]}}