{"id":23242,"date":"2021-09-03T13:21:57","date_gmt":"2021-09-03T11:21:57","guid":{"rendered":"https:\/\/www.amag-group.ch\/blog\/?p=23242"},"modified":"2025-03-06T16:54:50","modified_gmt":"2025-03-06T15:54:50","slug":"die-zukunft-steht-unter-strom-alles-rund-um-elektromobilitaet-auf-drive-electric","status":"publish","type":"post","link":"https:\/\/www.amag-group.ch\/blog\/die-zukunft-steht-unter-strom-alles-rund-um-elektromobilitaet-auf-drive-electric\/","title":{"rendered":"Die Zukunft steht unter Strom: Alles rund um Elektromobilit\u00e4t auf drive-electric"},"content":{"rendered":"<p>Zu diesen Hauptthemen findest du Informationen, News, Hintergr\u00fcnde und Wissenswertes:<\/p>\n<ul>\n<li><strong><span style=\"text-decoration: underline;\"><a href=\"https:\/\/www.drive-electric.ch\/de\/aktuell.html\">Aktuell<\/a><\/span>: <\/strong>Die Verkaufszahlen sprechen f\u00fcr sich: Auf Schweizer Strassen sind zunehmend reine Elektroautos oder Fahrzeuge mit Hybridantrieb unterwegs. Die Begeisterung f\u00fcr die umweltfreundliche Art der individuellen Mobilit\u00e4t w\u00e4chst und w\u00e4chst. Erlebe Elektromobilit\u00e4t live vor Ort <span style=\"text-decoration: underline;\"><a href=\"https:\/\/www.amag-group.ch\/blog\/eintauchen-in-die-welt-von-the-square\/\">im the square<\/a><\/span> oder dem <span style=\"text-decoration: underline;\"><a href=\"https:\/\/www.amag-group.ch\/blog\/porsche-im-herzen-von-zuerich\/\">Porsche Pop-Up Store<\/a><\/span> oder finde den Partner in deiner N\u00e4he f\u00fcr eine Probefahrt.<\/li>\n<li><strong><span style=\"text-decoration: underline;\"><a href=\"https:\/\/www.drive-electric.ch\/de\/generell.html\" target=\"_blank\" rel=\"noopener noreferrer\">E-Mobilit\u00e4t<\/a><\/span>: <\/strong>Elektromobilit\u00e4t wird zwar immer allt\u00e4glicher, aber noch kursieren viele falsche Vorurteile und es gibt einige Unklarheiten. Wieviel kostet ein Elektroauto tats\u00e4chlich und wie weit komme ich damit? Auf \u00abdrive-electric.ch\u00bb findest du Antworten auf h\u00e4ufige Fragen und Informationen rund um die Elektromobilit\u00e4t und dar\u00fcber hinaus.<\/li>\n<li><strong><span style=\"text-decoration: underline;\"><a href=\"https:\/\/www.drive-electric.ch\/de\/laden-und-umwelt.html\" target=\"_blank\" rel=\"noopener noreferrer\">Laden &amp; Umwelt<\/a><\/span>: <\/strong>Wie finde ich Elektroladestationen im Ausland? Wie funktioniert eine E-Auto Batterie \u00fcberhaupt? Bei der Elektromobilit\u00e4t stehen die Ladesituation, -leistung und -zeit im Fokus. Je besser diese Faktoren sind, desto attraktiver werden E-Autos und leisten einen Beitrag, um die Schweiz bis 2050 klimaneutral zu machen. \u00dcber die gesamte Lebensdauer haben E-Autos die beste Klimabilanz aller Antriebsarten \u2013 hier erf\u00e4hrst du, wieso das so ist.<\/li>\n<li><strong><span style=\"text-decoration: underline;\"><a href=\"https:\/\/www.drive-electric.ch\/de\/e-volution.html\" target=\"_blank\" rel=\"noopener noreferrer\">E-Volution<\/a><\/span>: <\/strong>Um in der Automobilbranche am Puls der Zeit zu sein, muss man die Zukunft vorwegnehmen, Trends aufsp\u00fcren oder selber setzen und in die Forschung investieren. Kaum eine andere Branche ist fortschrittlicher und steckt mehr Geld in die Entwicklung neuer Technologien. Das zeigt sich aktuell deutlich bei der Elektromobilit\u00e4t, an der schon seit fast 200 Jahren geforscht wird.<\/li>\n<li><strong><span style=\"text-decoration: underline;\"><a href=\"https:\/\/www.drive-electric.ch\/de\/erfahrungen-und-emotionen.html\" target=\"_blank\" rel=\"noopener noreferrer\">Erfahrungen &amp; Emotionen<\/a><\/span>: <\/strong>Die Fahrt mit einem Elektroauto ist immer auch mit viel Emotionen und Spass verbunden. Kundinnen und Kunden, Mitarbeiterinnen und Mitarbeiter oder H\u00e4ndler berichten von ihren Erfahrungen. Nicht selten \u00e4ndert eine erste Testfahrt die Meinung \u00fcber Elektromobilit\u00e4t.<\/li>\n<li><strong><span style=\"text-decoration: underline;\"><a href=\"https:\/\/www.drive-electric.ch\/de\/marken-und-modelle.html\" target=\"_blank\" rel=\"noopener noreferrer\">Marken &amp; Modelle<\/a><\/span>: <\/strong>Jede Marke, die AMAG vertreibt, hat mittlerweile reine Elektroautos und\/oder Plug-in-Hybride im Sortiment. Und es werden immer mehr. Bis 2030 bringt der Volkswagen-Konzern bis zu 70 reine E-Modelle auf den Markt \u2013 das ist die gr\u00f6sste E-Offensive der Automobilindustrie.<\/li>\n<\/ul>\n<p>Neugierig? Lass dich inspirieren: <span style=\"text-decoration: underline;\"><a href=\"https:\/\/www.drive-electric.ch\/de.html\">Hier geht es zu drive-electric.ch<\/a><\/span>. Hast du selbst eine Frage oder m\u00f6chtest mehr Informationen? Wende dich an <span style=\"text-decoration: underline;\"><a href=\"mailto:drive-electric@amag.ch\">drive-electric@amag.ch<\/a><\/span>.<\/p>\n<p><iframe title=\"YouTube video player\" src=\"https:\/\/www.youtube.com\/embed\/zcYuSTyIykQ\" width=\"560\" height=\"315\" frameborder=\"0\" allowfullscreen=\"allowfullscreen\"><\/iframe><\/p>\n","protected":false},"excerpt":{"rendered":"<p>Elektromobilit\u00e4t ist das Thema der Stunde in der Autobranche. Mit der neu lancierten Community-Plattform \u00abdrive-electric.ch\u00bb beantwortet die AMAG Fragen rund um die individuelle Elektromobilit\u00e4t, r\u00e4umt mit Vorurteilen auf und greift aber auch kritische Themen zur neuen Technologie auf. Die neue Webpr\u00e4senz zeigt die verschiedenen Facetten der Elektromobilit\u00e4t, schaut in die Vergangenheit und zeigt, wohin die Reise gehen k\u00f6nnte.<\/p>\n","protected":false},"author":82,"featured_media":23245,"comment_status":"open","ping_status":"open","sticky":true,"template":"","format":"standard","meta":{"_acf_changed":false,"inline_featured_image":false,"footnotes":""},"categories":[9960],"tags":[],"class_list":["post-23242","post","type-post","status-publish","format-standard","has-post-thumbnail","hentry","category-moebilitaet-der-zukunft"],"acf":[],"_links":{"self":[{"href":"https:\/\/www.amag-group.ch\/blog\/wp-json\/wp\/v2\/posts\/23242","targetHints":{"allow":["GET"]}}],"collection":[{"href":"https:\/\/www.amag-group.ch\/blog\/wp-json\/wp\/v2\/posts"}],"about":[{"href":"https:\/\/www.amag-group.ch\/blog\/wp-json\/wp\/v2\/types\/post"}],"author":[{"embeddable":true,"href":"https:\/\/www.amag-group.ch\/blog\/wp-json\/wp\/v2\/users\/82"}],"replies":[{"embeddable":true,"href":"https:\/\/www.amag-group.ch\/blog\/wp-json\/wp\/v2\/comments?post=23242"}],"version-history":[{"count":1,"href":"https:\/\/www.amag-group.ch\/blog\/wp-json\/wp\/v2\/posts\/23242\/revisions"}],"predecessor-version":[{"id":31631,"href":"https:\/\/www.amag-group.ch\/blog\/wp-json\/wp\/v2\/posts\/23242\/revisions\/31631"}],"wp:featuredmedia":[{"embeddable":true,"href":"https:\/\/www.amag-group.ch\/blog\/wp-json\/wp\/v2\/media\/23245"}],"wp:attachment":[{"href":"https:\/\/www.amag-group.ch\/blog\/wp-json\/wp\/v2\/media?parent=23242"}],"wp:term":[{"taxonomy":"category","embeddable":true,"href":"https:\/\/www.amag-group.ch\/blog\/wp-json\/wp\/v2\/categories?post=23242"},{"taxonomy":"post_tag","embeddable":true,"href":"https:\/\/www.amag-group.ch\/blog\/wp-json\/wp\/v2\/tags?post=23242"}],"curies":[{"name":"wp","href":"https:\/\/api.w.org\/{rel}","templated":true}]}}