{"id":23163,"date":"2025-05-27T14:00:14","date_gmt":"2025-05-27T12:00:14","guid":{"rendered":"https:\/\/www.amag-group.ch\/blog\/?p=23163"},"modified":"2025-06-04T14:50:03","modified_gmt":"2025-06-04T12:50:03","slug":"ambition-netto-null-20240","status":"publish","type":"post","link":"https:\/\/www.amag-group.ch\/blog\/ambition-netto-null-20240\/","title":{"rendered":"Netto-Null 2040: Die Ambition der AMAG Gruppe"},"content":{"rendered":"<p>W\u00e4hrend das Umweltbewusstsein der Gesellschaft in den letzten Jahren wuchs, entstanden innerhalb der Automobilbranche tiefgreifende Transformationsprozesse, die von neuen Antrieben wie der Elektromobilit\u00e4t, \u00fcber innovative Technologien bis hin zu einer umweltvertr\u00e4glicheren Wirtschaftsweise reichten.<\/p>\r\n<p>Mit der Bekennung zu \u00abNetto-Null 2050\u00bb des Bundes im August 2019 pr\u00e4sentierte die AMAG Gruppe 2021 ihre eigene Klimastrategie und ihre Ambition \u00abNetto-Null 2040\u00bb. Das Unternehmen m\u00f6chte so seinen Beitrag zum Ziel des Bundes, bis 2050 nicht mehr CO2-Emissionen in die Atmosph\u00e4re auszustossen, als nat\u00fcrliche und technische Speicher aufnehmen k\u00f6nnen, leisten:<\/p>\r\n<h4 style=\"text-align: center;\">\u00abEine nachhaltige Gesch\u00e4ftsstrategie entspringt dem Selbstverst\u00e4ndnis der AMAG Gruppe als wertebasiertes Schweizer Familienunternehmen.\u00bb<br \/>\r\nHelmut Ruhl, CEO der AMAG Group AG<\/h4>\r\n<p>Denn das Mobilit\u00e4tsbed\u00fcrfnis der Schweizer Bev\u00f6lkerung w\u00e4chst und damit steigt auch die Verantwortung f\u00fcr die dabei entstehenden CO2-Emissionen. Als eines der gr\u00f6ssten Automobilunternehmen der Schweiz ist sich die AMAG Gruppe ihrer Verantwortung f\u00fcr die Umwelt und das Klima bewusst und arbeitet intensiv an nachhaltigen Mobilit\u00e4tsl\u00f6sungen f\u00fcr die Schweizer Bev\u00f6lkerung.<\/p>\r\n<p>Aber auch die Dekarbonisierung des eigenen Unternehmens wird mit der Elektrifizierung der eigenen Unternehmensflotte oder dem Ausbau von Photovoltaikanlagen auf AMAG Immobilien intensiv angegangen.<\/p>\r\n<h3><strong>Ambition \u00abNetto-Null 2040\u00bb: Bereit f\u00fcr eine nachhaltige Zukunft<\/strong><\/h3>\r\n<p>Mit ihrer 2021 pr\u00e4sentierten Klimastrategie und der Ambition \u00abNetto-Null 2040\u00bb, oder auch Net Zero 2040, arbeitet die AMAG Gruppe zielstrebig daran, als Unternehmen entlang ihrer gesamten Wertsch\u00f6pfungskette von der Produktion, der Verwendung und dem Recycling bis 2040 einen klimaneutralen Fussabdruck zu erreichen.<\/p>\r\n<p>2024 best\u00e4tigte die Science Based Targets initiative (SBTi) die Klimaziele der AMAG Gruppe. Das Familienunternehmen verpflichtete sich freiwillig gegen\u00fcber den Methoden der SBTi.<\/p>\r\n<p>So m\u00f6chte die AMAG Gruppe mit dem SBTi-Near-Term-Ziel bis 2030 eine CO2-Reduktion von 50% in Scope 1, den direkten CO2-Emissionen aus dem Verbrauch von Diesel, Erd\u00f6l oder Benzin, und Scope 2, den indirekten CO2-Emissionen aus der Nutzung von Fernw\u00e4rme oder eingekauftem Strom, erreichen. Ebenfalls sollen bis 2030 Scope 3 Emissionen, die durch den Verkauf und die Nutzung von Fahrzeugen entstehen, um 50% reduziert werden.\u00a0<\/p>\r\n<p>  <div class=\"text-block\">\r\n    <p><strong>Mit diesen Massnahmen verfolgt die AMAG Gruppe die Ambition Netto-Null 2040: <\/strong><\/p>\n  <\/div>\r\n<\/p>\r\n<p>  <div class=\"accordion accordion-flush\" id=\"accordionFlushExample\">\n     \n      <div class=\"accordion-item\" id=\"erneuerbare-mobilitaet\">\n        <h3 class=\"accordion-header\" id=\"flush-heading-0\">\n          <button class=\"accordion-button collapsed\" type=\"button\" data-bs-toggle=\"collapse\" data-bs-target=\"#flush-collapse-0\" aria-expanded=\"false\" aria-controls=\"flush-collapse-0\">\n            Erneuerbare Mobilit\u00e4t          <\/button>\n        <\/h3>\n        <div id=\"flush-collapse-0\" class=\"accordion-collapse collapse\" aria-labelledby=\"flush-heading-0\">\n          <div class=\"accordion-body\">\n            <p>Die Zukunft der Mobilit\u00e4t wird elektrisch sein und einen wichtigen Beitrag zur Erreichung des Ziels \u00abNetto-Null 2050\u00bb der Schweiz leisten. F\u00fcr diese elektrische Zukunft bietet die AMAG Gruppe ihren Kundinnen und Kunden nicht nur eine breite Palette an Elektroautos und Hybrid-Fahrzeugen der Marken VW, SEAT, Skoda, Cupra und VW Nutzfahrzeuge, sondern verbindet Elektromobilit\u00e4t \u00fcber PV-Anlagen und Ladel\u00f6sungen mit erneuerbaren Energien und verbindet die beiden Sektoren Mobilit\u00e4t und Energie zur Erneuerbaren Mobilit\u00e4t. Dadurch entwickelt sie sich fortlaufend zu einer Anbieterin ganzheitlicher Mobilit\u00e4tsl\u00f6sungen, die der Schweiz weiterhin eine individuelle Mobilit\u00e4tslandschaft erm\u00f6glichen.<\/p>\n<ul>\n<li><strong>Mobilit\u00e4tsl\u00f6sungen f\u00fcr Kundinnen und Kunden:<\/strong><\/li>\n<\/ul>\n<p>Die AMAG Gruppe setzt dabei sowohl auf Angebote f\u00fcr Flotten- als auch Privatkundinnen und -kunden. So wird mit der 360-Grad-L\u00f6sung die ganzheitliche Verbindung von E-Auto und PV-Anlage in Kombination mit heimischen und \u00f6ffentlichen Ladel\u00f6sungen m\u00f6glich. Das Tochterunternehmen autoSense bietet dabei einen einheitlichen Ladetarif f\u00fcr unterwegs und f\u00fcr Flottenkunden das Lademanagement charge:ON an. Das E-Auto-Abo Clyde erm\u00f6glicht Kundinnen und Kunden zudem die l\u00e4ngste Probefahrt der Schweiz, bei der verschiedene E-Auto-Modelle \u00fcber einen l\u00e4ngeren Zeitraum getestet werden k\u00f6nnen. Und auch im urbanen Raum werden mit Europcar On Demand und allride, einem Angebot f\u00fcr E-Bikes, E-Cargo-Bikes und E-autos in Arealen und \u00dcberbauungen, flexible Sharing-Angebote m\u00f6glich.<\/p>\n<ul>\n<li><strong>Ladem\u00f6glichkeiten f\u00fcr Elektroautos:<\/strong><\/li>\n<\/ul>\n<p>W\u00e4hrend die AMAG Gruppe unternehmensinterne als auf \u00f6ffentliche Ladepunkte in den letzten Jahren deutlich ausbaute, bleibt die Entwicklung der Schweizer Ladeinfrastruktur f\u00fcr Elektroautos weiterhin ein wichtiges Kernelement f\u00fcr die AMAG Gruppe.<\/p>\n<p>Heute bietet sie mehrere hundert \u00f6ffentliche Ladestationen an unterschiedlichen Standorten und in \u00a0ihren <a href=\"https:\/\/parking.amag.ch\/de\/ueber-uns\/vision-innovation\/ladehaus.html\">Ladeh\u00e4usern Messe Z\u00fcrich, Op\u00e9ra, Kongress und Utoquai<\/a> an. Darunter befinden sich auch 4 Schnellladestationen mit insgesamt 40 Ladepunkten und mit einer maximalen Leistung von 360 kWh pro Lades\u00e4ule an 10 Standorten in der Schweiz: <a href=\"https:\/\/www.amag.ch\/de\/komponenten\/storelocator.html?keywords=360kW-Ladestation\">360 kWh-Ladestation in der N\u00e4he finden<\/a>.<\/p>\n<p>Auch gegen die unterschiedlichen Ladetarife und Bezahlm\u00f6glichkeiten entwickelte die AMAG Gruppe eine L\u00f6sung: So kann mit der Ladekarte- oder -app an \u00fcber 15&#8217;000 \u00f6ffentlichen Ladestationen in der Schweiz bezahlt werden \u2013 das entspricht einer Abdeckung von 98 Prozent. Und auch im Ausland kann die Ladem\u00f6glichkeit an \u00fcber 500&#8217;000 Ladepunkten zum Einsatz kommen.<\/p>\n<p>Seit Januar 2025 bietet die AMAG Gruppe zudem \u00fcber ihr Tochterunternehmen autoSense den Strom im eigenen Ladenetz und bei teilnehmenden Partnern zum einheitlichen 28-Rappen-Ladetarif an. Die kWh Strom kostet nun konstant 28 Rappen und gilt f\u00fcr 220 Ladepunkte in der Schweiz: <a href=\"https:\/\/www.autosense.ch\/mobile-app\/promotions\">autoSense \u2013 Promotions<\/a>.<\/p>\n<ul>\n<li><strong>Benefits f\u00fcr AMAG Mitarbeitende:<\/strong><\/li>\n<\/ul>\n<p>F\u00fcr AMAG Mitarbeitende bestehen zudem spezielle E-Angebote wie etwa die Beteiligung an den Kosten f\u00fcr eine eigene Heimladeinfrastruktur. auch die Dienst- und Einsatzwagen der AMAG Unternehmen sind elektrifiziert.<\/p>\n          <\/div>\n        <\/div>\n      <\/div>\n     \n      <div class=\"accordion-item\" id=\"immobilien\">\n        <h3 class=\"accordion-header\" id=\"flush-heading-1\">\n          <button class=\"accordion-button collapsed\" type=\"button\" data-bs-toggle=\"collapse\" data-bs-target=\"#flush-collapse-1\" aria-expanded=\"false\" aria-controls=\"flush-collapse-1\">\n            Immobilien          <\/button>\n        <\/h3>\n        <div id=\"flush-collapse-1\" class=\"accordion-collapse collapse\" aria-labelledby=\"flush-heading-1\">\n          <div class=\"accordion-body\">\n            <p>Auch bei ihren Immobilien setzt die AMAG Gruppe auf \u00a0umweltfreundliche Standards. So stattet sie ihre Immobilien fortlaufend mit neuen Photovoltaikanlagen aus, f\u00fchrt Massnahmen zur Energieeffizienz ein und wechselt auf fossilfreie Energietr\u00e4ger (z.B. Wechsel auf Fernwarme an den Standorten in Z\u00fcrich Utoquai und Riesbach, G\u00fcmligen und Biel Brugg [K+L]).<\/p>\n<ul>\n<li><strong>Ausbau Photovoltaikanlagen:<\/strong><\/li>\n<\/ul>\n<p style=\"padding-left: 40px;\">Der Ausbau von Photovoltaikanlagen stellt einen wesentlichen Bestandteil dar, um die Netto-Null-Ambition 2040 zu erreichen und die AMAG Immobilien umweltfreundlich umzubauen.<\/p>\n<p style=\"padding-left: 40px;\"><img decoding=\"async\" class=\"wp-image-32037 aligncenter\" src=\"https:\/\/www.amag-group.ch\/blog\/wp-content\/uploads\/2021\/08\/die-amag-gruppe-wird-bis-2025-klimaneutral-blog-amag-group.jpg\" alt=\"Ein mit Photovoltaik bedecktes Dach aus der Vogelperspektive\" width=\"512\" height=\"314\" \/>2021 nahm sich die AMAG Gruppe vor in den kommenden Jahren den Ausbau von Solaranlagen an den eigenen Standorten zu forcieren. Dabei setzte sie sich das Ziel bis 2024 rund 50\u2019000 m2, also fast 7 Fussballfelder, mit PV-Anlagen zu bebauen. Ende 2024 betrieb die AMAG Gruppe 57 Photovoltaikanlagen, deren Solarpanels eine Gesamtfl\u00e4che von beinahe 54\u2019000 m2 bedecken und konnte so ihr Ziel erreichen. Zusammen liefern sie etwa 11,2 Millionen Kilowattstunden Strom pro Jahr.<\/p>\n<p style=\"padding-left: 40px;\">Die durch die Photovoltaikanlagen generierte Energie setzt die AMAG Gruppe in ihren eigenen Betrieben ein, um Maschinen und Ger\u00e4te zu betreiben oder die Elektroautos der eigenen Flotte zu laden. \u00dcbersch\u00fcssige Energie wird ins \u00f6ffentliche Netz eingespeist.<\/p>\n<ul>\n<li><strong>Umweltfreundliche Carrosserie- und Lackierbetriebe: <\/strong><\/li>\n<\/ul>\n<p style=\"padding-left: 40px;\">Mit dem im Jahr 2021 neuer\u00f6ffneten <a href=\"https:\/\/www.amag.ch\/de\/garagenuebersicht\/carrosserie-center-wettswil.html\">Carrosserie Centers Wettswil ZH<\/a>\u00a0von AMAG Retail hielt eine neue Generation von Lackieranlagen Einzug. Dank ganzj\u00e4hriger W\u00e4rmer\u00fcckgewinnung und intelligenter Steuerung kommen die neuen Lackieranlagen mit rund 50% weniger Energie aus.<\/p>\n<p><img decoding=\"async\" class=\"size-full wp-image-32040 alignnone\" src=\"https:\/\/www.amag-group.ch\/blog\/wp-content\/uploads\/2021\/08\/die-amag-gruppe-wird-bis-2025-klimaneutral-blog-amag-group-2.jpg\" alt=\"AMAG Carosserie Center in Wettswil\" width=\"1800\" height=\"1200\" srcset=\"https:\/\/www.amag-group.ch\/blog\/wp-content\/uploads\/2021\/08\/die-amag-gruppe-wird-bis-2025-klimaneutral-blog-amag-group-2.jpg 1800w, https:\/\/www.amag-group.ch\/blog\/wp-content\/uploads\/2021\/08\/die-amag-gruppe-wird-bis-2025-klimaneutral-blog-amag-group-2-620x414.jpg 620w, https:\/\/www.amag-group.ch\/blog\/wp-content\/uploads\/2021\/08\/die-amag-gruppe-wird-bis-2025-klimaneutral-blog-amag-group-2-1536x1024.jpg 1536w, https:\/\/www.amag-group.ch\/blog\/wp-content\/uploads\/2021\/08\/die-amag-gruppe-wird-bis-2025-klimaneutral-blog-amag-group-2-720x480.jpg 720w\" sizes=\"(max-width: 1800px) 100vw, 1800px\" \/><\/p>\n<p style=\"padding-left: 40px;\">Im Februar 2025 wurde zudem ein weiterer Meilenstein gelegt: Mit Unterst\u00fctzung des Schweizer H\u00e4ndlerverbands der Volkswagen Konzernmarken und dem Netzwerk Totalrepair hat die AMAG Import AG einen Branchenfahrplan f\u00fcr Carrosserie- und Lackbetriebe entwickelt. Der Plan soll zur CO2-Reduktion bei der Carrosserie- und Lackreparaturen beitragen und wurde vom Bundesamt f\u00fcr Energie (BFE) bewilligt. Der Branchenfahrplan enth\u00e4lt konkrete Massnahmen, die Branchen und deren Unternehmen dabei helfen, ihre Dekarbonisierungsziele zu erreichen. Dabei lassen sich die Massnahmen auch ohne grossen administrativen Aufwand oder erhebliche Investitionen von den Betrieben umsetzen.<\/p>\n<ul>\n<li><strong>Geb\u00e4udesanierungen:<\/strong>\u00a0Bei Neubauprojekten werden Nachhaltigkeitskriterien mithilfe einer Scorecard ber\u00fccksichtigt. F\u00fcr Bestandsbauten wird eine Roadmap zur energetischen Sanierung erstellt.<\/li>\n<\/ul>\n          <\/div>\n        <\/div>\n      <\/div>\n     \n      <div class=\"accordion-item\" id=\"forschung-start-ups\">\n        <h3 class=\"accordion-header\" id=\"flush-heading-2\">\n          <button class=\"accordion-button collapsed\" type=\"button\" data-bs-toggle=\"collapse\" data-bs-target=\"#flush-collapse-2\" aria-expanded=\"false\" aria-controls=\"flush-collapse-2\">\n            Forschung &#038; Start-Ups          <\/button>\n        <\/h3>\n        <div id=\"flush-collapse-2\" class=\"accordion-collapse collapse\" aria-labelledby=\"flush-heading-2\">\n          <div class=\"accordion-body\">\n            <p>Die AMAG Gruppe entwickelt nicht nur emissionsarme Mobilit\u00e4tsangebote f\u00fcr ihre Kundinnen und Kunden, sie setzt auch auf neue Innovationen f\u00fcr die Zukunft. Daher unterst\u00fctzt sie die Wissenschaft bei Forschungsprojekten rund um die Themen Mobilit\u00e4t und Energie oder b\u00fcndelt in der ZUG ALLIANCE mit Wissenschaft, Politik und anderen Wirtschaftstr\u00e4gern im Kanton Zug ihre Kr\u00e4fte, um die Dekarbonisierung voranzutreiben: <a href=\"https:\/\/www.amag-group.ch\/blog\/zug-alliance-fuer-mehr-tempo-bei-der-dekarbonisierung\/\">ZUG ALLIANCE: F\u00fcr mehr Tempo bei der Dekarbonisierung | AMAG Autoblog<\/a>.<\/p>\n<p>Im Rahmen der Sustainability Challenge 2024 suchte die AMAG Gruppe gemeinsam mit dem Venturelab, einer Organisation, die Schweizer Start-Ups unterst\u00fctzt und f\u00f6rdert, erstmals nach Start-Ups mit innovativen Ideen.\u00a0Mit dem Ziel, zusammen eine nachhaltige Zukunft zu schaffen und so die Ambition Netto-Null 2040 zu erreichen.<\/p>\n          <\/div>\n        <\/div>\n      <\/div>\n      <\/div>\n<\/p>\r\n<p><div class=\"color-block-section darkgreen\">\r\n  <div class=\"row\">\r\n    <div class=\"col-lg-4\">\r\n      <div class=\"color-block\">\r\n                  <h3 class=\"h3\">Unsere Lesetipps zum Thema Ambition Netto-Null 2040:<\/h3>\r\n                      <\/div>\r\n    <\/div>\r\n    <div class=\"col-lg-8\">\r\n      <div class=\"text\">\r\n        <ul>\n<li><a href=\"https:\/\/www.amag-group.ch\/blog\/erneuerbare-mobilitaet-so-funktioniert-die-mobilitaet-der-zukunft\/\">Erneuerbare Mobilit\u00e4t: So funktioniert die Mobilit\u00e4t der Zukunft | AMAG Autoblog<\/a><\/li>\n<li><a href=\"https:\/\/www.amag-group.ch\/blog\/its-a-family-affair-aus-der-schweiz-fuer-die-schweiz\/\">It\u2019s a family affair &#8211; aus der Schweiz f\u00fcr die Schweiz | AMAG Autoblog<\/a><\/li>\n<li><a href=\"https:\/\/www.amag-group.ch\/blog\/ladeinfrastruktur-in-der-schweiz-gibt-es-genuegend-ladestationen-fuer-elektroautos\/\">Ladeinfrastruktur in der Schweiz: Gibt es gen\u00fcgend Ladestationen?<\/a><\/li>\n<\/ul>\n      <\/div>\r\n    <\/div>\r\n  <\/div>\r\n<\/div>\r\n<\/p>\r\n<p><div class=\"youtube-block style3\">\r\n  <iframe title=\"AMAG Elektromobilit\u00e4t\" width=\"640\" height=\"360\" src=\"https:\/\/www.youtube.com\/embed\/zcYuSTyIykQ?feature=oembed\" frameborder=\"0\" allow=\"accelerometer; autoplay; clipboard-write; encrypted-media; gyroscope; picture-in-picture; web-share\" referrerpolicy=\"strict-origin-when-cross-origin\" allowfullscreen><\/iframe><\/div>\r\n<\/p>","protected":false},"excerpt":{"rendered":"<p>W\u00e4hrend das Umweltbewusstsein der Gesellschaft in den letzten Jahren wuchs, entstanden innerhalb der Automobilbranche tiefgreifende Transformationsprozesse, die von neuen Antrieben wie der Elektromobilit\u00e4t, \u00fcber innovative Technologien bis hin zu einer umweltvertr\u00e4glicheren Wirtschaftsweise reichten. Mit der Bekennung zu \u00abNetto-Null 2050\u00bb des Bundes im August 2019 pr\u00e4sentierte die AMAG Gruppe 2021 ihre eigene Klimastrategie und ihre Ambition [&hellip;]<\/p>\n","protected":false},"author":27,"featured_media":31428,"comment_status":"open","ping_status":"open","sticky":true,"template":"","format":"standard","meta":{"_acf_changed":false,"inline_featured_image":false,"footnotes":""},"categories":[1232],"tags":[],"class_list":["post-23163","post","type-post","status-publish","format-standard","has-post-thumbnail","hentry","category-nachhaltigkeit"],"acf":[],"_links":{"self":[{"href":"https:\/\/www.amag-group.ch\/blog\/wp-json\/wp\/v2\/posts\/23163","targetHints":{"allow":["GET"]}}],"collection":[{"href":"https:\/\/www.amag-group.ch\/blog\/wp-json\/wp\/v2\/posts"}],"about":[{"href":"https:\/\/www.amag-group.ch\/blog\/wp-json\/wp\/v2\/types\/post"}],"author":[{"embeddable":true,"href":"https:\/\/www.amag-group.ch\/blog\/wp-json\/wp\/v2\/users\/27"}],"replies":[{"embeddable":true,"href":"https:\/\/www.amag-group.ch\/blog\/wp-json\/wp\/v2\/comments?post=23163"}],"version-history":[{"count":3,"href":"https:\/\/www.amag-group.ch\/blog\/wp-json\/wp\/v2\/posts\/23163\/revisions"}],"predecessor-version":[{"id":32047,"href":"https:\/\/www.amag-group.ch\/blog\/wp-json\/wp\/v2\/posts\/23163\/revisions\/32047"}],"wp:featuredmedia":[{"embeddable":true,"href":"https:\/\/www.amag-group.ch\/blog\/wp-json\/wp\/v2\/media\/31428"}],"wp:attachment":[{"href":"https:\/\/www.amag-group.ch\/blog\/wp-json\/wp\/v2\/media?parent=23163"}],"wp:term":[{"taxonomy":"category","embeddable":true,"href":"https:\/\/www.amag-group.ch\/blog\/wp-json\/wp\/v2\/categories?post=23163"},{"taxonomy":"post_tag","embeddable":true,"href":"https:\/\/www.amag-group.ch\/blog\/wp-json\/wp\/v2\/tags?post=23163"}],"curies":[{"name":"wp","href":"https:\/\/api.w.org\/{rel}","templated":true}]}}