{"id":22467,"date":"2021-05-14T08:20:17","date_gmt":"2021-05-14T06:20:17","guid":{"rendered":"https:\/\/www.amag-group.ch\/blog\/?p=22467"},"modified":"2025-03-06T16:54:51","modified_gmt":"2025-03-06T15:54:51","slug":"elektromobilitaet-im-alltag","status":"publish","type":"post","link":"https:\/\/www.amag-group.ch\/blog\/elektromobilitaet-im-alltag\/","title":{"rendered":"Elektromobilit\u00e4t im Alltag"},"content":{"rendered":"<h3>Nicht Tanken \u2013 sondern Laden!<\/h3>\n<div id=\"attachment_22492\" style=\"width: 562px\" class=\"wp-caption alignright\"><a class=\"fancybox-link\" href=\"https:\/\/www.amag-group.ch\/blog\/wp-content\/uploads\/2021\/05\/IMG_0927-scaled.jpeg\"><img decoding=\"async\" aria-describedby=\"caption-attachment-22492\" class=\"wp-image-22492 size-medium\" src=\"https:\/\/www.amag-group.ch\/blog\/wp-content\/uploads\/2021\/05\/IMG_0927-552x414.jpeg\" alt=\"\" width=\"552\" height=\"414\" srcset=\"https:\/\/www.amag-group.ch\/blog\/wp-content\/uploads\/2021\/05\/IMG_0927-552x414.jpeg 552w, https:\/\/www.amag-group.ch\/blog\/wp-content\/uploads\/2021\/05\/IMG_0927-768x576.jpeg 768w, https:\/\/www.amag-group.ch\/blog\/wp-content\/uploads\/2021\/05\/IMG_0927-1536x1152.jpeg 1536w, https:\/\/www.amag-group.ch\/blog\/wp-content\/uploads\/2021\/05\/IMG_0927-2048x1536.jpeg 2048w, https:\/\/www.amag-group.ch\/blog\/wp-content\/uploads\/2021\/05\/IMG_0927-scaled.jpeg 1920w\" sizes=\"(max-width: 552px) 100vw, 552px\" \/><\/a><p id=\"caption-attachment-22492\" class=\"wp-caption-text\">.<\/p><\/div>\n<p>Ein elementarer Punkt f\u00fcr die Nutzung von Elektroautos ist das Umstellen von \u00abTanken\u00bb auf \u00abLaden\u00bb. Bisher musste man beim Tanken n\u00e4mlich aktiv eine Tankstelle anfahren und das Auto tanken. Bei Elektroautos ist es eben anders \u2013 man l\u00e4dt bequem, w\u00e4hrend das Auto sowieso steht. Im Idealfall w\u00e4hrend der Nacht zu Hause, beim Arbeitgeber oder beim Einkaufen. Ein aktiver Ladestopp braucht es eigentlich nur noch bei l\u00e4ngeren Fahrten und dank den mittlerweile hohen Reichweiten auch erst bei mehr als 250-300 km Distanz. Das sind f\u00fcr die meisten Leute nur wenige Fahrten pro Jahr.<\/p>\n<div id=\"attachment_22513\" style=\"width: 567px\" class=\"wp-caption alignleft\"><a class=\"fancybox-link\" href=\"https:\/\/www.amag-group.ch\/blog\/wp-content\/uploads\/2021\/05\/IMG_1876-1-scaled.jpeg\"><img decoding=\"async\" aria-describedby=\"caption-attachment-22513\" class=\"wp-image-22513 size-medium\" src=\"https:\/\/www.amag-group.ch\/blog\/wp-content\/uploads\/2021\/05\/IMG_1876-1-557x414.jpeg\" alt=\"\" width=\"557\" height=\"414\" srcset=\"https:\/\/www.amag-group.ch\/blog\/wp-content\/uploads\/2021\/05\/IMG_1876-1-557x414.jpeg 557w, https:\/\/www.amag-group.ch\/blog\/wp-content\/uploads\/2021\/05\/IMG_1876-1-768x571.jpeg 768w, https:\/\/www.amag-group.ch\/blog\/wp-content\/uploads\/2021\/05\/IMG_1876-1-1536x1143.jpeg 1536w, https:\/\/www.amag-group.ch\/blog\/wp-content\/uploads\/2021\/05\/IMG_1876-1-2048x1523.jpeg 2048w, https:\/\/www.amag-group.ch\/blog\/wp-content\/uploads\/2021\/05\/IMG_1876-1-scaled.jpeg 1920w\" sizes=\"(max-width: 557px) 100vw, 557px\" \/><\/a><p id=\"caption-attachment-22513\" class=\"wp-caption-text\">.<\/p><\/div>\n<p>Besonders praktisch sind die mittlerweile weit verbreiteten Ladepunkte an diversen Reisezielen. Besonders Wintersportorte haben da bereits vorgesorgt und so befinden sich allein im Parkhaus der Talstation Laax Murschetg 10 Lades\u00e4ulen. Die lassen sich bequem per Kreditkarte bezahlen und nach einem erholsamen Tag im Schnee oder im Sommer beim Wandern und Biken geht es mit vollem Akku wieder heimw\u00e4rts. Dieses Angebot findet man nicht nur bei grossen Wintersportorten wie eben Laax oder Lenzerheide, sondern auch in kleineren Destinationen wie Amden wieder, um nur einige selbst besuchte zu nennen.<\/p>\n<p>Ein kleiner Tipp: Da es von Wintersportorten meistens viel bergab geht f\u00fcr die Heimreise, das Auto nur bis 90% laden, damit man bei der Talfahrt noch viel Rekuperieren kann.<\/p>\n<h3>Reiseplanung n\u00f6tig?<\/h3>\n<p>F\u00fcr die ersten l\u00e4ngeren Fahrten mit dem Elektroauto bietet es sich an, die Route vorher einmal anzuschauen. Es gibt spezielle Planungstools daf\u00fcr, wie <span style=\"text-decoration: underline;\"><a href=\"https:\/\/abetterrouteplanner.com\/\">ABRP<\/a><\/span> oder<span style=\"text-decoration: underline;\"> <a href=\"https:\/\/pumpapp.co\/\">PUMP<\/a><\/span>. Die VW ID. Modelle habe alle einen integrierten Routenplaner, welche passende Ladestops bei zu langen Reichweiten einplanen. Viele Buchungsplattformen f\u00fcr Hotels haben mittlerweile ein Filter f\u00fcr \u00abLadestationen f\u00fcr Elektroautos\u00bb. So wurde auch ein passendes Hotel im Tessin gefunden, wo man praktisch \u00fcber Nacht wieder laden kann und am n\u00e4chsten Tag mit vollem Akku weiterreisen kann. Auf die Dauer zeigt es sich, dass man eine vorausschauende Routenplanung bei Elektroautos meist nur nach dem Umstieg vom Verbrenner braucht. Hat man sich mal an die \u00abneue Welt\u00bb gew\u00f6hnt, reist man ganz unbeschwert, weil es eben funktioniert.<\/p>\n<h3>We Charge \u2013 einfach \u00fcberall Laden<\/h3>\n<p>Der Grossteil aller Ladestation wird \u00fcber spezielle Ladekarten und\/oder Apps freigeschalten. Einige wenige sind kostenlos und eine kleine Anzahl direkt per Kreditkarte zahlbar. Deswegen gibt es von Volkswagen \u00abWe Charge\u00bb. Damit sind in der Schweiz mehr als 6000 Ladepunkte (AC) und \u00fcber 500 Schnelllader (DC) aktivierbar. Die Ladevorg\u00e4nge sind in der We Connect ID. App ersichtlich, wie auch die Tarife. Aktuell gibt es noch stark verg\u00fcnstigte Abos, wer mehr als 250km im Monat an Schnellladern halten muss, f\u00fcr den lohnt sich das We Charge Plus Abo mit g\u00fcnstigen 0.30CHF\/kWh bei Ionity schon.<\/p>\n\n\t\t<style type=\"text\/css\">\n\t\t\t#gallery-1 {\n\t\t\t\tmargin: auto;\n\t\t\t}\n\t\t\t#gallery-1 .gallery-item {\n\t\t\t\tfloat: left;\n\t\t\t\tmargin-top: 10px;\n\t\t\t\ttext-align: center;\n\t\t\t\twidth: 50%;\n\t\t\t}\n\t\t\t#gallery-1 img {\n\t\t\t\tborder: 2px solid #cfcfcf;\n\t\t\t}\n\t\t\t#gallery-1 .gallery-caption {\n\t\t\t\tmargin-left: 0;\n\t\t\t}\n\t\t\t\/* see gallery_shortcode() in wp-includes\/media.php *\/\n\t\t<\/style>\n\t\t<div id='gallery-1' class='gallery galleryid-22467 gallery-columns-2 gallery-size-medium'><dl class='gallery-item'>\n\t\t\t<dt class='gallery-icon landscape'>\n\t\t\t\t<a href='https:\/\/www.amag-group.ch\/blog\/wp-content\/uploads\/2021\/05\/IMG_2048-scaled.jpeg'><img decoding=\"async\" width=\"552\" height=\"414\" src=\"https:\/\/www.amag-group.ch\/blog\/wp-content\/uploads\/2021\/05\/IMG_2048-552x414.jpeg\" class=\"attachment-medium size-medium\" alt=\"\" srcset=\"https:\/\/www.amag-group.ch\/blog\/wp-content\/uploads\/2021\/05\/IMG_2048-552x414.jpeg 552w, https:\/\/www.amag-group.ch\/blog\/wp-content\/uploads\/2021\/05\/IMG_2048-768x576.jpeg 768w, https:\/\/www.amag-group.ch\/blog\/wp-content\/uploads\/2021\/05\/IMG_2048-1536x1152.jpeg 1536w, https:\/\/www.amag-group.ch\/blog\/wp-content\/uploads\/2021\/05\/IMG_2048-2048x1536.jpeg 2048w, https:\/\/www.amag-group.ch\/blog\/wp-content\/uploads\/2021\/05\/IMG_2048-scaled.jpeg 1920w\" sizes=\"(max-width: 552px) 100vw, 552px\" \/><\/a>\n\t\t\t<\/dt><\/dl><dl class='gallery-item'>\n\t\t\t<dt class='gallery-icon landscape'>\n\t\t\t\t<a href='https:\/\/www.amag-group.ch\/blog\/wp-content\/uploads\/2021\/05\/IMG_2967-scaled.jpeg'><img decoding=\"async\" width=\"552\" height=\"414\" src=\"https:\/\/www.amag-group.ch\/blog\/wp-content\/uploads\/2021\/05\/IMG_2967-552x414.jpeg\" class=\"attachment-medium size-medium\" alt=\"\" srcset=\"https:\/\/www.amag-group.ch\/blog\/wp-content\/uploads\/2021\/05\/IMG_2967-552x414.jpeg 552w, https:\/\/www.amag-group.ch\/blog\/wp-content\/uploads\/2021\/05\/IMG_2967-768x576.jpeg 768w, https:\/\/www.amag-group.ch\/blog\/wp-content\/uploads\/2021\/05\/IMG_2967-1536x1152.jpeg 1536w, https:\/\/www.amag-group.ch\/blog\/wp-content\/uploads\/2021\/05\/IMG_2967-2048x1536.jpeg 2048w, https:\/\/www.amag-group.ch\/blog\/wp-content\/uploads\/2021\/05\/IMG_2967-scaled.jpeg 1920w\" sizes=\"(max-width: 552px) 100vw, 552px\" \/><\/a>\n\t\t\t<\/dt><\/dl><br style=\"clear: both\" \/><dl class='gallery-item'>\n\t\t\t<dt class='gallery-icon landscape'>\n\t\t\t\t<a href='https:\/\/www.amag-group.ch\/blog\/wp-content\/uploads\/2021\/05\/IMG_2451-scaled.jpeg'><img decoding=\"async\" width=\"552\" height=\"414\" src=\"https:\/\/www.amag-group.ch\/blog\/wp-content\/uploads\/2021\/05\/IMG_2451-552x414.jpeg\" class=\"attachment-medium size-medium\" alt=\"\" srcset=\"https:\/\/www.amag-group.ch\/blog\/wp-content\/uploads\/2021\/05\/IMG_2451-552x414.jpeg 552w, https:\/\/www.amag-group.ch\/blog\/wp-content\/uploads\/2021\/05\/IMG_2451-768x576.jpeg 768w, https:\/\/www.amag-group.ch\/blog\/wp-content\/uploads\/2021\/05\/IMG_2451-1536x1152.jpeg 1536w, https:\/\/www.amag-group.ch\/blog\/wp-content\/uploads\/2021\/05\/IMG_2451-2048x1536.jpeg 2048w, https:\/\/www.amag-group.ch\/blog\/wp-content\/uploads\/2021\/05\/IMG_2451-scaled.jpeg 1920w\" sizes=\"(max-width: 552px) 100vw, 552px\" \/><\/a>\n\t\t\t<\/dt><\/dl><dl class='gallery-item'>\n\t\t\t<dt class='gallery-icon landscape'>\n\t\t\t\t<a href='https:\/\/www.amag-group.ch\/blog\/wp-content\/uploads\/2021\/05\/IMG_2279-scaled.jpeg'><img decoding=\"async\" width=\"552\" height=\"414\" src=\"https:\/\/www.amag-group.ch\/blog\/wp-content\/uploads\/2021\/05\/IMG_2279-552x414.jpeg\" class=\"attachment-medium size-medium\" alt=\"\" srcset=\"https:\/\/www.amag-group.ch\/blog\/wp-content\/uploads\/2021\/05\/IMG_2279-552x414.jpeg 552w, https:\/\/www.amag-group.ch\/blog\/wp-content\/uploads\/2021\/05\/IMG_2279-768x576.jpeg 768w, https:\/\/www.amag-group.ch\/blog\/wp-content\/uploads\/2021\/05\/IMG_2279-1536x1152.jpeg 1536w, https:\/\/www.amag-group.ch\/blog\/wp-content\/uploads\/2021\/05\/IMG_2279-2048x1536.jpeg 2048w, https:\/\/www.amag-group.ch\/blog\/wp-content\/uploads\/2021\/05\/IMG_2279-scaled.jpeg 1920w\" sizes=\"(max-width: 552px) 100vw, 552px\" \/><\/a>\n\t\t\t<\/dt><\/dl><br style=\"clear: both\" \/>\n\t\t<\/div>\n\n<h3>Fazit nach 6 Monate ID. 3<\/h3>\n<p>Das letzte halbe Jahr mit dem VW ID.3 und mehr als 1000km monatlich haben gezeigt, dass<span style=\"text-decoration: underline;\"><a href=\"https:\/\/www.amag-group.ch\/blog\/so-faehrt-der-vw-id-3-im-winter\/\" target=\"_blank\" rel=\"noopener noreferrer\"> ein Elektroauto mit einer Winterreichweite<\/a><\/span> von rund 300km in der Schweiz komplett sorglos gefahren werden kann. Bei weniger als 40km die jeder Schweizer t\u00e4glich im Inland zur\u00fccklegt, sind diese Reichweiten mehr als ausreichend. Wenn es einmal weiter geht, h\u00e4lt man an den mittlerweile sehr gut verteilten Schnellladern entlang der Autobahn. Im Navigationssystem der IDs werden die Ionity Ladepunkte jeweils anvisiert, diese befinden sich immer auch an Orten mit Verpflegungsm\u00f6glichkeiten und in weniger als 15min hat man f\u00fcr die n\u00e4chsten 100km nachgeladen. Gerade in der <a href=\"https:\/\/www.amag-group.ch\/blog\/die-grand-tour-of-switzerland-mit-dem-id-3\/\" target=\"_blank\" rel=\"noopener noreferrer\">kleinen Schweiz reichen also kurze Ladezeiten f\u00fcr das Erreichen des Zielorts aus.<\/a><\/p>\n<p>Kurz gesagt: Elektromobilit\u00e4t funktioniert, man muss es nur mal ausprobieren und will danach nicht mehr zur\u00fcck\u2026<\/p>\n","protected":false},"excerpt":{"rendered":"<p>Die Elektromobilit\u00e4t wird heute noch mit vielen Vorurteilen konfrontiert. Was man dabei immer wieder h\u00f6rt sind Punkte bez\u00fcglich Reichweite, der Ladedauer und wie sich das auf den Alltag auswirkt. Deswegen gibt es hier einige Einblicke in den Alltag nach 6 Monaten mit dem VW ID.3. Dieser hat schon bewiesen, dass ein Elektroauto im Winter problemlos funktioniert und damit auch ein anderes Vorurteil aus der Welt geschafft.<\/p>\n","protected":false},"author":48,"featured_media":22471,"comment_status":"open","ping_status":"open","sticky":false,"template":"","format":"standard","meta":{"_acf_changed":false,"inline_featured_image":false,"footnotes":""},"categories":[9960],"tags":[],"class_list":["post-22467","post","type-post","status-publish","format-standard","has-post-thumbnail","hentry","category-moebilitaet-der-zukunft"],"acf":[],"_links":{"self":[{"href":"https:\/\/www.amag-group.ch\/blog\/wp-json\/wp\/v2\/posts\/22467","targetHints":{"allow":["GET"]}}],"collection":[{"href":"https:\/\/www.amag-group.ch\/blog\/wp-json\/wp\/v2\/posts"}],"about":[{"href":"https:\/\/www.amag-group.ch\/blog\/wp-json\/wp\/v2\/types\/post"}],"author":[{"embeddable":true,"href":"https:\/\/www.amag-group.ch\/blog\/wp-json\/wp\/v2\/users\/48"}],"replies":[{"embeddable":true,"href":"https:\/\/www.amag-group.ch\/blog\/wp-json\/wp\/v2\/comments?post=22467"}],"version-history":[{"count":1,"href":"https:\/\/www.amag-group.ch\/blog\/wp-json\/wp\/v2\/posts\/22467\/revisions"}],"predecessor-version":[{"id":25625,"href":"https:\/\/www.amag-group.ch\/blog\/wp-json\/wp\/v2\/posts\/22467\/revisions\/25625"}],"wp:featuredmedia":[{"embeddable":true,"href":"https:\/\/www.amag-group.ch\/blog\/wp-json\/wp\/v2\/media\/22471"}],"wp:attachment":[{"href":"https:\/\/www.amag-group.ch\/blog\/wp-json\/wp\/v2\/media?parent=22467"}],"wp:term":[{"taxonomy":"category","embeddable":true,"href":"https:\/\/www.amag-group.ch\/blog\/wp-json\/wp\/v2\/categories?post=22467"},{"taxonomy":"post_tag","embeddable":true,"href":"https:\/\/www.amag-group.ch\/blog\/wp-json\/wp\/v2\/tags?post=22467"}],"curies":[{"name":"wp","href":"https:\/\/api.w.org\/{rel}","templated":true}]}}