{"id":22152,"date":"2021-04-16T08:30:09","date_gmt":"2021-04-16T06:30:09","guid":{"rendered":"https:\/\/www.amag-group.ch\/blog\/?p=22152"},"modified":"2025-02-05T08:38:46","modified_gmt":"2025-02-05T07:38:46","slug":"dank-der-ms-teams-app-gestalten-wir-prozesse-im-betrieb-effizienter","status":"publish","type":"post","link":"https:\/\/www.amag-group.ch\/blog\/dank-der-ms-teams-app-gestalten-wir-prozesse-im-betrieb-effizienter\/","title":{"rendered":"\u00abDank der MS Teams App gestalten wir Prozesse im Betrieb effizienter\u00bb"},"content":{"rendered":"<p>In einem Unternehmen wie in der AMAG ist es oft schwer alle Mitarbeitenden zu erreichen, weil nicht alle einen festen Arbeitsplatz mit einem Laptop haben. Bei der AMAG arbeiten ca. 45% der Mitarbeitenden ohne eigenen PC, sei es in der Werkstatt, im Lager oder in der Waschanlage. Um auch diese Mitarbeitenden an den diversen Standorten mehr ins Betriebsgeschehen miteinzubeziehen und sie leichter mit Neuigkeiten zum Unternehmen zu versorgen, brauchte die AMAG eine Collaboration L\u00f6sung. MS Teams bietet die optimale L\u00f6sung mit der mobilen App-Funktion, welche auf jedes Smartphone runtergeladen werden kann und viele weitere Vorteile mit sich bringt.<\/p>\n<p>Nat\u00fcrlich kann eine App wie MS Teams nicht einfach von heute auf morgen in einem Grossunternehmen eingef\u00fchrt werden. Die AMAG hat dazu 160 Personen f\u00fcr den Rollout von MS Teams ausgebildet, sogenannte <a href=\"https:\/\/www.amag-group.ch\/blog\/digitale-zusammenarbeit-wichtiger-denn-je\/\" target=\"_blank\" rel=\"noopener noreferrer\"><span style=\"text-decoration: underline;\">Digital Champions<\/span><\/a>. Ziel dieser Community war es, an jedem der \u00fcber 120 AMAG Standorte Expertinnen und Experten vor Ort zu haben, die ihr Wissen an die anderen Mitarbeitenden weitergeben k\u00f6nnen.<\/p>\n<h3><strong>Wie MS Teams in den Garagenbetrieben auch im Tagesgesch\u00e4ft eingesetzt wird und welche Ver\u00e4nderungen dadurch zu sehen sind, hat uns Michael Heid, Werkstattleiter bei der <\/strong><a href=\"https:\/\/www.amag.ch\/de\/garagenuebersicht\/garage-basel.html\" target=\"_blank\" rel=\"noopener noreferrer\"><strong><span style=\"text-decoration: underline;\">AMAG Basel<\/span><\/strong><\/a><strong>, geschildert.<em><\/p>\n<p><\/em><\/strong><\/h3>\n<p><strong><em>Michael, wann habt ihr MS Teams bei euch eingef\u00fchrt?<a class=\"fancybox-link\" href=\"https:\/\/www.amag-group.ch\/blog\/wp-content\/uploads\/2021\/04\/Michael_Heid.jpg\"><img decoding=\"async\" class=\"alignright wp-image-22131\" src=\"https:\/\/www.amag-group.ch\/blog\/wp-content\/uploads\/2021\/04\/Michael_Heid-310x414.jpg\" alt=\"Michael Heid\" width=\"200\" height=\"267\" srcset=\"https:\/\/www.amag-group.ch\/blog\/wp-content\/uploads\/2021\/04\/Michael_Heid-310x414.jpg 310w, https:\/\/www.amag-group.ch\/blog\/wp-content\/uploads\/2021\/04\/Michael_Heid.jpg 482w\" sizes=\"(max-width: 200px) 100vw, 200px\" \/><\/a><\/em><\/strong><br \/>\nBei uns in der AMAG Basel fand ein Pilot zum phasenweisen Rollout der MS Teams Vollversion statt, deshalb nutzen die Mitarbeitenden MS Teams und die dazugeh\u00f6rige App schon seit Herbst 2019.<\/p>\n<p><strong><em>Wof\u00fcr nutzt ihr MS Teams?<\/em><\/strong><br \/>\nWir nutzen es vor allem als Informations- und Kommunikationssystem f\u00fcr die Zusammenarbeit. Die Mitarbeitenden aus der Werkstatt geben Informationen zu Fahrzeugen, die sich im Service befinden, \u00fcber die MS Teams App auf ihrem Smartphone weiter an den Kundendienst-Bereich. Ebenso werden Offerten und Teilebestellungen bei Zusatzarbeiten direkt \u00fcber MS Teams erledigt. Dabei findet die Kommunikation zwischen mehreren Abteilungen (Kundendienst, Werkstatt und Teilelager) statt. So k\u00f6nnen M\u00e4ngel an Kundenfahrzeugen schneller gemeldet und auch gleich mit Fotos dokumentiert werden. Auch die Planung des Bring- und Holdiensts, bei dem die Kundenfahrzeuge zur richtigen Zeit bereitgestellt werden m\u00fcssen, kann direkt \u00fcber die integrierte Planner App erledigt werden. Zudem vereinfachen wir die Teilebestellungen bei der Auftragsvorbereitung enorm mit MS Teams.<\/p>\n<p><strong><em>Welche Vorteile hat die Verwendung der MS Teams App?<\/em><\/strong><br \/>\nDer interne Informationsaustausch mit den Mitarbeitenden ohne PC-Arbeitsplatz konnte \u00fcber die App wesentlich verbessert werden, ihnen stehen Informationen viel schneller zur Verf\u00fcgung und sie sind motivierter, da sie mehr ins Betriebsgeschehen mit einbezogen werden. Zudem ist ein Vorteil, dass das Leitungsteam dank der \u00abDaumen nach oben\u00bb-Funktion sehen kann, ob die Mitarbeitenden die Info gelesen haben. Ein weiterer positiver Nebeneffekt ist der R\u00fcckgang der Anzahl Telefonanrufe innerhalb des Betriebes. Dadurch k\u00f6nnen sich Mitarbeitende mehr auf ihre Arbeit konzentrieren und werden bei der Betreuung von Kunden und der Arbeit am Fahrzeug nicht mehr so oft gest\u00f6rt.<\/p>\n\n\t\t<style type=\"text\/css\">\n\t\t\t#gallery-1 {\n\t\t\t\tmargin: auto;\n\t\t\t}\n\t\t\t#gallery-1 .gallery-item {\n\t\t\t\tfloat: left;\n\t\t\t\tmargin-top: 10px;\n\t\t\t\ttext-align: center;\n\t\t\t\twidth: 50%;\n\t\t\t}\n\t\t\t#gallery-1 img {\n\t\t\t\tborder: 2px solid #cfcfcf;\n\t\t\t}\n\t\t\t#gallery-1 .gallery-caption {\n\t\t\t\tmargin-left: 0;\n\t\t\t}\n\t\t\t\/* see gallery_shortcode() in wp-includes\/media.php *\/\n\t\t<\/style>\n\t\t<div id='gallery-1' class='gallery galleryid-22152 gallery-columns-2 gallery-size-medium'><dl class='gallery-item'>\n\t\t\t<dt class='gallery-icon landscape'>\n\t\t\t\t<a href='https:\/\/www.amag-group.ch\/blog\/wp-content\/uploads\/2021\/04\/Basel_Teams_1.jpg'><img decoding=\"async\" width=\"620\" height=\"217\" src=\"https:\/\/www.amag-group.ch\/blog\/wp-content\/uploads\/2021\/04\/Basel_Teams_1-620x217.jpg\" class=\"attachment-medium size-medium\" alt=\"AMAG Basel MS Teams, Collaboration mit MS Teams App\" srcset=\"https:\/\/www.amag-group.ch\/blog\/wp-content\/uploads\/2021\/04\/Basel_Teams_1-620x217.jpg 620w, https:\/\/www.amag-group.ch\/blog\/wp-content\/uploads\/2021\/04\/Basel_Teams_1-768x268.jpg 768w, https:\/\/www.amag-group.ch\/blog\/wp-content\/uploads\/2021\/04\/Basel_Teams_1.jpg 1008w\" sizes=\"(max-width: 620px) 100vw, 620px\" \/><\/a>\n\t\t\t<\/dt><\/dl><dl class='gallery-item'>\n\t\t\t<dt class='gallery-icon landscape'>\n\t\t\t\t<a href='https:\/\/www.amag-group.ch\/blog\/wp-content\/uploads\/2021\/04\/Basel_Teams_5.png'><img decoding=\"async\" width=\"615\" height=\"414\" src=\"https:\/\/www.amag-group.ch\/blog\/wp-content\/uploads\/2021\/04\/Basel_Teams_5-615x414.png\" class=\"attachment-medium size-medium\" alt=\"AMAG Basel MS Teams, Collaboration mit MS Teams App\" srcset=\"https:\/\/www.amag-group.ch\/blog\/wp-content\/uploads\/2021\/04\/Basel_Teams_5-615x414.png 615w, https:\/\/www.amag-group.ch\/blog\/wp-content\/uploads\/2021\/04\/Basel_Teams_5-768x517.png 768w, https:\/\/www.amag-group.ch\/blog\/wp-content\/uploads\/2021\/04\/Basel_Teams_5.png 1261w\" sizes=\"(max-width: 615px) 100vw, 615px\" \/><\/a>\n\t\t\t<\/dt><\/dl><br style=\"clear: both\" \/>\n\t\t<\/div>\n\n<p><em>Bei der AMAG Basel werden viele Prozesse im After-Sales \u00fcber MS Teams abgewickelt.<\/em><\/p>\n<p><strong><em>Wie habt ihr skeptische Mitarbeitende von der Nutzung \u00fcberzeugt?<\/em><\/strong><br \/>\nSelbst anf\u00e4nglich kritisch eingestellte Mitarbeitende konnten wir mittlerweile \u00fcberzeugen, da sie festgestellt haben, wie viel einfacher die Abl\u00e4ufe mit MS Teams sind und dass ihnen damit viel mehr Zeit f\u00fcr ihre eigentlichen Aufgaben an den Fahrzeugen bleibt.<\/p>\n<p><strong><em>Und wie geht es bei euch weiter?<\/em><\/strong><br \/>\nWir werden weiterhin mit MS Teams arbeiten und laufend pr\u00fcfen, welche Prozesse wir zus\u00e4tzlich dar\u00fcber abwickeln k\u00f6nnen. Ich hoffe, dass unser Beispiel auch andere Betriebe dazu motiviert, MS Teams in den Arbeitsalltag zu integrieren.<strong><em>\u00a0<\/em><\/strong><\/p>\n<h3><strong>Auch die <\/strong><span style=\"text-decoration: underline;\"><a href=\"https:\/\/www.amag.ch\/de\/garagenuebersicht\/garage-buchrain.html\" target=\"_blank\" rel=\"noopener noreferrer\"><strong>AMAG Buchrain<\/strong><\/a><\/span><strong> arbeitet mit MS Teams. Dar\u00fcber, wie die 120 Mitarbeitenden im Betrieb MS Teams nutzen und welche Vorteile dies bringt, hat uns Gesch\u00e4ftsf\u00fchrer Guiseppe Ferrandino erz\u00e4hlt. <\/strong><\/h3>\n<p><strong><em>Giuseppe, seit wann verwendet ihr MS Teams und die App bei der AMAG Buchrain?<a class=\"fancybox-link\" href=\"https:\/\/www.amag-group.ch\/blog\/wp-content\/uploads\/2021\/04\/Giuseppe_Ferrandino_2.jpg\"><img decoding=\"async\" class=\"alignright wp-image-22149\" src=\"https:\/\/www.amag-group.ch\/blog\/wp-content\/uploads\/2021\/04\/Giuseppe_Ferrandino_2.jpg\" alt=\"Giuseppe Ferrandino\" width=\"200\" height=\"276\" srcset=\"https:\/\/www.amag-group.ch\/blog\/wp-content\/uploads\/2021\/04\/Giuseppe_Ferrandino_2.jpg 1212w, https:\/\/www.amag-group.ch\/blog\/wp-content\/uploads\/2021\/04\/Giuseppe_Ferrandino_2-300x414.jpg 300w, https:\/\/www.amag-group.ch\/blog\/wp-content\/uploads\/2021\/04\/Giuseppe_Ferrandino_2-768x1059.jpg 768w, https:\/\/www.amag-group.ch\/blog\/wp-content\/uploads\/2021\/04\/Giuseppe_Ferrandino_2-1113x1536.jpg 1113w\" sizes=\"(max-width: 200px) 100vw, 200px\" \/><\/a><\/em><\/strong><br \/>\nSeit ca. Mai 2020 verwenden wir MS Teams aktiv. Wie bei der AMAG Basel sind wir Teil eines Pilotprojekts, um MS Teams f\u00fcr die t\u00e4gliche Arbeit in der Garage zu nutzen und die Werkst\u00e4tten digitaler zu machen. Das Thema Digitalisierung liegt mir sehr am Herzen, da wir als sehr junger Betrieb, wir wurden vor ca. zwei Jahren an einem neuen Standort und aus drei Betrieben vereint, noch sehr viele ineffiziente Prozesse haben. Mit MS Teams konnten wir bereits einige davon effizienter gestalten. Unser Ziel ist es, MS Teams als Erleichterung in den Arbeitsalltag unserer Mitarbeitenden zu integrieren.<\/p>\n<p><strong><em>Wie verwendet ihr MS Teams im Betrieb?<\/em><\/strong><br \/>\nUnsere \u00fcber 60 Mitarbeitenden, die ohne eigenen PC-Arbeitsplatz arbeiten, wie Mechaniker oder Diagnostiker, haben wir anfangs 2021 mit Smartphones ausgestattet. Die Mobiltelefone mit WIFI-Zugang &#8211; Nokia 5.1-Ger\u00e4te welche wir im Pilotversuch kosteng\u00fcnstig organisieren konnten \u2013 laufen \u00fcber das AMAG WLAN und verf\u00fcgen \u00fcber keine SIM-Karte. Sie k\u00f6nnen deshalb ausserhalb der Garage nicht genutzt werden. Wo jedoch sinnvoll und notwendig haben die Handys auch eine aktive SIM-Karte. Auf diesen Ger\u00e4ten sind die MS Teams App und alle relevanten Office Anwendungen installiert, \u00fcber die die Mitarbeitenden auf alle relevanten Kan\u00e4le und Dateien zugreifen k\u00f6nnen. Einige Mitarbeitende entschieden sich auch f\u00fcr die Nutzung des eigenen Smartphones unter Ber\u00fccksichtigung der AMAG Sicherheitsstandards.<\/p>\n<p>Zuerst starteten wir damit, dass wir alle internen Anrufe m\u00f6glichst nur noch \u00fcber MS Teams abwickelten. Der Vorteil davon ist, dass man direkt den Status der gesuchten Person kennt, da MS Teams mit dem Outlook-Kalender verkn\u00fcpft ist. Fr\u00fcher ging viel Zeit f\u00fcr vergebliche Anrufe verloren, weil die gesuchte Person besch\u00e4ftigt war. Das passiert uns mit MS Teams nicht mehr, da wir nur anrufen, wenn wir sehen, dass der Kollege oder die Kollegin auch frei ist. <\/p>\n<p><strong><em>Welche weiteren Prozesse laufen mittlerweile \u00fcber MS Teams?<a class=\"fancybox-link\" href=\"https:\/\/www.amag-group.ch\/blog\/wp-content\/uploads\/2021\/04\/Buchrain_Sandro_Guillani.jpg\"><img decoding=\"async\" class=\"alignright wp-image-22146\" src=\"https:\/\/www.amag-group.ch\/blog\/wp-content\/uploads\/2021\/04\/Buchrain_Sandro_Guillani-311x414.jpg\" alt=\"AMAG Buchrain Sandro Guillani, Collaboration mit MS Teams App\" width=\"500\" height=\"667\" srcset=\"https:\/\/www.amag-group.ch\/blog\/wp-content\/uploads\/2021\/04\/Buchrain_Sandro_Guillani-311x414.jpg 311w, https:\/\/www.amag-group.ch\/blog\/wp-content\/uploads\/2021\/04\/Buchrain_Sandro_Guillani-768x1024.jpg 768w, https:\/\/www.amag-group.ch\/blog\/wp-content\/uploads\/2021\/04\/Buchrain_Sandro_Guillani-1152x1536.jpg 1152w, https:\/\/www.amag-group.ch\/blog\/wp-content\/uploads\/2021\/04\/Buchrain_Sandro_Guillani-1536x2048.jpg 1536w, https:\/\/www.amag-group.ch\/blog\/wp-content\/uploads\/2021\/04\/Buchrain_Sandro_Guillani.jpg 1440w\" sizes=\"(max-width: 500px) 100vw, 500px\" \/><\/a><\/em><\/strong><br \/>\nDie Mitarbeitenden der AMAG Buchrain nutzen MS Teams wie in Basel f\u00fcr <strong>Ersatzteile-Bestellungen<\/strong>. Fr\u00fcher musste ein Mechaniker zum Ersatzteileschalter laufen, um eine Bestellung aufzugeben. In einem grossen Betrieb wie Buchrain waren das schon einige Laufmeter am Tag und damit auch kostbare Zeit. Heute kann der Mechaniker direkt \u00fcber MS Teams die Teilebestellung durchgeben, auch mittels Fotos, Videos oder Sprachnachrichten. Der Mitarbeitende im Teiledienst best\u00e4tigt mit einem Like, dass er die Nachricht gelesen hat und die Bestellung abwickeln wird. Wir arbeiten nun also viel effizienter und k\u00f6nnen die Bestellungen besser nachverfolgen. Diese Prozessanpassung bewirkt im Teiledienst zus\u00e4tzlich eine Reduktion an Wartezeit und der Frequenz der Mitarbeitenden am Werkstattschalter.<\/p>\n<p>Zudem laufen <strong>Fahrzeugaufbereitungsauftr\u00e4ge<\/strong> bei uns nun auch \u00fcber MS Teams. Der Verk\u00e4ufer gibt dem Serviceberater nun einfach direkt \u00fcber MS Teams den Auftrag mit allen notwendigen Zeitangaben, das verkaufte Auto f\u00fcr den Kunden zu reinigen und aufzubereiten.<\/p>\n<p>Auch <strong>allgemeine Informationen aus dem Betrieb<\/strong>, wie Kennzahlen, Betriebsmitteilungen, Umfragen, Vorgaben oder die Ergebnisse der Mitarbeitendenbefragung, posten wir im MS Teams an alle Mitarbeitenden. Die Mitarbeitenden sind seit der Einf\u00fchrung von MS Teams besser und schneller informiert und durch diese transparente Integration auch involvierter. Sie f\u00fchlen sich auch mehr wertgesch\u00e4tzt und dem Unternehmen n\u00e4her. Die Leserate unserer News steigt kontinuierlich, seit wir die Smartphones im Einsatz haben.<\/p>\n<p><strong><em>Wie haben die Mitarbeitenden auf die Einf\u00fchrung reagiert?<\/em><\/strong><br \/>\nDie meisten waren positiv eingestellt und haben sich gefreut, dass sie endlich ein Tool an die Hand bekommen, das ihnen gewisse Prozesse vereinfacht. Die wenigen, die kritisch waren, konnten wir mittlerweile auch von den Vorteilen \u00fcberzeugen. Es war zentral, dass wir die Kolleginnen und Kollegen eng bei der Einf\u00fchrung begleitet haben und dies weiterhin tun. Nicht alle sind digital affin und k\u00f6nnen direkt mit einer solchen App umgehen. Zum Gl\u00fcck habe ich eine sehr motivierte Lernende bei mir im Betrieb, die diese Supportaufgaben gerne \u00fcbernimmt und meine Mitarbeitenden t\u00e4glich bei Fragen unterst\u00fctzt. Es ist wichtig, dass man diese Zeit auch nach der unmittelbaren Einf\u00fchrung investiert.<\/p>\n<div id=\"attachment_22143\" style=\"width: 321px\" class=\"wp-caption alignleft\"><a class=\"fancybox-link\" href=\"https:\/\/www.amag-group.ch\/blog\/wp-content\/uploads\/2021\/04\/Buchrain_Daniel_Cajic-scaled.jpg\"><img decoding=\"async\" aria-describedby=\"caption-attachment-22143\" class=\"wp-image-22143 size-medium\" src=\"https:\/\/www.amag-group.ch\/blog\/wp-content\/uploads\/2021\/04\/Buchrain_Daniel_Cajic-311x414.jpg\" alt=\"AMAG Buchrain Daniel Cajic, Collaboration mit MS Teams App\" width=\"311\" height=\"414\" srcset=\"https:\/\/www.amag-group.ch\/blog\/wp-content\/uploads\/2021\/04\/Buchrain_Daniel_Cajic-311x414.jpg 311w, https:\/\/www.amag-group.ch\/blog\/wp-content\/uploads\/2021\/04\/Buchrain_Daniel_Cajic-768x1024.jpg 768w, https:\/\/www.amag-group.ch\/blog\/wp-content\/uploads\/2021\/04\/Buchrain_Daniel_Cajic-1152x1536.jpg 1152w, https:\/\/www.amag-group.ch\/blog\/wp-content\/uploads\/2021\/04\/Buchrain_Daniel_Cajic-1536x2048.jpg 1536w, https:\/\/www.amag-group.ch\/blog\/wp-content\/uploads\/2021\/04\/Buchrain_Daniel_Cajic-scaled.jpg 1440w\" sizes=\"(max-width: 311px) 100vw, 311px\" \/><\/a><p id=\"caption-attachment-22143\" class=\"wp-caption-text\"><em>\u00dcber die Smartphones k\u00f6nnen die Mitarbeitenden ohne eigenen PC-Arbeitsplatz Prozesse effizienter abwickeln.<\/em><\/p><\/div>\n<p><strong><em>Welche Vorteile siehst du nach diesen 3 Monaten mit MS Teams, insbesondere auf den Nokia Smartphones?<\/em><\/strong><br \/>\nWir sind effizienter und prozesssicherer geworden. Wir sparen uns nicht nur Laufwege, sondern vor allem auch wichtige Zeit, weil wir nicht permanent per Telefonanrufe nachfragen m\u00fcssen, ob jemand den platzierten Auftrag gesehen hat und\/oder bereits ausf\u00fchrt. Dank des \u00abLike\u00bb als Lesebest\u00e4tigung k\u00f6nnen wir genau nachverfolgen, wer den Auftrag an sich genommen hat oder bereits gerade bearbeitet. Zudem kann der Mitarbeitende in der Werkstatt direkt auf seinem Endger\u00e4t die Service Cam bedienen und hilft so effizient bei Zusatzverk\u00e4ufen. <\/p>\n<p>Die Mitarbeitenden f\u00fchlen sich ernster genommen, da sie im MS Teams zum Beispiel auch nachverfolgen k\u00f6nnen, welche Tasks wir im Planner zur Verbesserung der Mitarbeiterzufriedenheit oder welche Massnahmen in den einzelnen Abteilungen bis wann laufen. Und immer mehr Abteilungen planen Ihre Eins\u00e4tze und Aufgaben im MS Planner, was zu einer stets aktuellen \u00dcbersicht f\u00fchrt. \u00a0<\/p>\n<p><strong><em>Wie geht es bei euch weiter?<\/em><\/strong><br \/>\nWir organisieren gerade noch ein paar weitere PC-Arbeitspl\u00e4tze auf die Reifensaison, denn f\u00fcr manche Dokumente wie Reifen- oder R\u00e4derzustandsbl\u00e4tter ist das Smartphone-Display einfach zu klein und eher ungeeignet. An den PCs k\u00f6nnen sich die Mitarbeitenden dann auch im MS Teams einloggen und auf alle Dateien zugreifen. Zudem digitalisieren wir viele Dokumente, sodass wir in Zukunft kaum mehr drucken m\u00fcssen. Das Ziel ist eine komplett papierlose und digitale Werkstatt. Im Sommer werden wir ein erstes Fazit zu MS Teams ziehen. Wir bleiben auf jeden Fall auf dem Weg der Digitalisierung!<\/p>\n<p><strong>Erfahre <\/strong><span style=\"text-decoration: underline;\"><a href=\"https:\/\/www.amag-group.ch\/blog\/digitale-zusammenarbeit-wichtiger-denn-je\/\" target=\"_blank\" rel=\"noopener noreferrer\"><strong>hier<\/strong><\/a><\/span><strong> mehr \u00fcber die Einf\u00fchrung von MS Teams bei der AMAG.<\/strong><\/p>\n<p>&nbsp;<\/p>\n","protected":false},"excerpt":{"rendered":"<p>Collaboration Tools wie MS Teams sind in aller Munde. Wie auch Mitarbeitende ohne eigenen PC-Arbeitsplatz von einem Kollaborationstool wie Microsoft Teams profitieren k\u00f6nnen, zeigt das Beispiel zweier AMAG Betriebe.<\/p>\n","protected":false},"author":55,"featured_media":22146,"comment_status":"open","ping_status":"open","sticky":false,"template":"","format":"standard","meta":{"_acf_changed":false,"inline_featured_image":false,"footnotes":""},"categories":[9580],"tags":[],"class_list":["post-22152","post","type-post","status-publish","format-standard","has-post-thumbnail","hentry","category-arbeiten-bei-der-amag"],"acf":[],"_links":{"self":[{"href":"https:\/\/www.amag-group.ch\/blog\/wp-json\/wp\/v2\/posts\/22152","targetHints":{"allow":["GET"]}}],"collection":[{"href":"https:\/\/www.amag-group.ch\/blog\/wp-json\/wp\/v2\/posts"}],"about":[{"href":"https:\/\/www.amag-group.ch\/blog\/wp-json\/wp\/v2\/types\/post"}],"author":[{"embeddable":true,"href":"https:\/\/www.amag-group.ch\/blog\/wp-json\/wp\/v2\/users\/55"}],"replies":[{"embeddable":true,"href":"https:\/\/www.amag-group.ch\/blog\/wp-json\/wp\/v2\/comments?post=22152"}],"version-history":[{"count":1,"href":"https:\/\/www.amag-group.ch\/blog\/wp-json\/wp\/v2\/posts\/22152\/revisions"}],"predecessor-version":[{"id":31394,"href":"https:\/\/www.amag-group.ch\/blog\/wp-json\/wp\/v2\/posts\/22152\/revisions\/31394"}],"wp:featuredmedia":[{"embeddable":true,"href":"https:\/\/www.amag-group.ch\/blog\/wp-json\/wp\/v2\/media\/22146"}],"wp:attachment":[{"href":"https:\/\/www.amag-group.ch\/blog\/wp-json\/wp\/v2\/media?parent=22152"}],"wp:term":[{"taxonomy":"category","embeddable":true,"href":"https:\/\/www.amag-group.ch\/blog\/wp-json\/wp\/v2\/categories?post=22152"},{"taxonomy":"post_tag","embeddable":true,"href":"https:\/\/www.amag-group.ch\/blog\/wp-json\/wp\/v2\/tags?post=22152"}],"curies":[{"name":"wp","href":"https:\/\/api.w.org\/{rel}","templated":true}]}}