{"id":21847,"date":"2021-03-02T10:36:38","date_gmt":"2021-03-02T09:36:38","guid":{"rendered":"https:\/\/www.amag-group.ch\/blog\/?p=21847"},"modified":"2025-03-07T15:11:41","modified_gmt":"2025-03-07T14:11:41","slug":"so-kommen-firmen-zu-ihrer-passenden-fahrzeugflotte","status":"publish","type":"post","link":"https:\/\/www.amag-group.ch\/blog\/so-kommen-firmen-zu-ihrer-passenden-fahrzeugflotte\/","title":{"rendered":"So kommen Firmen zu ihrer passenden Fahrzeugflotte"},"content":{"rendered":"<h3><strong>Pascal, wie findet ihr heraus, was f\u00fcr eure Kunden die beste Flottenl\u00f6sung ist?<\/strong><\/h3>\n<p><em><span style=\"text-decoration: underline;\"><a href=\"https:\/\/www.amag-group.ch\/blog\/author\/pascalspiegel\/\">Pascal Spiegel<\/a><\/span>: <\/em>Das allerwichtigste bei unserem Job ist, dass wir die Firma und auch unsere Kontaktperson kennen. Nichts ist unangemessener als bei einem Gespr\u00e4ch Fragen zu m\u00fcssen: \u00abWas machen Sie genau?\u00bb.<\/p>\n<p>Beim Kennenlernen findet man dann auch schnell heraus, worauf die Firma Wert legt: M\u00fcssen die Firmenwagen repr\u00e4sentativ sein? Wie wichtig ist der \u00f6kologische Fussabdruck? Sind es Dienstwagen oder Poolfahrzeuge? Dabei sp\u00fcrt man auch heraus, wie wichtig dem Gegen\u00fcber der Austausch ist: Mit manchen Kunden bin ich w\u00f6chentlich in Kontakt, andere bevorzugen es, diesen auf ein Minimum zu Reduzieren.<\/p>\n<h3><strong>Wie geht es weiter, wenn ihr die Bed\u00fcrfnisse erfasst habt?<\/strong><\/h3>\n<div id=\"attachment_18818\" style=\"width: 286px\" class=\"wp-caption alignright\"><a class=\"fancybox-link\" href=\"https:\/\/www.amag-group.ch\/blog\/wp-content\/uploads\/2020\/05\/Spiegel-Pascal.jpg\"><img decoding=\"async\" aria-describedby=\"caption-attachment-18818\" class=\"size-medium wp-image-18818\" src=\"https:\/\/www.amag-group.ch\/blog\/wp-content\/uploads\/2020\/05\/Spiegel-Pascal-276x414.jpg\" alt=\"\" width=\"276\" height=\"414\" srcset=\"https:\/\/www.amag-group.ch\/blog\/wp-content\/uploads\/2020\/05\/Spiegel-Pascal-276x414.jpg 276w, https:\/\/www.amag-group.ch\/blog\/wp-content\/uploads\/2020\/05\/Spiegel-Pascal-768x1151.jpg 768w, https:\/\/www.amag-group.ch\/blog\/wp-content\/uploads\/2020\/05\/Spiegel-Pascal.jpg 1281w\" sizes=\"(max-width: 276px) 100vw, 276px\" \/><\/a><p id=\"caption-attachment-18818\" class=\"wp-caption-text\">Pascal Spiegel, Leiter Key Account Management Region Z\u00fcrich und Ostschweiz<\/p><\/div>\n<p>Entweder hat der Kunde schon Vorstellungen was er m\u00f6chte \u2013 beispielsweise eine Flotte bestehend aus <span style=\"text-decoration: underline;\"><a href=\"https:\/\/www.amag-group.ch\/blog\/wann-lohnt-sich-eine-vollelektrische-fahrzeugflotte\/\">Elektroautos<\/a><\/span>, und dann beraten wir ihn dabei. Oder wir unterbreiten ihm Vorschl\u00e4ge anhand der Informationen, die wir gesammelt haben. Der grosse Vorteil der AMAG dabei ist, dass wir vom kleinen Cityflitzer f\u00fcr kurze Distanzen, \u00fcber Fahrzeuge f\u00fcr Aussendienstler mit viel Platz, Lieferwagen f\u00fcr Handwerker bis hin zu den Premiummodellen f\u00fcr die Gesch\u00e4ftsleitung alles anbieten k\u00f6nnen. Dass wir Key Account Manager dabei der Single Point of Contact f\u00fcr alle Belangen sind, kommt dem Kunden zus\u00e4tzlich entgegen.<\/p>\n<h3><strong>Single Point of Contact: Wie kann man sich das vorstellen und was sind die Vorteile?<\/strong><\/h3>\n<p>Die Vertragsabwicklung und Koordination der Fahrzeuge laufen \u00fcber uns. F\u00fcr den operativen Teil der \u00dcbergaben arbeiten wir eng mit den Garagenbetrieben zusammen. Das ist insbesondere praktisch, wenn die Flotten aus unterschiedlichen Marken bestehen. Wenn es irgendwelche Unklarheiten oder Probleme gibt, k\u00f6nnen sich die Kunden jederzeit direkt an uns wenden. F\u00fcr die <a href=\"https:\/\/www.amag-group.ch\/blog\/4-vorteile-von-autosense-fuer-flottenkunden\/\"><span style=\"text-decoration: underline;\">Verwaltung der Flotte k\u00f6nnen dann Tools wie beispielsweise autoSense<\/span><\/a> sehr hilfreich sein.<\/p>\n<h3><strong>Und sobald der Kunde seine Flotte hat, ist f\u00fcr euch die Arbeit erledigt?<\/strong><\/h3>\n<p>Nein, ganz und gar nicht \u2013 wir stehen in regelm\u00e4ssigem Kontakt mit den Kunden und informieren sie, wenn es etwas Neues gibt, das f\u00fcr sie interessant sein k\u00f6nnte. Zudem gibt es auch immer wieder Veranstaltungen, die wir zusammen mit den Kunden machen. Namentlich Winterfahrtrainings oder Testfahrten mit neuen Modellen. Das ist jedoch leider im Moment aufgrund der Einschr\u00e4nkungen und Massnahmen in Bezug auf die COVID-19-Pandemie nicht m\u00f6glich. Ich freue mich aber sehr darauf, die Kunden wieder in Person treffen zu k\u00f6nnen. Insbesondere ein Kennenlernen ist trotz guter elektronischer Hilfsmittel noch immer am angenehmsten pers\u00f6nlich.<\/p>\n<hr \/>\n<h2>Weitere Artikel zum Thema<\/h2>\n<p><span style=\"text-decoration: underline;\"><a href=\"https:\/\/www.amag-group.ch\/blog\/tco-total-cost-of-ownership\/\" target=\"_blank\" rel=\"noopener noreferrer\">Soviel kostet ein Auto tats\u00e4chlich &#8211; TCO einfach erkl\u00e4rt<\/a><\/span><\/p>\n<p><span style=\"text-decoration: underline;\"><a href=\"https:\/\/www.amag-group.ch\/blog\/flottenmanagement-leicht-gemacht\/\" target=\"_blank\" rel=\"noopener noreferrer\">Flottenmanagement leicht gemacht<\/a><\/span><\/p>\n<p><span style=\"text-decoration: underline;\"><a href=\"https:\/\/www.fleet-portal.ch\/de\">Weitere Informationen zu Fahrzeugflotten<\/a><\/span><\/p>\n","protected":false},"excerpt":{"rendered":"<p>Wie finden Firmen ihre passende Flotte? Pascal Spiegel, Leiter Key Account Management der Region Z\u00fcrich und Ostschweiz erz\u00e4hlt, wie er mit seinem Team die Bed\u00fcrfnisse seiner Flottenkunden erfasst.<\/p>\n","protected":false},"author":43,"featured_media":13665,"comment_status":"open","ping_status":"open","sticky":false,"template":"","format":"standard","meta":{"_acf_changed":false,"inline_featured_image":false,"footnotes":""},"categories":[9960],"tags":[],"class_list":["post-21847","post","type-post","status-publish","format-standard","has-post-thumbnail","hentry","category-moebilitaet-der-zukunft"],"acf":[],"_links":{"self":[{"href":"https:\/\/www.amag-group.ch\/blog\/wp-json\/wp\/v2\/posts\/21847","targetHints":{"allow":["GET"]}}],"collection":[{"href":"https:\/\/www.amag-group.ch\/blog\/wp-json\/wp\/v2\/posts"}],"about":[{"href":"https:\/\/www.amag-group.ch\/blog\/wp-json\/wp\/v2\/types\/post"}],"author":[{"embeddable":true,"href":"https:\/\/www.amag-group.ch\/blog\/wp-json\/wp\/v2\/users\/43"}],"replies":[{"embeddable":true,"href":"https:\/\/www.amag-group.ch\/blog\/wp-json\/wp\/v2\/comments?post=21847"}],"version-history":[{"count":1,"href":"https:\/\/www.amag-group.ch\/blog\/wp-json\/wp\/v2\/posts\/21847\/revisions"}],"predecessor-version":[{"id":25642,"href":"https:\/\/www.amag-group.ch\/blog\/wp-json\/wp\/v2\/posts\/21847\/revisions\/25642"}],"wp:featuredmedia":[{"embeddable":true,"href":"https:\/\/www.amag-group.ch\/blog\/wp-json\/wp\/v2\/media\/13665"}],"wp:attachment":[{"href":"https:\/\/www.amag-group.ch\/blog\/wp-json\/wp\/v2\/media?parent=21847"}],"wp:term":[{"taxonomy":"category","embeddable":true,"href":"https:\/\/www.amag-group.ch\/blog\/wp-json\/wp\/v2\/categories?post=21847"},{"taxonomy":"post_tag","embeddable":true,"href":"https:\/\/www.amag-group.ch\/blog\/wp-json\/wp\/v2\/tags?post=21847"}],"curies":[{"name":"wp","href":"https:\/\/api.w.org\/{rel}","templated":true}]}}