{"id":21571,"date":"2021-02-05T09:44:24","date_gmt":"2021-02-05T08:44:24","guid":{"rendered":"https:\/\/www.amag-group.ch\/blog\/?p=21571"},"modified":"2025-03-06T16:39:31","modified_gmt":"2025-03-06T15:39:31","slug":"so-faehrt-der-vw-id-3-im-winter","status":"publish","type":"post","link":"https:\/\/www.amag-group.ch\/blog\/so-faehrt-der-vw-id-3-im-winter\/","title":{"rendered":"So f\u00e4hrt der VW ID.3 im Winter"},"content":{"rendered":"<h3>Vorheizen ist cool \u2013 oder eben warm!<\/h3>\n<p>Im Zusammenspiel mit der We Connect ID. App kann man bequem mit dem Smartphone auf den ID.3 zugreifen. Ganz praktisch im Winter ist dabei die M\u00f6glichkeit, das Auto zu klimatisieren bevor man losf\u00e4hrt. In den kalten Monaten empfiehlt sich dabei nat\u00fcrlich zu heizen, auch Sitzheizung und Lenkradheizung lassen sich so bequem remote aktivieren. Mit dem ME2 Update des ID.3 kann dies sogar zeitgesteuert hinterlegt werden. Jetzt k\u00f6nnen Wochentage und fixe Zeiten hinterlegt werden und zu diesen wird das Auto nach den eigenen W\u00fcnschen vor klimatisiert. Kleiner Nebennutzen der integrierten Standheizung: Eiskratzen ist pass\u00e9.<\/p>\n<p><a class=\"fancybox-link\" href=\"https:\/\/www.amag-group.ch\/blog\/wp-content\/uploads\/2021\/02\/Bild-4.png\"><img decoding=\"async\" class=\"size-medium wp-image-21572 aligncenter\" src=\"https:\/\/www.amag-group.ch\/blog\/wp-content\/uploads\/2021\/02\/Bild-4-620x353.png\" alt=\"\" width=\"620\" height=\"353\" srcset=\"https:\/\/www.amag-group.ch\/blog\/wp-content\/uploads\/2021\/02\/Bild-4-620x353.png 620w, https:\/\/www.amag-group.ch\/blog\/wp-content\/uploads\/2021\/02\/Bild-4-768x437.png 768w, https:\/\/www.amag-group.ch\/blog\/wp-content\/uploads\/2021\/02\/Bild-4-1536x874.png 1536w, https:\/\/www.amag-group.ch\/blog\/wp-content\/uploads\/2021\/02\/Bild-4-2048x1166.png 2048w, https:\/\/www.amag-group.ch\/blog\/wp-content\/uploads\/2021\/02\/Bild-4.png 1920w\" sizes=\"(max-width: 620px) 100vw, 620px\" \/><\/a><\/p>\n<h3>Heckantrieb im Schnee?<\/h3>\n<p>Mit der Antriebsart kommt der ID.3 von Volkswagen wieder dem ersten grossen Erfolg, dem K\u00e4fer, entgegen. Dieser hatte n\u00e4mlich damals schon einen reinen Heckantrieb mit Motor und angetriebener Achse hinten. Dazwischen kamen mit dem Golf und anderen erfolgreichen Fahrzeugen immer Frontantriebler. Der Heckantrieb bietet beim ID.3 diverse Vorteile, unter anderem, dass sich der Einschlagwinkel der Vorderr\u00e4der erh\u00f6ht und man sehr eng wenden kann. Bez\u00fcglich Fahren im Schnee hat man oft das Gef\u00fchl, dass der reine Heckantrieb Nachteile hat. Die letzten Wochen hat sich die Schweiz mit viel Schneefall von der winterlichen Seite gezeigt und das perfekte Terrain f\u00fcr Testfahren geboten. Dabei hat sich der Heckantrieb sehr bew\u00e4hrt, gerade wenn es mal steiler wird, bietet der Antrieb auf der Hinterachse Vorteile gegen\u00fcber einem Frontantrieb. Die Fahrstabilit\u00e4t hat auch positiv \u00fcberrascht und gegen\u00fcber den eigenen Erfahrungen mit einem eGolf im Winter zeigt sich der ID.3 als solide. Bei enormem Schneefall kommt der ID.3 nat\u00fcrlich auch an seine Grenzen, wie auch Frontantrieb \u2013 in solchen F\u00e4llen helfen dann nur noch Schneeketten oder Allrad-angetriebene Fahrzeuge.<\/p>\n<p><img decoding=\"async\" class=\"size-medium wp-image-21596 aligncenter\" src=\"https:\/\/www.amag-group.ch\/blog\/wp-content\/uploads\/2021\/02\/ID.3-im-Winter-9-620x414.jpg\" alt=\"\" width=\"620\" height=\"414\" srcset=\"https:\/\/www.amag-group.ch\/blog\/wp-content\/uploads\/2021\/02\/ID.3-im-Winter-9-620x414.jpg 620w, https:\/\/www.amag-group.ch\/blog\/wp-content\/uploads\/2021\/02\/ID.3-im-Winter-9-768x512.jpg 768w, https:\/\/www.amag-group.ch\/blog\/wp-content\/uploads\/2021\/02\/ID.3-im-Winter-9-1536x1024.jpg 1536w, https:\/\/www.amag-group.ch\/blog\/wp-content\/uploads\/2021\/02\/ID.3-im-Winter-9-2048x1365.jpg 2048w, https:\/\/www.amag-group.ch\/blog\/wp-content\/uploads\/2021\/02\/ID.3-im-Winter-9-720x480.jpg 720w, https:\/\/www.amag-group.ch\/blog\/wp-content\/uploads\/2021\/02\/ID.3-im-Winter-9-scaled.jpg 1920w\" sizes=\"(max-width: 620px) 100vw, 620px\" \/><\/p>\n<h3>Reichweite im Winter<\/h3>\n<p>Elektroauto-Reichweiten werden in Testverfahren gemessen und nach solchen Fahrzyklen angegeben. Heute wird \u00fcblicherweise die Reichweite nach dem WLTP angegeben, die \u201eWorldwide Light-Duty Vehicles Test Procedure\u201c. Der ID.3 1ST Max ist mit 420km Reichweite aufgef\u00fchrt. Gerade in den warmen Monaten lassen sich diese Werte mit besonders sparsamer Fahrweise \u00fcbertreffen, wie Rekordfahrer Felix Egolf mit\u00a0531 Kilometern Reichweite bewies. In den letzten Wochen bei Temperaturen unter dem Nullpunkt und Schnee, ergab sich ein durchschnittlicher Verbrauch von rund 22kWh\/100km. Damit bleibt man bei rund 270km Reichweite stehen, dies bei normaler Fahrweise und einem grossen Anteil Autobahn, welche den Verbrauch nach oben treibt. Bei sparsamer Fahrweise sind im Winter rund 300km m\u00f6glich.<\/p>\n<h3>Laden im Winter<\/h3>\n<p>Das Laden des Elektroautos im Winter macht beim Laden daheim an der Wallbox keinen Unterschied. Hier erreicht der ID.3 die 11kW Ladeleistung immer und kann im Winter also rund 50km Reichweite pro Stunde nachladen. An Schnellladern unterwegs, kommt es auf die Aussen- und Akkutemperatur an. Wenn man das Auto nur kurz f\u00e4hrt und an einem Schnelllader stoppt, erreicht dieser selten die volle Leistung und muss den Akku erst aufw\u00e4rmen. Nach l\u00e4ngeren Fahrten mit einem Ladestop waren bei mir auch im Winter bis knapp an die 90kW Spitzenladeleistungen m\u00f6glich. Beispielsweise schaffe ich in 30min rund 40kWh, damit l\u00e4sst es sich weitere 200km fahren.<\/p>\n<h3>Elektroauto im Winter?<\/h3>\n<p>Das Fragezeichen kann man also weglassen \u2013 Elektroautos und Winter, das passt zusammen. Die Reichweite sinkt etwas, die Ladeleistung unterwegs ist beim richtigen Timing aber sehr gut und so lassen sich auch l\u00e4ngere Trips problemlos bew\u00e4ltigen. Kleiner Tipp f\u00fcr Langstreckenfahrer: Zu Hause vollgeladen losfahren und den ersten Ladestopp zwischen 5 und 15% Akkukapazit\u00e4t einplanen und dort bis rund 80% nachladen und dann weiter. In diesem Bereich des Akkuladestands profitiert man von den h\u00f6chsten Ladeleistungen kombiniert mit genug Reichweite. Viel Spass.<\/p>\n<p><a class=\"fancybox-link\" href=\"https:\/\/www.amag-group.ch\/blog\/wp-content\/uploads\/2021\/02\/ID.3-im-Winter-17-scaled.jpg\"><img decoding=\"async\" class=\"size-medium wp-image-21584 aligncenter\" src=\"https:\/\/www.amag-group.ch\/blog\/wp-content\/uploads\/2021\/02\/ID.3-im-Winter-17-620x414.jpg\" alt=\"\" width=\"620\" height=\"414\" srcset=\"https:\/\/www.amag-group.ch\/blog\/wp-content\/uploads\/2021\/02\/ID.3-im-Winter-17-620x414.jpg 620w, https:\/\/www.amag-group.ch\/blog\/wp-content\/uploads\/2021\/02\/ID.3-im-Winter-17-768x512.jpg 768w, https:\/\/www.amag-group.ch\/blog\/wp-content\/uploads\/2021\/02\/ID.3-im-Winter-17-1536x1024.jpg 1536w, https:\/\/www.amag-group.ch\/blog\/wp-content\/uploads\/2021\/02\/ID.3-im-Winter-17-2048x1365.jpg 2048w, https:\/\/www.amag-group.ch\/blog\/wp-content\/uploads\/2021\/02\/ID.3-im-Winter-17-720x480.jpg 720w, https:\/\/www.amag-group.ch\/blog\/wp-content\/uploads\/2021\/02\/ID.3-im-Winter-17-scaled.jpg 1920w\" sizes=\"(max-width: 620px) 100vw, 620px\" \/><\/a><\/p>\n","protected":false},"excerpt":{"rendered":"<p>Elektroautos und Winter, immer wieder ein kontroverses Thema. Vor allem eines, dass gerne als Gegenargument zur Elektromobilit\u00e4t genutzt wird. Dass aber gerade Norwegen, ein sehr n\u00f6rdliches und von K\u00e4lte gepr\u00e4gtes Land, f\u00fchrend ist in der Elektromobilit\u00e4t, zeigt aber schon eines klar: Elektromobilit\u00e4t und Winter, das funktioniert. Ich zeige euch hier gerne einige Erkenntnisse aus dem ersten Winter mit dem ID.3.<\/p>\n","protected":false},"author":48,"featured_media":21575,"comment_status":"open","ping_status":"open","sticky":false,"template":"","format":"standard","meta":{"_acf_changed":false,"inline_featured_image":false,"footnotes":""},"categories":[8119],"tags":[],"class_list":["post-21571","post","type-post","status-publish","format-standard","has-post-thumbnail","hentry","category-auto-technik"],"acf":[],"_links":{"self":[{"href":"https:\/\/www.amag-group.ch\/blog\/wp-json\/wp\/v2\/posts\/21571","targetHints":{"allow":["GET"]}}],"collection":[{"href":"https:\/\/www.amag-group.ch\/blog\/wp-json\/wp\/v2\/posts"}],"about":[{"href":"https:\/\/www.amag-group.ch\/blog\/wp-json\/wp\/v2\/types\/post"}],"author":[{"embeddable":true,"href":"https:\/\/www.amag-group.ch\/blog\/wp-json\/wp\/v2\/users\/48"}],"replies":[{"embeddable":true,"href":"https:\/\/www.amag-group.ch\/blog\/wp-json\/wp\/v2\/comments?post=21571"}],"version-history":[{"count":1,"href":"https:\/\/www.amag-group.ch\/blog\/wp-json\/wp\/v2\/posts\/21571\/revisions"}],"predecessor-version":[{"id":25648,"href":"https:\/\/www.amag-group.ch\/blog\/wp-json\/wp\/v2\/posts\/21571\/revisions\/25648"}],"wp:featuredmedia":[{"embeddable":true,"href":"https:\/\/www.amag-group.ch\/blog\/wp-json\/wp\/v2\/media\/21575"}],"wp:attachment":[{"href":"https:\/\/www.amag-group.ch\/blog\/wp-json\/wp\/v2\/media?parent=21571"}],"wp:term":[{"taxonomy":"category","embeddable":true,"href":"https:\/\/www.amag-group.ch\/blog\/wp-json\/wp\/v2\/categories?post=21571"},{"taxonomy":"post_tag","embeddable":true,"href":"https:\/\/www.amag-group.ch\/blog\/wp-json\/wp\/v2\/tags?post=21571"}],"curies":[{"name":"wp","href":"https:\/\/api.w.org\/{rel}","templated":true}]}}