{"id":21254,"date":"2021-01-12T11:15:47","date_gmt":"2021-01-12T10:15:47","guid":{"rendered":"https:\/\/www.amag-group.ch\/blog\/?p=21254"},"modified":"2021-02-05T09:48:22","modified_gmt":"2021-02-05T08:48:22","slug":"amag-classic-vergangenheit-hat-zukunft","status":"publish","type":"post","link":"https:\/\/www.amag-group.ch\/blog\/amag-classic-vergangenheit-hat-zukunft\/","title":{"rendered":"AMAG Classic: Vergangenheit hat Zukunft"},"content":{"rendered":"<p>Nach vielen Jahren als Porsche Partner ist die AMAG in Schinznach-Bad kein Porsche Service Zentrum mehr. Das gibt uns in Schinznach die M\u00f6glichkeit, einen Schwerpunkt auf unsere 75-Jahre-Geschichte zu legen und ein neues Kapitel an diesem Standort aufzuschlagen.<\/p>\n<p>Seit dem 1.\u00a0Januar 2021 ist in den freigewordenen R\u00e4umlichkeiten die <span style=\"text-decoration: underline;\"><a href=\"https:\/\/www.amag.ch\/de\/garagenuebersicht\/garage-schinznach-bad\/news\/2020\/amag-classic.html\" target=\"_blank\" rel=\"noopener noreferrer\">AMAG Classic, das AMAG eigene Kompetenzzentrum f\u00fcr Old- und Youngtimer<\/a><\/span>. Wenn nicht am traditionsreichen Standort Schinznach-Bad, an dem die AMAG seit 1949 aktiv ist und Autos gebaut hat, wo denn sonst?<\/p>\n<p>Hier k\u00fcmmert sich das spezialisierte Werkstattteam um Reto Mattenberger und Ren\u00e9 D\u00f6rig neu um klassische Fahrzeuge all unserer Konzernmarken. Egal, ob VW K\u00e4fer, VW Golf, Bulli, Audi quattro, \u0160KODA Favorit, Amerikaner aus der Zeit der Automontage Schinznach oder auch andere Oldtimer: Unsere Fachleute, die schon heute viel Wissen rund um klassische Fahrzeuge haben, betreuen alle Old- und Youngtimer gerne.<\/p>\n<p>Nat\u00fcrlich bleibt die AMAG Schinznach-Bad auch weiterhin verl\u00e4ssliche Markenpartnerin der Marken VW, VW Nutzfahrzeuge und \u0160KODA sowie Servicepartner f\u00fcr Audi.<\/p>\n<p>Reto Mattenberger freut sich auf das neue Angebot: \u00abSchon seit Jahren k\u00fcmmern wir uns auch um viele Klassiker unserer Kunden. Im Laufe der Zeit konnten wir hier eine gewisse Expertise aufbauen und dank unserer langj\u00e4hrigen Mitarbeitenden kennen wir viele Fahrzeugtypen noch aus der Zeit, als sie neu waren. Mit der neuen AMAG Classic haben wir jetzt ein neues Bet\u00e4tigungsfeld, in dem wir unser Know-how b\u00fcndeln und anbieten k\u00f6nnen. Ich bin \u00fcberzeugt, dass wir damit einem wachsenden Kundenbed\u00fcrfnis entsprechen. Bei uns hat Vergangenheit Zukunft.\u00bb<\/p>\n<h3><strong>Die Schweizerinnen und Schweizer sind im Oldtimer-Fieber<\/strong><\/h3>\n<p>Eine neue Studie der Swiss Historic Vehicle Federation (SHVF) hat gezeigt, wie gross der historische Fuhrpark in der Schweiz ist, welchen Wert dieser hat und wie viel j\u00e4hrlich in Old- und Youngtimer investiert wird. Und damit auch, welche Chancen dies f\u00fcr die AMAG ergibt. Die Schweizer Bev\u00f6lkerung hat ein gutes Gef\u00fchl, eine Mischung aus Sympathie und Freude, wenn sie einen Oldtimer sieht. 15 Prozent, das entspricht rund einer Million Schweizerinnen und Schweizer (!), interessieren sich f\u00fcr Veteranenfahrzeuge. Die H\u00e4lfte der Bev\u00f6lkerung (3,2 Mio.) ist der Meinung, dass Veteranenfahrzeuge als Kulturgut auf Schweizer Strassen erhalten werden sollen.<\/p>\n<p>Etwa 53\u2019000 Schweizerinnen und Schweizer besitzen mindestens ein Veteranenfahrzeug (PKW, Motorrad, LKW). Laut dem Register IVZ-Fahrzeuge, Stand 11\/2019, gibt es in der Schweiz 156\u2019209 angemeldete Veteranenfahrzeuge, die \u00e4lter als 30 Jahre sind. Hinzu kommen noch sogenannte Garagenbest\u00e4nde in der Gr\u00f6ssenordnung von 22\u2019500 Fahrzeugen. Der durchschnittliche Wert liegt bei einem historischen Automobil in der Schweiz bei rund CHF\u00a063\u2019000.\u2013. Die direkten Ausgaben pro Fahrzeug liegen bei etwa CHF\u00a05000.\u2013 pro Jahr. Hinzu kommen noch diverse indirekte Ausgaben. Die Wirtschaftsleistung, die mit Veteranenfahrzeugen in direktem Zusammenhang steht, l\u00e4sst sich f\u00fcr die Schweiz auf etwa CHF\u00a0836\u00a0Mio. pro Jahr beziffern. Und: Nicht ber\u00fccksichtigt sind hier die sogenannten Youngtimer, die 20- bis 30-j\u00e4hrigen Fahrzeuge. Diese kommen noch dazu.<\/p>\n<p>Diese Erkenntnisse ergeben viele Chancen f\u00fcr die AMAG, welche wir mit der AMAG Classic Garage nutzen wollen.<\/p>\n","protected":false},"excerpt":{"rendered":"<p>Die AMAG wurde vor 75 Jahren gegr\u00fcndet. Was sie seit 1945 auf die Strasse brachte, ist oft noch flott unterwegs. Damit das so bleibt, daf\u00fcr sorgt seit dem 1. Januar 2021 in Schinznach-Bad die AMAG Classic. AMAG Classic fokussiert sich auf Young- und Oldtimer aller AMAG Marken, auch diejenigen, die in Schinznach-Bad montiert wurden.<\/p>\n","protected":false},"author":29,"featured_media":21255,"comment_status":"open","ping_status":"open","sticky":false,"template":"","format":"standard","meta":{"_acf_changed":false,"inline_featured_image":false,"footnotes":""},"categories":[1231],"tags":[],"class_list":["post-21254","post","type-post","status-publish","format-standard","has-post-thumbnail","hentry","category-classic-car"],"acf":[],"_links":{"self":[{"href":"https:\/\/www.amag-group.ch\/blog\/wp-json\/wp\/v2\/posts\/21254","targetHints":{"allow":["GET"]}}],"collection":[{"href":"https:\/\/www.amag-group.ch\/blog\/wp-json\/wp\/v2\/posts"}],"about":[{"href":"https:\/\/www.amag-group.ch\/blog\/wp-json\/wp\/v2\/types\/post"}],"author":[{"embeddable":true,"href":"https:\/\/www.amag-group.ch\/blog\/wp-json\/wp\/v2\/users\/29"}],"replies":[{"embeddable":true,"href":"https:\/\/www.amag-group.ch\/blog\/wp-json\/wp\/v2\/comments?post=21254"}],"version-history":[{"count":0,"href":"https:\/\/www.amag-group.ch\/blog\/wp-json\/wp\/v2\/posts\/21254\/revisions"}],"wp:featuredmedia":[{"embeddable":true,"href":"https:\/\/www.amag-group.ch\/blog\/wp-json\/wp\/v2\/media\/21255"}],"wp:attachment":[{"href":"https:\/\/www.amag-group.ch\/blog\/wp-json\/wp\/v2\/media?parent=21254"}],"wp:term":[{"taxonomy":"category","embeddable":true,"href":"https:\/\/www.amag-group.ch\/blog\/wp-json\/wp\/v2\/categories?post=21254"},{"taxonomy":"post_tag","embeddable":true,"href":"https:\/\/www.amag-group.ch\/blog\/wp-json\/wp\/v2\/tags?post=21254"}],"curies":[{"name":"wp","href":"https:\/\/api.w.org\/{rel}","templated":true}]}}