{"id":20393,"date":"2020-10-14T09:16:39","date_gmt":"2020-10-14T07:16:39","guid":{"rendered":"https:\/\/www.amag-group.ch\/blog\/?p=20393"},"modified":"2023-11-21T13:07:22","modified_gmt":"2023-11-21T12:07:22","slug":"frueher-war-alles-besser-oder-francisco","status":"publish","type":"post","link":"https:\/\/www.amag-group.ch\/blog\/frueher-war-alles-besser-oder-francisco\/","title":{"rendered":"\u00abFr\u00fcher war alles besser\u2026 oder, Francisco?\u00bb"},"content":{"rendered":"<p>Wir treffen \u00abFrane\u00bb in der Projektzone am AMAG Hauptsitz in Cham. Er begr\u00fcsst uns l\u00e4chelnd mit einer \u00ab<em>coronakonformen\u00bb<\/em> Geste. Schnell wird klar, dass uns hier ein sehr aufgestellter und lebensfroher Mensch gegen\u00fcbersteht. Schon viele Jahre ist er bei der AMAG t\u00e4tig und wir freuen uns auf seine spannenden Geschichten.<\/p>\n<h3><strong>Lieber Frane, wer bist du? Beschreib dich kurz in eigenen Worten.<\/strong><\/h3>\n<p>Mein Name ist Francisco Javier Vazquez, was f\u00fcr viele ein Zungenbrecher ist \u2013 deshalb bin ich f\u00fcr die meisten, die ich kenne, \u00abFrane\u00bb (lacht). Ich bin in der Schweiz geboren, habe aber immer noch die spanische Staatsb\u00fcrgerschaft. Meine Grosseltern waren bereits hier, mein Vater kam jedoch erst nach der Schulzeit in die Schweiz. Ich bin quasi die zweieinhalbste Generation.<\/p>\n<h3><strong>Wie sieht deine berufliche Laufbahn aus und was hat sich in den Jahren ge\u00e4ndert?<\/strong><\/h3>\n<p>Ich habe urspr\u00fcnglich eine Lehre als Elektromonteur gemacht, was mir zum Teil heute noch zugutekommt. 1991 habe ich dann per Zufall, durch die Empfehlung eines Kollegen, in die IT gewechselt. Schon damals habe ich mit dem <em>Commodore<\/em> (alter Heimcomputer) oft und gerne programmiert. Die Faszination f\u00fcr die IT war also schon immer da.<\/p>\n<p>2003 kam dann schliesslich der Wechsel in den IT Support der AMAG in Buchs. Nach ca. 4 Jahren habe ich begonnen, mich um die anspruchsvollen F\u00e4lle in der ganzen Schweiz zu k\u00fcmmern und auch um die Technik beim Neu- und Umbau unserer Garagen. Dazu geh\u00f6rte auch die technische Integration von \u00fcbernommenen Betrieben. Das war f\u00fcr mich ein grosser Vorteil, weil ich so alle AMAG Garagen und ihre Mitarbeitenden kennenlernen durfte.<\/p>\n<p>Mit der Zeit ist alles immer komplexer und aufw\u00e4ndiger geworden. 2012 entwickelte sich die One-Man-Show zu einer gr\u00f6sseren Struktur mit mehreren Mitarbeitenden. Das war der Beginn des heute noch existierenden Onsite Support (OSS), der den Garagenbetrieben in allen Regionen zur Seite steht und die Schnittstelle zur AMAG Informatik in Cham bildet.<\/p>\n<p>Bis April 2019 geh\u00f6rte ich dem OSS an, bis mir die Chance geboten wurde, vermehrt IT-Infrastruktur-Themen an die Hand zu nehmen. Ich habe diese neue Herausforderung sehr gerne angenommen. Seit Februar 2020 arbeite ich nun im Team Demand &amp; Projektmanagement, wo ich mein Wissen und meine Erfahrungen (auch innerhalb der AMAG) einbringen, mich aber auch weiterentwickeln kann.<\/p>\n<div id=\"attachment_20395\" style=\"width: 562px\" class=\"wp-caption aligncenter\"><a href=\"https:\/\/www.amag-group.ch\/blog\/wp-content\/uploads\/2020\/10\/Bild_Frane_gross-scaled.jpg\"><img decoding=\"async\" aria-describedby=\"caption-attachment-20395\" class=\"wp-image-20395 size-medium\" src=\"https:\/\/www.amag-group.ch\/blog\/wp-content\/uploads\/2020\/10\/Bild_Frane_gross-552x414.jpg\" alt=\"\" width=\"552\" height=\"414\" srcset=\"https:\/\/www.amag-group.ch\/blog\/wp-content\/uploads\/2020\/10\/Bild_Frane_gross-552x414.jpg 552w, https:\/\/www.amag-group.ch\/blog\/wp-content\/uploads\/2020\/10\/Bild_Frane_gross-768x576.jpg 768w, https:\/\/www.amag-group.ch\/blog\/wp-content\/uploads\/2020\/10\/Bild_Frane_gross-1536x1152.jpg 1536w, https:\/\/www.amag-group.ch\/blog\/wp-content\/uploads\/2020\/10\/Bild_Frane_gross-2048x1536.jpg 2048w, https:\/\/www.amag-group.ch\/blog\/wp-content\/uploads\/2020\/10\/Bild_Frane_gross-scaled.jpg 1920w\" sizes=\"(max-width: 552px) 100vw, 552px\" \/><\/a><p id=\"caption-attachment-20395\" class=\"wp-caption-text\">Frane in der Projektzone am AMAG Hauptsitz in Cham &#8211; Remote Working ist f\u00fcr ihn keine Ausnahme.<\/p><\/div>\n<h3><strong>War denn fr\u00fcher wirklich alles besser?<\/strong><\/h3>\n<p>Ich habe das Gef\u00fchl, je \u00e4lter man wird, desto \u00f6fter h\u00f6rt man diesen Satz. Wahrscheinlich wurde das vor 2000 Jahren schon gesagt (lacht). In Bezug auf den Support w\u00fcrde ich sagen, dass der Job an sich fr\u00fcher vielf\u00e4ltiger war. Ich hatte mehr verschiedene Bereiche, f\u00fcr die ich zust\u00e4ndig war und konnte vieles selbst machen. Heute sind diese Bereiche viel klarer abgegrenzt und jeder ist Spezialist auf einem bestimmten Gebiet, da alles viel gr\u00f6sser geworden ist.<\/p>\n<p>Jedoch war es nicht besser, sondern anders. Fakt ist, wenn man nicht mit der Zeit geht und \u00abmitmacht\u00bb, wird man irgendwann von der Entwicklung \u00fcberrollt.<\/p>\n<div id=\"attachment_20424\" style=\"width: 445px\" class=\"wp-caption aligncenter\"><a href=\"https:\/\/www.amag-group.ch\/blog\/wp-content\/uploads\/2020\/10\/ITSupport.jpg\"><img decoding=\"async\" aria-describedby=\"caption-attachment-20424\" class=\"wp-image-20424 size-medium\" src=\"https:\/\/www.amag-group.ch\/blog\/wp-content\/uploads\/2020\/10\/ITSupport-435x414.jpg\" alt=\"\" width=\"435\" height=\"414\" srcset=\"https:\/\/www.amag-group.ch\/blog\/wp-content\/uploads\/2020\/10\/ITSupport-435x414.jpg 435w, https:\/\/www.amag-group.ch\/blog\/wp-content\/uploads\/2020\/10\/ITSupport-768x731.jpg 768w, https:\/\/www.amag-group.ch\/blog\/wp-content\/uploads\/2020\/10\/ITSupport-1536x1463.jpg 1536w, https:\/\/www.amag-group.ch\/blog\/wp-content\/uploads\/2020\/10\/ITSupport.jpg 1576w\" sizes=\"(max-width: 435px) 100vw, 435px\" \/><\/a><p id=\"caption-attachment-20424\" class=\"wp-caption-text\">IT Support-Team vor der AMAG in Buchs ZH im Jahr 2003 mit Frane (vorne links).<\/p><\/div>\n<h3><strong>Wie hat die Digitalisierung deinen Beruf ver\u00e4ndert bzw. beeinflusst?<\/strong><\/h3>\n<p>Ich w\u00fcrde sagen, dass wir von den \u00abMachern\u00bb eher zu den Analysten geworden sind. Die Digitalisierung hat vieles automatisiert. Fr\u00fcher hat man vor Ort noch die Software installiert und heute wird das im Hintergrund automatisch erledigt. Dies ist nicht immer nur ein Vorteil. Es geht zwar alles schneller, aber in Sachen Kundenorientierung war der Support vor Ort pers\u00f6nlicher. Wenn die eingespielte Software bspw. nicht auf Anhieb funktioniert hat, konnte man direkt eingreifen. Dies ist heute nicht mehr der Fall. Die Arbeit hat sich mit der Digitalisierung vermehrt ins Backoffice verlagert. Heute brauchen wir mehr Leute, die im Hintergrund unterst\u00fctzen und nicht mehr so viele Personen vor Ort.<\/p>\n<h3><strong>Was w\u00fcrdest du heute anders machen?<\/strong><\/h3>\n<p>Grunds\u00e4tzlich w\u00fcrde ich nicht vieles anders machen. Es gibt sicher Dinge, die ich vielleicht fr\u00fcher mehr h\u00e4tte beachten sollen, bspw. aus finanzieller Sicht. Ab Ende der 80er war ich die darauffolgenden Jahre immer im Januar und Februar zwei Monate auf Reisen. Das war damals voll mein Ding und ich habe bereits beim Einstellungsgespr\u00e4ch erw\u00e4hnt, dass ich das auch weiterhin machen m\u00f6chte (lacht). Ich habe dann jeweils einen Monat Ferien und einen Monat unbezahlten Urlaub genommen. Heute k\u00f6nnte ich das nicht mehr machen, da ich jetzt Familie habe, was aber genau so sch\u00f6n ist. Die Dinge \u00e4ndern sich nun mal und das ist auch gut so.<\/p>\n<div id=\"attachment_20430\" style=\"width: 293px\" class=\"wp-caption aligncenter\"><a href=\"https:\/\/www.amag-group.ch\/blog\/wp-content\/uploads\/2020\/10\/Francisco-Vazquez-fr\u00fcher-1.jpg\"><img decoding=\"async\" aria-describedby=\"caption-attachment-20430\" class=\"wp-image-20430\" src=\"https:\/\/www.amag-group.ch\/blog\/wp-content\/uploads\/2020\/10\/Francisco-Vazquez-fr\u00fcher-1-321x414.jpg\" alt=\"\" width=\"283\" height=\"365\" srcset=\"https:\/\/www.amag-group.ch\/blog\/wp-content\/uploads\/2020\/10\/Francisco-Vazquez-fr\u00fcher-1-321x414.jpg 321w, https:\/\/www.amag-group.ch\/blog\/wp-content\/uploads\/2020\/10\/Francisco-Vazquez-fr\u00fcher-1-768x992.jpg 768w, https:\/\/www.amag-group.ch\/blog\/wp-content\/uploads\/2020\/10\/Francisco-Vazquez-fr\u00fcher-1.jpg 1074w\" sizes=\"(max-width: 283px) 100vw, 283px\" \/><\/a><p id=\"caption-attachment-20430\" class=\"wp-caption-text\">Frane mit einer seiner verr\u00fcckten Frisuren zu seiner Anfangszeit bei der AMAG.<\/p><\/div>\n<p><strong>Was w\u00fcrdest du einem 20-j\u00e4hrigen mit auf den Weg geben?<\/strong><\/p>\n<p>Er soll in erster Linie sein Leben leben, seine W\u00fcnsche und Ziele nicht aus den Augen verlieren und an das glauben, was er kann. Hierzu habe ich ein Beispiel: Als mein ehemaliger Arbeitgeber aufgrund von strukturellen Ver\u00e4nderungen alle Mitarbeitenden entlassen hat, war ich ein halbes Jahr arbeitslos. Da habe ich mir \u00fcberlegt, ganz von der IT weg zu gehen. Ich habe mich zur\u00fcckerinnert, was ich fr\u00fcher gerne machen wollte und das war Lokf\u00fchrer. Also ging ich zu einem Infoabend der SBB mit 150 anderen Personen. Unz\u00e4hlige davon haben sich beworben, eingestellt wurde schlussendlich aber nur einer. Ich schaffte es unter die Top 3, worauf ich bis heute sehr stolz bin. Dann sah ich jedoch das Stellenangebot der AMAG, habe mich beworben und den Job erhalten. Einige Monate sp\u00e4ter hat mich die SBB angerufen und mich gefragt, ob ich noch Interesse habe\u2026ich war bei der AMAG aber bereits \u00abangekommen\u00bb und zufrieden mit meinem Beruf in der IT.<\/p>\n<p>Trotzdem hat mir das gezeigt, dass man alles schaffen kann, wenn man nur will und seine Tr\u00e4ume nicht aus den Augen verliert.<\/p>\n","protected":false},"excerpt":{"rendered":"<p>Wie ver\u00e4ndert sich ein Menschenleben und (s)ein Berufsbild bei der AMAG? Wir haben nachgefragt, bei Francisco Javier Vazquez.<\/p>\n","protected":false},"author":27,"featured_media":20420,"comment_status":"open","ping_status":"open","sticky":false,"template":"","format":"standard","meta":{"_acf_changed":false,"inline_featured_image":false,"footnotes":""},"categories":[1230],"tags":[],"class_list":["post-20393","post","type-post","status-publish","format-standard","has-post-thumbnail","hentry","category-jobs-karriere"],"acf":[],"_links":{"self":[{"href":"https:\/\/www.amag-group.ch\/blog\/wp-json\/wp\/v2\/posts\/20393","targetHints":{"allow":["GET"]}}],"collection":[{"href":"https:\/\/www.amag-group.ch\/blog\/wp-json\/wp\/v2\/posts"}],"about":[{"href":"https:\/\/www.amag-group.ch\/blog\/wp-json\/wp\/v2\/types\/post"}],"author":[{"embeddable":true,"href":"https:\/\/www.amag-group.ch\/blog\/wp-json\/wp\/v2\/users\/27"}],"replies":[{"embeddable":true,"href":"https:\/\/www.amag-group.ch\/blog\/wp-json\/wp\/v2\/comments?post=20393"}],"version-history":[{"count":1,"href":"https:\/\/www.amag-group.ch\/blog\/wp-json\/wp\/v2\/posts\/20393\/revisions"}],"predecessor-version":[{"id":29768,"href":"https:\/\/www.amag-group.ch\/blog\/wp-json\/wp\/v2\/posts\/20393\/revisions\/29768"}],"wp:featuredmedia":[{"embeddable":true,"href":"https:\/\/www.amag-group.ch\/blog\/wp-json\/wp\/v2\/media\/20420"}],"wp:attachment":[{"href":"https:\/\/www.amag-group.ch\/blog\/wp-json\/wp\/v2\/media?parent=20393"}],"wp:term":[{"taxonomy":"category","embeddable":true,"href":"https:\/\/www.amag-group.ch\/blog\/wp-json\/wp\/v2\/categories?post=20393"},{"taxonomy":"post_tag","embeddable":true,"href":"https:\/\/www.amag-group.ch\/blog\/wp-json\/wp\/v2\/tags?post=20393"}],"curies":[{"name":"wp","href":"https:\/\/api.w.org\/{rel}","templated":true}]}}