{"id":20189,"date":"2020-09-21T07:32:15","date_gmt":"2020-09-21T05:32:15","guid":{"rendered":"https:\/\/www.amag-group.ch\/blog\/?p=20189"},"modified":"2020-10-20T13:11:08","modified_gmt":"2020-10-20T11:11:08","slug":"frueher-war-alles-besseroder-marc","status":"publish","type":"post","link":"https:\/\/www.amag-group.ch\/blog\/frueher-war-alles-besseroder-marc\/","title":{"rendered":"\u00abFr\u00fcher war alles besser\u2026oder, Marc?\u00bb"},"content":{"rendered":"<p>Marc Neuenschwander arbeitet seit 20 Jahren bei der AMAG und hat den Immobilienbereich des Unternehmens massgebend mitgepr\u00e4gt \u2013 er tut dies bis heute, nicht zuletzt durch seine offene und direkte Art.<\/p>\n<p>Wir brauchen gar nicht weit zu gehen, um Marc zu finden. Er sitzt im AMAG Hauptsitz \u00abHelix\u00bb in Cham und ist eine Erscheinung. Immer gut gekleidet und ganz nach dem Motto \u00abfrei Schnauze\u00bb (spontan, aus der Situation heraus), tritt er an die Kolleginnen und Kollegen in der AMAG heran. Im B\u00fcro sitzt er aufgrund seiner T\u00e4tigkeit aber nicht allzu h\u00e4ufig: Als Bau- und Projektleiter bei der Abteilung AMAG Immobilien ist er viel unterwegs in den AMAG eigenen Immobilien. Ja genau, die AMAG besitzt, baut, erweitert und verwaltet Immobilien. Wer das bis jetzt nicht wusste, ist nicht allein. Deshalb wollten wir von Marc mehr erfahren!<\/p>\n<h3><strong>Marc, ein herzliches \u00abMerci\u00bb, dass du uns einen Einblick in deinen Alltag bei der AMAG gibst und mit uns auf deine berufliche Laufbahn zur\u00fcckblickst. Wie bist du im Immobilienbereich gelandet? <\/strong><\/h3>\n<p>Ich habe urspr\u00fcnglich eine Lehre als Hochbauzeichner in Bern absolviert. Danach arbeitete ich f\u00fcnf Jahre in der Westschweiz auf meinem erlernten Beruf und konnte daneben noch Franz\u00f6sisch lernen \u2013 was mir bis heute zu Gute kommt. Mir wurde jedoch schnell klar, dass ich mich noch weiterentwickeln m\u00f6chte, weshalb ich berufsbegleitend Architektur und anschliessend noch Betriebswirtschaftsingenieur studiert habe. Meine praktische Erfahrung habe ich w\u00e4hrend dieser Zeit in Architekturb\u00fcros vertieft.<\/p>\n<h3><strong>Wie bist du vom Architekturb\u00fcro als Bau- und Projektleiter zur AMAG gekommen? <\/strong><\/h3>\n<p>Bereits bei meiner Arbeit im Architekturb\u00fcro konnte ich erste Bauleitererfahrung sammeln, was mir vom Aufgabengebiet her sehr zugesagt hat. Somit habe ich mich schlussendlich statt der Bauplanung f\u00fcr das Baumanagement entschieden. Nach einigen Jahren in einer Generalunternehmung bin ich dann im M\u00e4rz 2001 zur AMAG gestossen.<\/p>\n<h3><strong>Wie war die Arbeit in der Abteilung AMAG Immobilien vor 20 Jahren im Vergleich zu heute?<\/strong><\/h3>\n<p>Neben mir gab es nur noch einen weiteren Angestellten \u2013 und der arbeitet \u00fcbrigens auch heute noch mit mir im Team. Wir haben zu zweit die Immobilien der AMAG betreut, und zwar von A-Z. Ab dem Jahr 2007 wurde die Abteilung und der Immobilienbereich dann mehr und mehr aufgebaut und anders strukturiert. Heute sind wir ein Team von sieben Personen, die sich um den Neubau von AMAG Betrieben, den Umbau oder die Sanierung davon und um den Kauf, \u00a0Verkauf, die Bewirtschaftung und die Mietvertr\u00e4ge k\u00fcmmern.<\/p>\n<div id=\"attachment_20203\" style=\"width: 630px\" class=\"wp-caption aligncenter\"><a href=\"https:\/\/www.amag-group.ch\/blog\/wp-content\/uploads\/2020\/09\/Marc-Neuenschwander_Genf.jpeg\"><img decoding=\"async\" aria-describedby=\"caption-attachment-20203\" class=\"wp-image-20203 size-medium\" src=\"https:\/\/www.amag-group.ch\/blog\/wp-content\/uploads\/2020\/09\/Marc-Neuenschwander_Genf-620x401.jpeg\" alt=\"\" width=\"620\" height=\"401\" srcset=\"https:\/\/www.amag-group.ch\/blog\/wp-content\/uploads\/2020\/09\/Marc-Neuenschwander_Genf-620x401.jpeg 620w, https:\/\/www.amag-group.ch\/blog\/wp-content\/uploads\/2020\/09\/Marc-Neuenschwander_Genf-768x497.jpeg 768w, https:\/\/www.amag-group.ch\/blog\/wp-content\/uploads\/2020\/09\/Marc-Neuenschwander_Genf-1536x995.jpeg 1536w, https:\/\/www.amag-group.ch\/blog\/wp-content\/uploads\/2020\/09\/Marc-Neuenschwander_Genf.jpeg 1861w\" sizes=\"(max-width: 620px) 100vw, 620px\" \/><\/a><p id=\"caption-attachment-20203\" class=\"wp-caption-text\">Marc (ganz rechts) im Jahr 2006 beim Spatenstich zum neuen Audi Center AMAG Genf<\/p><\/div>\n<h3><strong>Das ist tats\u00e4chlich eine beeindruckende Entwicklung! Und wie gestaltet sich deine Aufgabe aktuell? <\/strong><\/h3>\n<p>Ich begleite Bauprojekte. Das bedeutet, dass ich beispielsweise bei einem Umbau eines Geb\u00e4udebereiches das beste Architekturb\u00fcro und die geeignetsten Bauunternehmen beauftrage und deren (Zusammen-)Arbeit koordiniere und schlussendlich auch kontrolliere. Der Umbau eines AMAG Geb\u00e4udebereiches kann notwendig sein, wenn es gr\u00f6ssere Unterhaltsarbeiten gibt. Dann \u00fcbernehme ich als Bau- und Projektmanager die Leitung und organisiere die Planungs- und Bauarbeiten.<\/p>\n<h3><strong>Und diese Arbeiten besch\u00e4ftigen euer ganzes Team? <\/strong><\/h3>\n<p>Oh ja. Wir bewirtschaften aktuell etwa 90 Immobilien, das gibt definitiv gen\u00fcgend Arbeit! Darunter sind Standorte der Firmen AMAG Retail, AMAG Import, AMAG Parking, AMAG Services, AMAG First.<\/p>\n<p>Inzwischen sind wir sogar so weit, dass wir auf Auftragsbasis f\u00fcr die Careal Property AG, bei der die AMAG teilweise eingemietet ist, den Umbau oder Betrieb der entsprechenden Geb\u00e4ude \u00fcbernehmen.<\/p>\n<div id=\"attachment_20191\" style=\"width: 630px\" class=\"wp-caption aligncenter\"><a href=\"https:\/\/www.amag-group.ch\/blog\/wp-content\/uploads\/2020\/09\/IMG_4184-scaled.jpg\"><img decoding=\"async\" aria-describedby=\"caption-attachment-20191\" class=\"wp-image-20191 size-medium\" src=\"https:\/\/www.amag-group.ch\/blog\/wp-content\/uploads\/2020\/09\/IMG_4184-620x414.jpg\" alt=\"\" width=\"620\" height=\"414\" srcset=\"https:\/\/www.amag-group.ch\/blog\/wp-content\/uploads\/2020\/09\/IMG_4184-620x414.jpg 620w, https:\/\/www.amag-group.ch\/blog\/wp-content\/uploads\/2020\/09\/IMG_4184-768x512.jpg 768w, https:\/\/www.amag-group.ch\/blog\/wp-content\/uploads\/2020\/09\/IMG_4184-1536x1024.jpg 1536w, https:\/\/www.amag-group.ch\/blog\/wp-content\/uploads\/2020\/09\/IMG_4184-2048x1365.jpg 2048w, https:\/\/www.amag-group.ch\/blog\/wp-content\/uploads\/2020\/09\/IMG_4184-720x480.jpg 720w, https:\/\/www.amag-group.ch\/blog\/wp-content\/uploads\/2020\/09\/IMG_4184-scaled.jpg 1920w\" sizes=\"(max-width: 620px) 100vw, 620px\" \/><\/a><p id=\"caption-attachment-20191\" class=\"wp-caption-text\">Marc am Hauptsitz der AMAG in Cham. Er ist das Arbeiten draussen und unterwegs durch seine T\u00e4tigkeit gewohnt.<\/p><\/div>\n<h3><strong>Wenn du nochmal 20 Jahre alt w\u00e4rst, w\u00fcrdest du nochmal den gleichen Weg einschlagen?<\/strong><\/h3>\n<p>Auf jeden Fall. Obwohl ich die Ausbildung dazu gemacht und in Architekturb\u00fcros gearbeitet habe, habe ich den Beruf Architekt\/Planer nur kurz ausge\u00fcbt. Meine Erfahrungen dort und meine Weiterbildungen haben mich aber auf den richtigen Weg gebracht. Denn heute arbeite ich in dem Beruf, der mir die meiste Freude bereitet. Und auch wenn das berufsbegleitende Studieren anstrengend war, so w\u00fcrde ich auch diese Entscheidung erneut so treffen. Dadurch war ich nie komplett weg von der Arbeitswelt und konnte wertvolle Berufserfahrung sammeln. Ich empfehle wirklich jeder und jedem, m\u00f6glichst vielseitige Erfahrungen zu sammeln \u2013 auch wenn das bedeutet, mal einen unbequemen Weg zu gehen.<\/p>\n<h3><strong>Hat die Digitalisierung deinen Beruf in den letzten Jahren stark ver\u00e4ndert?<\/strong><\/h3>\n<p>Ich w\u00fcrde sagen, eher nicht. Im Baugewerbe arbeitet man auch heute noch viel mit physischen Pl\u00e4nen und es ist wichtig das grosse Ganze zu sehen. Das Format eines Geb\u00e4udes passt schlecht auf ein iPad. Daher sind wohl auch die hohen Nebenkosten f\u00fcr Papier in unserer Branche nicht besonders gesunken in den letzten Jahren. Was sich aber \u2013 vor allem durch die Globalisierung &#8211; ver\u00e4ndert hat, ist die internationale Konkurrenz der Bauunternehmen und der damit steigende Preisdruck f\u00fcr Schweizer Firmen. Aber im Grundsatz hat sich nicht viel ver\u00e4ndert. Man baut immer noch Stein auf Stein (lacht).<\/p>\n<h3><strong>Was bedeutet f\u00fcr dich #LifelongLearning?<\/strong><\/h3>\n<p>Wer nicht lernt, der rostet. Das ist mein Motto. Deshalb starte ich in K\u00fcrze eine acht monatige Weiterbildung als Bauherrenvertreter. Dass die AMAG das erm\u00f6glicht und mich dabei auch unterst\u00fctzt, finde ich wirklich grossz\u00fcgig. Denn auch wenn man in seinem Alltag immer wieder dazu lernt, ist auch der Input von aussen wichtig. Und den bekommt man eben nur in solchen Weiterbildungen oder im Austausch mit AMAG externen Personen.<\/p>\n<h3><strong>Und, war fr\u00fcher alles besser? <\/strong><\/h3>\n<p>Nein, es war anders. Fr\u00fcher war die AMAG kleiner, irgendwie \u00abhandgestrickter\u00bb. Die AMAG hat sich massiv ver\u00e4ndert, aber das hat auch viele Vorteile.\u00a0<\/p>\n","protected":false},"excerpt":{"rendered":"<p>Wie ver\u00e4ndert sich ein Menschenleben und (s)ein Berufsbild in 20 Jahren bei der AMAG? Wir haben nachgefragt, bei Marc Neuenschwander.<\/p>\n","protected":false},"author":27,"featured_media":20221,"comment_status":"open","ping_status":"open","sticky":false,"template":"","format":"standard","meta":{"_acf_changed":false,"inline_featured_image":false,"footnotes":""},"categories":[1230],"tags":[],"class_list":["post-20189","post","type-post","status-publish","format-standard","has-post-thumbnail","hentry","category-jobs-karriere"],"acf":[],"_links":{"self":[{"href":"https:\/\/www.amag-group.ch\/blog\/wp-json\/wp\/v2\/posts\/20189","targetHints":{"allow":["GET"]}}],"collection":[{"href":"https:\/\/www.amag-group.ch\/blog\/wp-json\/wp\/v2\/posts"}],"about":[{"href":"https:\/\/www.amag-group.ch\/blog\/wp-json\/wp\/v2\/types\/post"}],"author":[{"embeddable":true,"href":"https:\/\/www.amag-group.ch\/blog\/wp-json\/wp\/v2\/users\/27"}],"replies":[{"embeddable":true,"href":"https:\/\/www.amag-group.ch\/blog\/wp-json\/wp\/v2\/comments?post=20189"}],"version-history":[{"count":0,"href":"https:\/\/www.amag-group.ch\/blog\/wp-json\/wp\/v2\/posts\/20189\/revisions"}],"wp:featuredmedia":[{"embeddable":true,"href":"https:\/\/www.amag-group.ch\/blog\/wp-json\/wp\/v2\/media\/20221"}],"wp:attachment":[{"href":"https:\/\/www.amag-group.ch\/blog\/wp-json\/wp\/v2\/media?parent=20189"}],"wp:term":[{"taxonomy":"category","embeddable":true,"href":"https:\/\/www.amag-group.ch\/blog\/wp-json\/wp\/v2\/categories?post=20189"},{"taxonomy":"post_tag","embeddable":true,"href":"https:\/\/www.amag-group.ch\/blog\/wp-json\/wp\/v2\/tags?post=20189"}],"curies":[{"name":"wp","href":"https:\/\/api.w.org\/{rel}","templated":true}]}}