{"id":2017,"date":"2016-09-29T10:29:23","date_gmt":"2016-09-29T08:29:23","guid":{"rendered":"http:\/\/www.amag-group.ch\/blog\/?p=2017"},"modified":"2025-03-21T13:33:40","modified_gmt":"2025-03-21T12:33:40","slug":"futureamag-day","status":"publish","type":"post","link":"https:\/\/www.amag-group.ch\/blog\/futureamag-day\/","title":{"rendered":"Future@AMAG Day"},"content":{"rendered":"<p>Die Ausbildung von Lernenden hat bei der AMAG einen besonders hohen Stellenwert. Innerhalb der gesamten AMAG Gruppe absolvieren rund 700 Lernende eine berufliche Grundbildung. Auf s\u00e4mtliche rund 5\u2019400 AMAG Mitarbeitenden gerechnet machen sie einen Anteil von \u00fcber 13% aus \u2013 damit ist die AMAG eine der gr\u00f6ssten Ausbildungsst\u00e4tten von Lernenden in der Schweiz.<\/p>\n<div id=\"attachment_2021\" style=\"width: 562px\" class=\"wp-caption alignnone\"><img decoding=\"async\" aria-describedby=\"caption-attachment-2021\" class=\"size-medium wp-multi-image wp-image-2021\" src=\"https:\/\/www.amag-group.ch\/blog\/wp-content\/uploads\/2016\/09\/DSC01159-552x414.jpg\" alt=\"Interessierte Jugendliche mit Tobias Kaufmann (Ausbilder Technik )\" width=\"552\" height=\"414\" srcset=\"https:\/\/www.amag-group.ch\/blog\/wp-content\/uploads\/2016\/09\/DSC01159-552x414.jpg 552w, https:\/\/www.amag-group.ch\/blog\/wp-content\/uploads\/2016\/09\/DSC01159-768x576.jpg 768w\" sizes=\"(max-width: 552px) 100vw, 552px\" \/><p id=\"caption-attachment-2021\" class=\"wp-caption-text\">Interessierte Jugendliche mit Tobias Kaufmann (Ausbilder Technik, AMAG D\u00fcbendorf )<\/p><\/div>\n<p>Der Future@AMAG Day wurde im Jahr 2014 ins Leben gerufen. An verschiedenen Standorten in der Deutschschweiz, welche Lernende ausbilden, erfahren Sch\u00fcler an einem Nachmittag spannende Informationen \u00fcber die AMAG und die Berufe, die man hier erlernen kann. Durch den Einblick in die verschiedenen Ausbildungsberufe soll die Berufswahl erleichtert werden. Dieses Jahr nahmen insgesamt f\u00fcnf AMAG Betriebe aus der Deutschschweiz an diesem Tag teil und stellten an ihren Standorten die dort verf\u00fcgbaren Ausbildungsberufe vor. Die Sch\u00fcler, die im kommenden Jahr ihre Lehre beginnen m\u00f6chten, konnten sich \u00fcber ein breites Spektrum an Berufen informieren und sich ein Bild \u00fcber den Beruf machen, der ihren Talenten am ehesten entspricht. Vom Automobilmechatroniker \u00fcber den Informatiker bis hin zum Kaufmann ist hier f\u00fcr alle etwas dabei. Insgesamt bildet die AMAG in 12 verschiedenen Berufen aus und auch wenn viele Lehrberufe auf den ersten Blick eher technisch wirken, so sind definitiv nicht nur m\u00e4nnliche Bewerber, sondern auch weibliche Bewerberinnen angesprochen.<\/p>\n<div id=\"attachment_2026\" style=\"width: 630px\" class=\"wp-caption alignnone\"><img decoding=\"async\" aria-describedby=\"caption-attachment-2026\" class=\"size-medium wp-multi-image wp-image-2026\" src=\"https:\/\/www.amag-group.ch\/blog\/wp-content\/uploads\/2016\/09\/Zuh\u00f6ren-Zug-620x412.jpg\" alt=\"Sch\u00fcler lauschen gespannt den Ausf\u00fchrungen von Kurt Walker (Ausbildungsverantwortlicher, AMAG Zug)\" width=\"620\" height=\"412\" srcset=\"https:\/\/www.amag-group.ch\/blog\/wp-content\/uploads\/2016\/09\/Zuh\u00f6ren-Zug-620x412.jpg 620w, https:\/\/www.amag-group.ch\/blog\/wp-content\/uploads\/2016\/09\/Zuh\u00f6ren-Zug-768x510.jpg 768w, https:\/\/www.amag-group.ch\/blog\/wp-content\/uploads\/2016\/09\/Zuh\u00f6ren-Zug-720x480.jpg 720w\" sizes=\"(max-width: 620px) 100vw, 620px\" \/><p id=\"caption-attachment-2026\" class=\"wp-caption-text\">Sch\u00fcler lauschen gespannt den Ausf\u00fchrungen von Kurt Walker (Ausbildungsverantwortlicher, AMAG Zug)<\/p><\/div>\n<p>Am Future@AMAG-Day erfuhren die Jugendlichen Wissenswertes \u00fcber die Ausbildungsberufe selbst und auch die Anforderungen, die an die potentiellen Lernenden gestellt werden. So konnten sich die Jugendlichen ein detailliertes Bild \u00fcber den Beruf machen und sich \u00fcberlegen, ob sich dieser f\u00fcr die eigene Person auch eignet. Neben vielen Informationen \u00fcber die AMAG gab es auch eine detaillierte Vorstellung des Betriebes, welcher f\u00fcr die Lehre infrage kommen k\u00f6nnte. Auf dem Rundgang durch den Betrieb konnte man dann auch einen Blick hinter die Kulissen werfen. Den Abschluss dieses Nachmittags bildete das Zusammenbauen eines K\u00e4fermodells, bevor die Interessenten dann mit einer F\u00fclle von Informationen den Heimweg antreten konnten.<\/p>\n<p><strong>Weitere Impressionen vom Future@AMAG Day:<\/strong><\/p>\n<p><img decoding=\"async\" class=\"alignnone size-medium wp-multi-image wp-image-2035\" src=\"https:\/\/www.amag-group.ch\/blog\/wp-content\/uploads\/2016\/09\/Lehrlingsinfo-2016-038-620x412.jpg\" alt=\"Lehrlingsinfo 2016 038\" width=\"620\" height=\"412\" srcset=\"https:\/\/www.amag-group.ch\/blog\/wp-content\/uploads\/2016\/09\/Lehrlingsinfo-2016-038-620x412.jpg 620w, https:\/\/www.amag-group.ch\/blog\/wp-content\/uploads\/2016\/09\/Lehrlingsinfo-2016-038-768x510.jpg 768w, https:\/\/www.amag-group.ch\/blog\/wp-content\/uploads\/2016\/09\/Lehrlingsinfo-2016-038-720x480.jpg 720w\" sizes=\"(max-width: 620px) 100vw, 620px\" \/> <img decoding=\"async\" class=\"alignnone size-medium wp-multi-image wp-image-2034\" src=\"https:\/\/www.amag-group.ch\/blog\/wp-content\/uploads\/2016\/09\/Lehrlingsinfo-2016-032-620x412.jpg\" alt=\"Lehrlingsinfo 2016 032\" width=\"620\" height=\"412\" srcset=\"https:\/\/www.amag-group.ch\/blog\/wp-content\/uploads\/2016\/09\/Lehrlingsinfo-2016-032-620x412.jpg 620w, https:\/\/www.amag-group.ch\/blog\/wp-content\/uploads\/2016\/09\/Lehrlingsinfo-2016-032-768x510.jpg 768w, https:\/\/www.amag-group.ch\/blog\/wp-content\/uploads\/2016\/09\/Lehrlingsinfo-2016-032-720x480.jpg 720w\" sizes=\"(max-width: 620px) 100vw, 620px\" \/> <img decoding=\"async\" class=\"alignnone size-medium wp-multi-image wp-image-2033\" src=\"https:\/\/www.amag-group.ch\/blog\/wp-content\/uploads\/2016\/09\/DSC01182-552x414.jpg\" alt=\"DSC01182\" width=\"552\" height=\"414\" srcset=\"https:\/\/www.amag-group.ch\/blog\/wp-content\/uploads\/2016\/09\/DSC01182-552x414.jpg 552w, https:\/\/www.amag-group.ch\/blog\/wp-content\/uploads\/2016\/09\/DSC01182-768x576.jpg 768w\" sizes=\"(max-width: 552px) 100vw, 552px\" \/> <img decoding=\"async\" class=\"alignnone size-medium wp-multi-image wp-image-2032\" src=\"https:\/\/www.amag-group.ch\/blog\/wp-content\/uploads\/2016\/09\/DSC01179-552x414.jpg\" alt=\"DSC01179\" width=\"552\" height=\"414\" srcset=\"https:\/\/www.amag-group.ch\/blog\/wp-content\/uploads\/2016\/09\/DSC01179-552x414.jpg 552w, https:\/\/www.amag-group.ch\/blog\/wp-content\/uploads\/2016\/09\/DSC01179-768x576.jpg 768w\" sizes=\"(max-width: 552px) 100vw, 552px\" \/> <img decoding=\"async\" class=\"alignnone size-medium wp-multi-image wp-image-2031\" src=\"https:\/\/www.amag-group.ch\/blog\/wp-content\/uploads\/2016\/09\/DSC01162-552x414.jpg\" alt=\"DSC01162\" width=\"552\" height=\"414\" srcset=\"https:\/\/www.amag-group.ch\/blog\/wp-content\/uploads\/2016\/09\/DSC01162-552x414.jpg 552w, https:\/\/www.amag-group.ch\/blog\/wp-content\/uploads\/2016\/09\/DSC01162-768x576.jpg 768w\" sizes=\"(max-width: 552px) 100vw, 552px\" \/> <img decoding=\"async\" class=\"alignnone size-medium wp-multi-image wp-image-2030\" src=\"https:\/\/www.amag-group.ch\/blog\/wp-content\/uploads\/2016\/09\/DSC01161-552x414.jpg\" alt=\"DSC01161\" width=\"552\" height=\"414\" srcset=\"https:\/\/www.amag-group.ch\/blog\/wp-content\/uploads\/2016\/09\/DSC01161-552x414.jpg 552w, https:\/\/www.amag-group.ch\/blog\/wp-content\/uploads\/2016\/09\/DSC01161-768x576.jpg 768w\" sizes=\"(max-width: 552px) 100vw, 552px\" \/><\/p>\n<p><a href=\"http:\/\/www.amag.ch\/amagch\/corp\/de\/jobs\/lehrstellen-und-praktika.html\" target=\"_blank\" rel=\"noopener\"><span style=\"text-decoration: underline;\"><strong>Weitere Informationen \u00fcber die Ausbildungsberufe bei der AMAG.<\/strong><\/span><\/a><\/p>\n<p><a href=\"http:\/\/www.amag.ch\/content\/amagch\/corp\/de\/newsletter\/anmeldeformular_Blog.html\" target=\"_blank\" rel=\"noopener\"><span style=\"text-decoration: underline;\">Aktuelles und Hintergr\u00fcnde aus der Welt des Autos.\u00a0<strong>Jetzt abonnieren.<\/strong><\/span><\/a><\/p>\n","protected":false},"excerpt":{"rendered":"<p>Am 21. September fand an verschiedenen Standorten der Future@AMAG Day statt. An diesem Nachmittag konnten sich interessierte Jugendliche \u00fcber verschiedene Ausbildungsberufe bei der AMAG informieren.<\/p>\n","protected":false},"author":27,"featured_media":2022,"comment_status":"open","ping_status":"open","sticky":false,"template":"","format":"standard","meta":{"_acf_changed":false,"inline_featured_image":false,"footnotes":""},"categories":[9816],"tags":[],"class_list":["post-2017","post","type-post","status-publish","format-standard","has-post-thumbnail","hentry","category-next-generation"],"acf":[],"_links":{"self":[{"href":"https:\/\/www.amag-group.ch\/blog\/wp-json\/wp\/v2\/posts\/2017","targetHints":{"allow":["GET"]}}],"collection":[{"href":"https:\/\/www.amag-group.ch\/blog\/wp-json\/wp\/v2\/posts"}],"about":[{"href":"https:\/\/www.amag-group.ch\/blog\/wp-json\/wp\/v2\/types\/post"}],"author":[{"embeddable":true,"href":"https:\/\/www.amag-group.ch\/blog\/wp-json\/wp\/v2\/users\/27"}],"replies":[{"embeddable":true,"href":"https:\/\/www.amag-group.ch\/blog\/wp-json\/wp\/v2\/comments?post=2017"}],"version-history":[{"count":1,"href":"https:\/\/www.amag-group.ch\/blog\/wp-json\/wp\/v2\/posts\/2017\/revisions"}],"predecessor-version":[{"id":31712,"href":"https:\/\/www.amag-group.ch\/blog\/wp-json\/wp\/v2\/posts\/2017\/revisions\/31712"}],"wp:featuredmedia":[{"embeddable":true,"href":"https:\/\/www.amag-group.ch\/blog\/wp-json\/wp\/v2\/media\/2022"}],"wp:attachment":[{"href":"https:\/\/www.amag-group.ch\/blog\/wp-json\/wp\/v2\/media?parent=2017"}],"wp:term":[{"taxonomy":"category","embeddable":true,"href":"https:\/\/www.amag-group.ch\/blog\/wp-json\/wp\/v2\/categories?post=2017"},{"taxonomy":"post_tag","embeddable":true,"href":"https:\/\/www.amag-group.ch\/blog\/wp-json\/wp\/v2\/tags?post=2017"}],"curies":[{"name":"wp","href":"https:\/\/api.w.org\/{rel}","templated":true}]}}