{"id":2012,"date":"2016-09-26T13:51:11","date_gmt":"2016-09-26T11:51:11","guid":{"rendered":"http:\/\/www.amag-group.ch\/blog\/?p=2012"},"modified":"2020-04-23T08:57:54","modified_gmt":"2020-04-23T06:57:54","slug":"digitalisierung-die-zukunft-der-vernetzten-gesellschaft","status":"publish","type":"post","link":"https:\/\/www.amag-group.ch\/blog\/digitalisierung-die-zukunft-der-vernetzten-gesellschaft\/","title":{"rendered":"Digitalisierung: Die Zukunft der vernetzten Gesellschaft"},"content":{"rendered":"<p>Wie immer startete das AMAG Impuls Fr\u00fchst\u00fcck mit einer Inputrede des Gastreferenten. Urs Schaeppi, CEO und Leiter Swisscom (Schweiz) hielt eine Pr\u00e4sentation \u00fcber die \u00abDigitalisierung: Die Zukunft der vernetzten Gesellschaft\u00bb und informierte die G\u00e4ste \u00fcber aufschlussreiche Fakten \u00fcber die Vergangenheit und die Zukunft der Digitalisierung.<\/p>\n<p>Den Teilnehmern aus Wirtschaft und Politik wurden erkl\u00e4rt, was die Digitalisierung \u00fcberhaupt ist, was die Megatrends der Zukunft und deren Einfl\u00fcsse auf unsere Wirtschaft sein k\u00f6nnten. Als Megatrends sieht Urs Schaeppi die Digitalisierung, die Nachhaltigkeit sowie die Urbanisierung resp. der Trend zu Megast\u00e4dten.<\/p>\n<p>Aufgrund der Digitalisierung entwickle sich \u00fcberall das Gesch\u00e4ft exponentiell und die Vernetzung der Welt erg\u00e4be eine enorme Dynamik, welche auch auf die Schweiz wirke. Der Swisscom CEO erl\u00e4uterte, dass nach der Vernetzung von allen Gegenst\u00e4nden die Virtualisierung und danach die k\u00fcnstliche Intelligenz folge, welche derzeit mit Big Data anlaufe. Dies sei eine Chance f\u00fcr die Schweiz und keine Bedrohung, da es weiterhin Jobs g\u00e4be, welche nicht automatisiert werden k\u00f6nnten.<\/p>\n<p><img decoding=\"async\" class=\"alignnone size-medium wp-multi-image wp-image-2013\" src=\"https:\/\/www.amag-group.ch\/blog\/wp-content\/uploads\/2016\/09\/IMG_3401-620x414.jpg\" alt=\"IMG_3401\" width=\"620\" height=\"414\" srcset=\"https:\/\/www.amag-group.ch\/blog\/wp-content\/uploads\/2016\/09\/IMG_3401-620x414.jpg 620w, https:\/\/www.amag-group.ch\/blog\/wp-content\/uploads\/2016\/09\/IMG_3401-768x512.jpg 768w, https:\/\/www.amag-group.ch\/blog\/wp-content\/uploads\/2016\/09\/IMG_3401-720x480.jpg 720w\" sizes=\"(max-width: 620px) 100vw, 620px\" \/><\/p>\n<p>Die Digitalisierung sei in allen Branchen sp\u00fcrbar, erl\u00e4uterte Urs Schaeppi weiter, und wirke auf vier Ebenen: dem Gesch\u00e4ftsmodell, den Produkten (Personalisierung), der Prozessautomatisierung und der Zusammenarbeit (Jobs werden sich virtualisieren). Auch die Mobilit\u00e4t werde sich aus seiner Sicht ver\u00e4ndern, f\u00fcgte Urs Schaeppi an. Einerseits stiege das Volumen an, andererseits \u00e4ndere sich das Kundenbed\u00fcrfnis. Der Mensch w\u00fcrde Mobilit\u00e4t \u00abas a service\u00bb w\u00fcnschen.<\/p>\n<p>Urs Schaeppi rundete seine Rede ab, indem er betonte, dass die Rahmenbedingungen stimmen m\u00fcssten, um die Chance der Digitalisierung nutzen zu k\u00f6nnen. Ben\u00f6tigt w\u00fcrden eine gute Infrastruktur, gleiche Spiesse bez\u00fcglich Sicherheit und regulatorischer Voraussetzungen gegen\u00fcber den grossen Playern im Ausland und ein gesundes \u00d6kosystem rund um die Digitaliseriung, welches Offenheit gibt, Fehlertoleranz zul\u00e4sst und Jobs resp. Ausbildung schafft. Auf uns komme eine hochspannende Zeit zu, welche die Schweiz nutzen sollte.<\/p>\n<p><a href=\"http:\/\/www.amag.ch\/content\/amagch\/corp\/de\/newsletter\/anmeldeformular_Blog.html\" target=\"_blank\" rel=\"noopener\"><span style=\"text-decoration: underline;\">Aktuelles und Hintergr\u00fcnde aus der Welt des Autos.\u00a0<strong>Jetzt abonnieren.<\/strong><\/span><\/a><\/p>\n","protected":false},"excerpt":{"rendered":"<p>Am AMAG Impuls Fr\u00fchst\u00fcck vom 2. September war Urs Schaeppi, CEO und Leiter Swisscom (Schweiz) zu Gast in der AMAG Zuchwil. Vor Teilnehmern aus Wirtschaft und Politik aus der Region wurde das Thema \u00abDigitalisierung: Die Zukunft der vernetzten Gesellschaft\u00bb diskutiert. <\/p>\n","protected":false},"author":27,"featured_media":2015,"comment_status":"open","ping_status":"open","sticky":false,"template":"","format":"standard","meta":{"_acf_changed":false,"inline_featured_image":false,"footnotes":""},"categories":[1232],"tags":[],"class_list":["post-2012","post","type-post","status-publish","format-standard","has-post-thumbnail","hentry","category-nachhaltigkeit"],"acf":[],"_links":{"self":[{"href":"https:\/\/www.amag-group.ch\/blog\/wp-json\/wp\/v2\/posts\/2012","targetHints":{"allow":["GET"]}}],"collection":[{"href":"https:\/\/www.amag-group.ch\/blog\/wp-json\/wp\/v2\/posts"}],"about":[{"href":"https:\/\/www.amag-group.ch\/blog\/wp-json\/wp\/v2\/types\/post"}],"author":[{"embeddable":true,"href":"https:\/\/www.amag-group.ch\/blog\/wp-json\/wp\/v2\/users\/27"}],"replies":[{"embeddable":true,"href":"https:\/\/www.amag-group.ch\/blog\/wp-json\/wp\/v2\/comments?post=2012"}],"version-history":[{"count":0,"href":"https:\/\/www.amag-group.ch\/blog\/wp-json\/wp\/v2\/posts\/2012\/revisions"}],"wp:featuredmedia":[{"embeddable":true,"href":"https:\/\/www.amag-group.ch\/blog\/wp-json\/wp\/v2\/media\/2015"}],"wp:attachment":[{"href":"https:\/\/www.amag-group.ch\/blog\/wp-json\/wp\/v2\/media?parent=2012"}],"wp:term":[{"taxonomy":"category","embeddable":true,"href":"https:\/\/www.amag-group.ch\/blog\/wp-json\/wp\/v2\/categories?post=2012"},{"taxonomy":"post_tag","embeddable":true,"href":"https:\/\/www.amag-group.ch\/blog\/wp-json\/wp\/v2\/tags?post=2012"}],"curies":[{"name":"wp","href":"https:\/\/api.w.org\/{rel}","templated":true}]}}