{"id":19465,"date":"2020-07-14T08:24:10","date_gmt":"2020-07-14T06:24:10","guid":{"rendered":"https:\/\/www.amag-group.ch\/blog\/?p=19465"},"modified":"2020-08-04T12:19:09","modified_gmt":"2020-08-04T10:19:09","slug":"audi-schweiz-sammelt-40000-franken-fuer-kinderrechtsorganisation-save-the-children","status":"publish","type":"post","link":"https:\/\/www.amag-group.ch\/blog\/audi-schweiz-sammelt-40000-franken-fuer-kinderrechtsorganisation-save-the-children\/","title":{"rendered":"Audi Schweiz sammelt 40&#8217;000 Franken f\u00fcr Kinderrechtsorganisation Save the Children"},"content":{"rendered":"<p>Die Auktionsserie \u00abAudi4Heroes\u00bb vom April 2020 war ein grosser Erfolg und brachte insgesamt 28&#8217;402 Franken ein. Dieser Betrag wurde durch Audi Schweiz und Ricardo auf 40&#8217;000 Franken erh\u00f6ht. Im Zuge der Auktionen wurden unter anderem die Kitzb\u00fchel Sieger-Skischuhe von Didier Cuche, ein privater Kochkurs mit Andreas Caminada, das Live-Konzert Hemd von Bastian Baker, ein Olympia-Dress und -Helm von Michelle Gisin, Rennschuhe des DTM-Profis Nico M\u00fcller, das Olympia-Renndress von Mauro Caviezel und ein pers\u00f6nlicher Skitag mit Tina Weirather versteigert. Der Tag mit Tina Weirather, inklusive ihrer Primaloft-Jacke von den olympischen Winterspielen in Pyeongchang, brachte fast 7&#8217;000 Franken ein. Somit belegt sie Platz eins, gefolgt von Andreas Caminada und Dieter Jermann, welcher ein e-tron Experience Weekend inklusive einer Fahrt im Audi driving experience Center Neuburg mit dem legend\u00e4ren Elektroprototypen Audi R8 e-tron offerierte.<\/p>\n<div id=\"attachment_19459\" style=\"width: 630px\" class=\"wp-caption aligncenter\"><img decoding=\"async\" aria-describedby=\"caption-attachment-19459\" class=\"wp-image-19459 size-medium\" src=\"https:\/\/www.amag-group.ch\/blog\/wp-content\/uploads\/2020\/07\/MM_Audi_Schweiz_Schecku\u0308bergabe_DJermann_NBissig_0_media_high-1-620x414.jpg\" alt=\"\" width=\"620\" height=\"414\" srcset=\"https:\/\/www.amag-group.ch\/blog\/wp-content\/uploads\/2020\/07\/MM_Audi_Schweiz_Schecku\u0308bergabe_DJermann_NBissig_0_media_high-1-620x414.jpg 620w, https:\/\/www.amag-group.ch\/blog\/wp-content\/uploads\/2020\/07\/MM_Audi_Schweiz_Schecku\u0308bergabe_DJermann_NBissig_0_media_high-1-768x512.jpg 768w, https:\/\/www.amag-group.ch\/blog\/wp-content\/uploads\/2020\/07\/MM_Audi_Schweiz_Schecku\u0308bergabe_DJermann_NBissig_0_media_high-1-720x480.jpg 720w, https:\/\/www.amag-group.ch\/blog\/wp-content\/uploads\/2020\/07\/MM_Audi_Schweiz_Schecku\u0308bergabe_DJermann_NBissig_0_media_high-1.jpg 1500w\" sizes=\"(max-width: 620px) 100vw, 620px\" \/><p id=\"caption-attachment-19459\" class=\"wp-caption-text\">Scheck\u00fcbergabe von 40&#8217;000 Franken von Dieter Jermann, Brand Director Audi Schweiz, an Nina Bissig, Head Corporate Partnership von Save the Children.<\/p><\/div>\n<h3><strong>Erl\u00f6s zu Gunsten der Heldinnen und Helden in der Corona-Pandemie<\/strong><\/h3>\n<p>Mit dieser Aktion m\u00f6chte man den Heldinnen und Helden der Corona-Krisensituation Dankbarkeit zeigen. Save the Children Schweiz setzt die gesammelten Mittel deshalb einerseits zur Unterst\u00fctzung von Hebammen ein, welche weiterhin Frauen in der Schwangerschaft und frischgebackene Eltern betreuen und dadurch Risiken ausgesetzt sind. Andererseits werden, dank dem Erl\u00f6s der Spendenaktion und dem grossz\u00fcgigen Beitrag von Audi und Ricardo, den Mitarbeitenden von Spit\u00e4lern und ihren Kindern speziell f\u00fcr diese herausfordernde Situation entwickelte Lern- und Spiel-Sets zur Verf\u00fcgung gestellt. Damit werden Eltern, die im Gesundheitsbereich arbeiten und derzeit enormer Belastung ausgesetzt sind, in der Betreuung ihrer Kinder entlastet.<\/p>\n<h3><strong>\u00dcber Save the Children<\/strong><\/h3>\n<p>Als f\u00fchrende unabh\u00e4ngige Kinderrechtsorganisation setzt sich <a href=\"https:\/\/savethechildren.ch\/de\/\" target=\"_blank\" rel=\"noopener noreferrer\"><span style=\"text-decoration: underline;\">Save the Children<\/span><\/a> seit 1919 gezielt f\u00fcr die Rechte der Kinder ein. In der Schweiz und auf der ganzen Welt sorgt die Organisation daf\u00fcr, dass Kinder gesund aufwachsen, zur Schule gehen k\u00f6nnen und gesch\u00fctzt sind. In Not- und Katastrophenf\u00e4llen, wenn Kinder zu den Verletzlichsten z\u00e4hlen, sind sie die Ersten vor Ort und die Letzten, die wieder gehen. Die speziellen Bed\u00fcrfnisse von Kindern sollen erf\u00fcllt und ihre Stimmen geh\u00f6rt werden. Die Vision von Save the Children ist eine Welt, in der jedes Kind \u00fcberlebt, lernt und gesch\u00fctzt ist. Die Kinderrechtsorganisation ist politisch, ideologisch, wirtschaftlich und konfessionell unabh\u00e4ngig und seit 2006 in der Schweiz aktiv. Save the Children hat Beraterstatus beim Wirtschafts- und Sozialrat der Vereinten Nationen (ECOSOC) und ist mit dem Zewo*-G\u00fctesiegel versehen.<\/p>\n<p>&nbsp;<\/p>\n<p>* Die Zewo ist die Zertifizierungsstelle f\u00fcr gemeinn\u00fctzige Non-Profit-Organisationen, die in der Schweiz Spenden sammeln. Sie sorgt f\u00fcr Klarheit und Vertrauen rund ums Spenden.<\/p>\n","protected":false},"excerpt":{"rendered":"<p>Die Aktion \u00abAudi4Heroes\u00bb, die Audi Schweiz mit ihren Markenbotschaftern gemeinsam mit der Online-Versteigerungsplattform Ricardo und der Kinderrechtsorganisation Save the Children Schweiz im April 2020 durchf\u00fchrte, hat durch eine Summe von 20 Versteigerungen 40&#8217;000 Franken eingebracht.<\/p>\n","protected":false},"author":63,"featured_media":19462,"comment_status":"open","ping_status":"open","sticky":false,"template":"","format":"standard","meta":{"_acf_changed":false,"inline_featured_image":false,"footnotes":""},"categories":[1232],"tags":[],"class_list":["post-19465","post","type-post","status-publish","format-standard","has-post-thumbnail","hentry","category-nachhaltigkeit"],"acf":[],"_links":{"self":[{"href":"https:\/\/www.amag-group.ch\/blog\/wp-json\/wp\/v2\/posts\/19465","targetHints":{"allow":["GET"]}}],"collection":[{"href":"https:\/\/www.amag-group.ch\/blog\/wp-json\/wp\/v2\/posts"}],"about":[{"href":"https:\/\/www.amag-group.ch\/blog\/wp-json\/wp\/v2\/types\/post"}],"author":[{"embeddable":true,"href":"https:\/\/www.amag-group.ch\/blog\/wp-json\/wp\/v2\/users\/63"}],"replies":[{"embeddable":true,"href":"https:\/\/www.amag-group.ch\/blog\/wp-json\/wp\/v2\/comments?post=19465"}],"version-history":[{"count":0,"href":"https:\/\/www.amag-group.ch\/blog\/wp-json\/wp\/v2\/posts\/19465\/revisions"}],"wp:featuredmedia":[{"embeddable":true,"href":"https:\/\/www.amag-group.ch\/blog\/wp-json\/wp\/v2\/media\/19462"}],"wp:attachment":[{"href":"https:\/\/www.amag-group.ch\/blog\/wp-json\/wp\/v2\/media?parent=19465"}],"wp:term":[{"taxonomy":"category","embeddable":true,"href":"https:\/\/www.amag-group.ch\/blog\/wp-json\/wp\/v2\/categories?post=19465"},{"taxonomy":"post_tag","embeddable":true,"href":"https:\/\/www.amag-group.ch\/blog\/wp-json\/wp\/v2\/tags?post=19465"}],"curies":[{"name":"wp","href":"https:\/\/api.w.org\/{rel}","templated":true}]}}