{"id":1932,"date":"2016-07-27T10:27:44","date_gmt":"2016-07-27T08:27:44","guid":{"rendered":"http:\/\/www.amag-group.ch\/blog\/?p=1932"},"modified":"2025-03-21T13:35:13","modified_gmt":"2025-03-21T12:35:13","slug":"gratulation-zum-lehrabschluss-2016","status":"publish","type":"post","link":"https:\/\/www.amag-group.ch\/blog\/gratulation-zum-lehrabschluss-2016\/","title":{"rendered":"Gratulation zum Lehrabschluss 2016"},"content":{"rendered":"<h2><strong>Chantal Schneider (Detailhandelsfachfrau, Buchs ZH)<\/strong><\/h2>\n<p>Die t\u00e4gliche Herausforderung und die Abwechslung in der AMAG sind einfach toll. Ich liebe es, am Morgen aufzustehen und ohne Vorwissen an meinen Arbeitsplatz zu sitzen. Die AMAG hat viel f\u00fcr mich getan. So kann ich mit Stolz sagen: \u00abIch arbeite bei der AMAG\u00bb. Die Verantwortung, welche einem \u00fcbertragen wird, ist gigantisch. So hat man das Gef\u00fchl, wichtig zu sein. Auch in einer grossen Firma.<\/p>\n<h2><strong>Narek Sargsyan (Logistiker, Bioggio)<\/strong><\/h2>\n<p>Der j\u00e4hrliche Lehrlingsausflug war immer sehr interessant und speziell.\u00a0Ich habe bei der AMAG immer Unterst\u00fctzung und Antworten auf meine Fragen bekommen.\u00a0Besonders hat mir gefallen, dass ich allen Bereichen des Regionallagers Bioggio (Logistik, Shop, Transporte, R\u00e4derhotel) arbeiten konnte. Ich hatte auch einen sehr interessanten Tag in Buchs ZH im TLZ.<\/p>\n<h2><strong>Francis Meshach (Logistiker, Buchs ZH)<\/strong><\/h2>\n<p>Mein Lernerfolg wurde immer wieder kontrolliert. Ich lernte andere Kulturen kennen. Positives und Negatives wurde immer besprochen.<\/p>\n<h2><strong>Jos\u00e9 Correia (Detailhandelsfachmann, Crissier)<\/strong><strong>\u00a0<\/strong><\/h2>\n<p>Zu allererst m\u00f6chte allen danken, die mich w\u00e4hrend dieser drei Jahre unterst\u00fctzten. Sicherlich gab es schwierige Momente, aber was ich in Erinnerung von dieser Ausbildung behalten werde ist die Art und Weise, wie man sich weiterentwickelt. Ich habe unglaublich viel gelernt in den drei Jahren. Ich erinnere mich noch an die ersten Wochen, als ich zu arbeiten begann und mich fragte, wie ich all diese Sachen \u00fcber das Auto und die Ersatzteile lernen soll. Ich finde das System, dass alle Lehrlinge zu Beginn in der Logistikabteilung arbeiten eine gute Sache. Man lernt dabei, alle Teile korrekt herauszugeben und die Bestellungen richtig vorzubereiten. Die Tatsache, dass man abwechslungsweise am Schalter und im PCC arbeiten kann, ist ebenfalls ausgezeichnet, denn dies erlaubt den Lernenden eine Dienstleistung zu erbringen, ohne dabei direkten Kundenkontakt zu haben. Vielen Dank nochmals, dass ich diese Lehre absolvieren durfte und dabei nicht nur meine Kenntnisse in der Automobilbranche erweitern, sondern auch reifer werden und mich als Person weiterentwickeln konnte.<\/p>\n<h2><strong>Lindrit Rudaku (Logistiker, Buchs ZH)<\/strong><\/h2>\n<p>In meiner Lehrzeit habe ich gelernt was es heisst, einerseits hilfsbereit sein und Hilfe und Unterst\u00fctzung anzubieten und andererseits auch Hilfe zu erhalten. Im Leben gibt es Ups and Downs. Ich habe Leute kennen gelernt, die sofort zu mir standen als sie merkten es geht ein bisschen abw\u00e4rts. Gerade das macht unsere AMAG zu etwas ganz besonderem!<\/p>\n<h2><strong>Luis da Silva (Logistiker EFZ Crissier)<\/strong><\/h2>\n<p>Was ich besonders sch\u00e4tzte w\u00e4hrend dieser 3 Jahre war die gute Betreuung, wir erhielten eine ausgezeichnete Ausbildung. Man lernte allm\u00e4hlich, Verantwortung zu \u00fcbernehmen. Die Stimmung im Betrieb war hervorragend, ein sehr wichtiger Faktor f\u00fcr mich, der wesentlich zu einer guten Ausbildung beitr\u00e4gt.<\/p>\n<h2><strong>Yves Froidevaux (Logistiker, Buchs ZH)<\/strong><\/h2>\n<p>Ich fand die Lehre sehr toll, ich habe viel gelernt in diesen 3 Jahren. Auch habe ich gute Freunde gefunden, welche mir hoffentlich auch nach der Lehre erhalten bleiben. Was ich immer sch\u00f6n fand, wenn ein Lehrlingsausflug angek\u00fcndigt wurde, diese Ausfl\u00fcge sind sehr speziell, man lernt neue Personen kennen, Personen aus anderen Abteilungen oder sogar aus anderen Regionen.\u00a0Die AMAG als Lehrbetrieb finde ich spitze, es wird sich um einen gek\u00fcmmert, einem geholfen, man hat viele R\u00e4umlichkeiten, welche einem zur Verf\u00fcgung stehen und das Arbeitsklima ist meistens sehr gut.<\/p>\n<p><a href=\"https:\/\/www.amag-group.ch\/blog\/wp-content\/uploads\/2016\/07\/Gratulation_Lehrabschluss_210x148mm_4f_d.png\" target=\"_blank\" rel=\"noopener\"><img decoding=\"async\" class=\"alignnone wp-multi-image wp-image-1931 size-medium\" src=\"https:\/\/www.amag-group.ch\/blog\/wp-content\/uploads\/2016\/07\/Gratulation_Lehrabschluss_210x148mm_4f_d-587x414.png\" alt=\"Gratulation_Lehrabschluss_210x148mm_4f_d\" width=\"587\" height=\"414\" srcset=\"https:\/\/www.amag-group.ch\/blog\/wp-content\/uploads\/2016\/07\/Gratulation_Lehrabschluss_210x148mm_4f_d-587x414.png 587w, https:\/\/www.amag-group.ch\/blog\/wp-content\/uploads\/2016\/07\/Gratulation_Lehrabschluss_210x148mm_4f_d-768x541.png 768w, https:\/\/www.amag-group.ch\/blog\/wp-content\/uploads\/2016\/07\/Gratulation_Lehrabschluss_210x148mm_4f_d.png 1240w\" sizes=\"(max-width: 587px) 100vw, 587px\" \/><\/a><\/p>\n<p><a href=\"http:\/\/www.amag.ch\/amagch\/corp\/de\/jobs\/lehrstellen-und-praktika.html\" target=\"_blank\" rel=\"noopener\"><strong><span style=\"text-decoration: underline;\">Hier finden Sie weitere Informationen zu unseren Ausbildungsberufen.<\/span><\/strong><\/a><\/p>\n<p><a href=\"http:\/\/www.amag.ch\/content\/amagch\/corp\/de\/newsletter\/anmeldeformular_Blog.html\" target=\"_blank\" rel=\"noopener\"><span style=\"text-decoration: underline;\">Aktuelles und Hintergr\u00fcnde aus der Welt des Autos.\u00a0Jetzt abonnieren.<\/span><\/a><\/p>\n","protected":false},"excerpt":{"rendered":"<p>Bei der AMAG sind vielf\u00e4ltige Ausbildungen m\u00f6glich, von der kaufm\u00e4nnischen Berufsbildung \u00fcber den Informatiker bis hin zur Detailhandelsfachfrau ist in mehr als zehn Lehrberufen f\u00fcr viele Interessen etwas dabei. Auch im Jahr 2016 d\u00fcrfen wir wieder zahlreichen Lernenden zum erfolgreichen Abschluss gratulieren. Vor ihren wohlverdienten Ferien berichten uns einige Lehrabg\u00e4nger in aller K\u00fcrze von ihren Erfahrungen.<\/p>\n","protected":false},"author":27,"featured_media":1949,"comment_status":"open","ping_status":"open","sticky":false,"template":"","format":"standard","meta":{"_acf_changed":false,"inline_featured_image":false,"footnotes":""},"categories":[9816],"tags":[],"class_list":["post-1932","post","type-post","status-publish","format-standard","has-post-thumbnail","hentry","category-next-generation"],"acf":[],"_links":{"self":[{"href":"https:\/\/www.amag-group.ch\/blog\/wp-json\/wp\/v2\/posts\/1932","targetHints":{"allow":["GET"]}}],"collection":[{"href":"https:\/\/www.amag-group.ch\/blog\/wp-json\/wp\/v2\/posts"}],"about":[{"href":"https:\/\/www.amag-group.ch\/blog\/wp-json\/wp\/v2\/types\/post"}],"author":[{"embeddable":true,"href":"https:\/\/www.amag-group.ch\/blog\/wp-json\/wp\/v2\/users\/27"}],"replies":[{"embeddable":true,"href":"https:\/\/www.amag-group.ch\/blog\/wp-json\/wp\/v2\/comments?post=1932"}],"version-history":[{"count":1,"href":"https:\/\/www.amag-group.ch\/blog\/wp-json\/wp\/v2\/posts\/1932\/revisions"}],"predecessor-version":[{"id":31713,"href":"https:\/\/www.amag-group.ch\/blog\/wp-json\/wp\/v2\/posts\/1932\/revisions\/31713"}],"wp:featuredmedia":[{"embeddable":true,"href":"https:\/\/www.amag-group.ch\/blog\/wp-json\/wp\/v2\/media\/1949"}],"wp:attachment":[{"href":"https:\/\/www.amag-group.ch\/blog\/wp-json\/wp\/v2\/media?parent=1932"}],"wp:term":[{"taxonomy":"category","embeddable":true,"href":"https:\/\/www.amag-group.ch\/blog\/wp-json\/wp\/v2\/categories?post=1932"},{"taxonomy":"post_tag","embeddable":true,"href":"https:\/\/www.amag-group.ch\/blog\/wp-json\/wp\/v2\/tags?post=1932"}],"curies":[{"name":"wp","href":"https:\/\/api.w.org\/{rel}","templated":true}]}}