{"id":1904,"date":"2016-07-12T06:52:10","date_gmt":"2016-07-12T04:52:10","guid":{"rendered":"http:\/\/www.amag-group.ch\/blog\/?p=1904"},"modified":"2020-04-23T09:47:59","modified_gmt":"2020-04-23T07:47:59","slug":"negativzins-wie-weiter","status":"publish","type":"post","link":"https:\/\/www.amag-group.ch\/blog\/negativzins-wie-weiter\/","title":{"rendered":"Negativzins \u2013 wie weiter?"},"content":{"rendered":"<p>Am Freitag, 17. Juni 2016, fanden sich rund 70 Entscheidungstr\u00e4ger aus Politik und Wirtschaft in der AMAG Zug zum dritten AMAG Impuls Fr\u00fchst\u00fcck ein. Als Gast referierte der ehemalige Raiffeisenbank-Chef Pierin Vincenz zum Thema \u00abNegativzins \u2013 wie weiter?\u00bb. Der Verwaltungsratspr\u00e4sident der Helvetia Gruppe nutzte die Gelegenheit, offen und klar seine Ansichten zum Thema zu schildern.<\/p>\n<p><img decoding=\"async\" class=\"alignnone size-full wp-multi-image wp-image-1906\" src=\"https:\/\/www.amag-group.ch\/blog\/wp-content\/uploads\/2016\/07\/IMG_3022.jpg\" alt=\"IMG_3022\" width=\"500\" height=\"333\" \/><\/p>\n<p>Pierin Vincenz begann sein Referat mit dem Ursprung des Negativzinses, welchen er in der weltweiten Wirtschaftskrise, ausgel\u00f6st durch die Spekulationen auf dem amerikanischen Immobilienmarkt, sieht. Dazu komme, dass der Schweizer Franken als sichere W\u00e4hrung auf dem Geldmarkt sehr attraktiv sei. Dies mache den Franken bei Unruhen und Unsicherheiten st\u00e4rker, weil die Nachfrage dann steige. Er f\u00fchrte die M\u00f6glichkeiten der Schweizerischen Nationalbank (SNB) der W\u00e4hrungsbeeinflussung aus, zu welchen eben der Negativzins geh\u00f6re. Die SNB habe diesen eingef\u00fchrt, um sicherzustellen, dass vom Ausland zum Schutz der W\u00e4hrung weniger Geld in die Schweiz fliesse. Seiner Meinung nach sei es schwierig abzusehen, was die genauen Konsequenzen des Negativzinses sein. In den Augen des Gastreferenten w\u00fcrden diese extreme Auswirkungen im Verhalten der institutionellen Anleger und auch auf das Vorsorgesystem haben. Er ist \u00fcberzeugt, dass die Negativzinsen noch lange bleiben werden.<\/p>\n<p>Abschliessend meinte Pierin Vincenz, dass man aber eine Situation so annehmen m\u00fcsse, wie sie sei. Solche schwierigen Zeiten sollten genutzt werden, um durch innovative L\u00f6sungen zu re\u00fcssieren.<\/p>\n<p><span style=\"text-decoration: underline;\"><strong><a href=\"http:\/\/www.amag.ch\/content\/amagch\/corp\/de\/newsletter\/anmeldeformular_Blog.html\">Aktuelles und Hintergr\u00fcnde aus der Welt des Autos.\u00a0Jetzt abonnieren.<\/a><\/strong><\/span><\/p>\n","protected":false},"excerpt":{"rendered":"<p>Das dritte AMAG Impuls Fr\u00fchst\u00fcck 2016 fand in der AMAG Zug statt. Der Gastreferent Pierin Vincenz, Verwaltungsratspr\u00e4sident der Helvetia Gruppe, hat die rund 70 G\u00e4ste mit einem spannenden Referat zum Thema Negativzins bereichert. <\/p>\n","protected":false},"author":27,"featured_media":1909,"comment_status":"open","ping_status":"open","sticky":false,"template":"","format":"standard","meta":{"_acf_changed":false,"inline_featured_image":false,"footnotes":""},"categories":[1232],"tags":[],"class_list":["post-1904","post","type-post","status-publish","format-standard","has-post-thumbnail","hentry","category-nachhaltigkeit"],"acf":[],"_links":{"self":[{"href":"https:\/\/www.amag-group.ch\/blog\/wp-json\/wp\/v2\/posts\/1904","targetHints":{"allow":["GET"]}}],"collection":[{"href":"https:\/\/www.amag-group.ch\/blog\/wp-json\/wp\/v2\/posts"}],"about":[{"href":"https:\/\/www.amag-group.ch\/blog\/wp-json\/wp\/v2\/types\/post"}],"author":[{"embeddable":true,"href":"https:\/\/www.amag-group.ch\/blog\/wp-json\/wp\/v2\/users\/27"}],"replies":[{"embeddable":true,"href":"https:\/\/www.amag-group.ch\/blog\/wp-json\/wp\/v2\/comments?post=1904"}],"version-history":[{"count":0,"href":"https:\/\/www.amag-group.ch\/blog\/wp-json\/wp\/v2\/posts\/1904\/revisions"}],"wp:featuredmedia":[{"embeddable":true,"href":"https:\/\/www.amag-group.ch\/blog\/wp-json\/wp\/v2\/media\/1909"}],"wp:attachment":[{"href":"https:\/\/www.amag-group.ch\/blog\/wp-json\/wp\/v2\/media?parent=1904"}],"wp:term":[{"taxonomy":"category","embeddable":true,"href":"https:\/\/www.amag-group.ch\/blog\/wp-json\/wp\/v2\/categories?post=1904"},{"taxonomy":"post_tag","embeddable":true,"href":"https:\/\/www.amag-group.ch\/blog\/wp-json\/wp\/v2\/tags?post=1904"}],"curies":[{"name":"wp","href":"https:\/\/api.w.org\/{rel}","templated":true}]}}