{"id":1880,"date":"2016-07-05T07:38:29","date_gmt":"2016-07-05T05:38:29","guid":{"rendered":"http:\/\/www.amag-group.ch\/blog\/?p=1880"},"modified":"2025-03-21T16:52:49","modified_gmt":"2025-03-21T15:52:49","slug":"fahren-wir-morgen-noch-selber-auto","status":"publish","type":"post","link":"https:\/\/www.amag-group.ch\/blog\/fahren-wir-morgen-noch-selber-auto\/","title":{"rendered":"Fahren wir morgen noch selber Auto?"},"content":{"rendered":"<p><img decoding=\"async\" class=\"alignnone size-medium wp-multi-image wp-image-1882\" src=\"https:\/\/www.amag-group.ch\/blog\/wp-content\/uploads\/2016\/07\/Prof.-Form-620x343.png\" alt=\"Prof. Form\" width=\"620\" height=\"343\" srcset=\"https:\/\/www.amag-group.ch\/blog\/wp-content\/uploads\/2016\/07\/Prof.-Form-620x343.png 620w, https:\/\/www.amag-group.ch\/blog\/wp-content\/uploads\/2016\/07\/Prof.-Form-768x425.png 768w, https:\/\/www.amag-group.ch\/blog\/wp-content\/uploads\/2016\/07\/Prof.-Form.png 800w\" sizes=\"(max-width: 620px) 100vw, 620px\" \/><\/p>\n<p>Die diesj\u00e4hrige AMAG Breakout Session am Swiss Economic Forum stand unter dem Thema \u00abFahren wir morgen noch selber Auto?\u00bb und wurde mit einem Impulsreferat von Prof. Thomas Form, Stv. Leiter Konzernforschung Volkswagen AG, er\u00f6ffnet. Prof. Form erz\u00e4hlte, was die Volkswagen AG im Bereich des automatischen Fahrens umtreibt. Einf\u00fchrend in das Thema gab er einen kurzen Abriss \u00fcber die Historie des automatisierten Fahrens. Die Treiber sieht er im Komfort, der Sicherheit, der Mobilit\u00e4t im Alter und im Erschliessen von weiteren Gesch\u00e4ftsfeldern. Danach ging Prof. Form auf die Themen Technologie und Sensorik, Infrastruktur und die Gesetzgebung ein. Der Referent meinte, dass aus seiner Sicht nicht das Thema \u00abRecht\u00bb der zeitkritische Faktor sein sei, sondern die \u00abTechnik\u00bb.<\/p>\n<p><img decoding=\"async\" class=\"alignnone size-medium wp-multi-image wp-image-1883\" src=\"https:\/\/www.amag-group.ch\/blog\/wp-content\/uploads\/2016\/07\/podium-close-up-620x306.png\" alt=\"podium close up\" width=\"620\" height=\"306\" srcset=\"https:\/\/www.amag-group.ch\/blog\/wp-content\/uploads\/2016\/07\/podium-close-up-620x306.png 620w, https:\/\/www.amag-group.ch\/blog\/wp-content\/uploads\/2016\/07\/podium-close-up-768x379.png 768w, https:\/\/www.amag-group.ch\/blog\/wp-content\/uploads\/2016\/07\/podium-close-up.png 1697w\" sizes=\"(max-width: 620px) 100vw, 620px\" \/><\/p>\n<p>Im anschliessenden Panelgespr\u00e4ch unter der Moderation von Dino Graf, Leiter Corporate Communication der AMAG, wurde das Thema mit J\u00fcrg R\u00f6thlisberger, Direktor Bundesamt f\u00fcr Strassen (ASTRA), und Dr. Andreas Sch\u00f6nenberger, CEO Salt Mobile SA, weiter besprochen. Unter anderem die Aspekte, was gesetzlich erlaubt ist, die ethischen Fragen und der Zugang und Schutz der Daten. Auch die Zukunftszenarien wurden er\u00f6rtert und ob das manuelle Autofahren eines Tages ganz abgel\u00f6st w\u00fcrde. Die Panelteilnehmer waren sich einig: Aus ihrer Sicht wird es in 15 Jahren auf den Strassen selbstfahrende Autos haben, aber das manuelle Fahren wird nie ganz verdr\u00e4ngt werden.<\/p>\n<p>Das ganze Video der AMAG Breakout Session:<\/p>\n<p><iframe src=\"https:\/\/www.youtube.com\/embed\/TcxhLpPYv_I\" width=\"560\" height=\"315\" frameborder=\"0\" allowfullscreen=\"allowfullscreen\"><\/iframe><\/p>\n<p><span style=\"text-decoration: underline;\"><strong><a href=\"http:\/\/www.amag.ch\/content\/amagch\/corp\/de\/newsletter\/anmeldeformular_Blog.html\">Aktuelles und Hintergr\u00fcnde aus der Welt des Autos.\u00a0Jetzt abonnieren.<\/a><\/strong><\/span><\/p>\n","protected":false},"excerpt":{"rendered":"<p>Sind selbstfahrende Autos immer noch eine Vision oder sind sie demn\u00e4chst Realit\u00e4t? Wann werden die ersten Fahrzeuge auf unseren Strassen fahren und welche technischen Entwicklungen sind daf\u00fcr notwendig? Diese und andere Fragen wurden an der diesj\u00e4hrigen AMAG Breakout Session am Swiss Economic Forum 2016 diskutiert. <\/p>\n","protected":false},"author":27,"featured_media":1881,"comment_status":"closed","ping_status":"open","sticky":false,"template":"","format":"standard","meta":{"_acf_changed":false,"inline_featured_image":false,"footnotes":""},"categories":[9960],"tags":[],"class_list":["post-1880","post","type-post","status-publish","format-standard","has-post-thumbnail","hentry","category-moebilitaet-der-zukunft"],"acf":[],"_links":{"self":[{"href":"https:\/\/www.amag-group.ch\/blog\/wp-json\/wp\/v2\/posts\/1880","targetHints":{"allow":["GET"]}}],"collection":[{"href":"https:\/\/www.amag-group.ch\/blog\/wp-json\/wp\/v2\/posts"}],"about":[{"href":"https:\/\/www.amag-group.ch\/blog\/wp-json\/wp\/v2\/types\/post"}],"author":[{"embeddable":true,"href":"https:\/\/www.amag-group.ch\/blog\/wp-json\/wp\/v2\/users\/27"}],"replies":[{"embeddable":true,"href":"https:\/\/www.amag-group.ch\/blog\/wp-json\/wp\/v2\/comments?post=1880"}],"version-history":[{"count":1,"href":"https:\/\/www.amag-group.ch\/blog\/wp-json\/wp\/v2\/posts\/1880\/revisions"}],"predecessor-version":[{"id":31750,"href":"https:\/\/www.amag-group.ch\/blog\/wp-json\/wp\/v2\/posts\/1880\/revisions\/31750"}],"wp:featuredmedia":[{"embeddable":true,"href":"https:\/\/www.amag-group.ch\/blog\/wp-json\/wp\/v2\/media\/1881"}],"wp:attachment":[{"href":"https:\/\/www.amag-group.ch\/blog\/wp-json\/wp\/v2\/media?parent=1880"}],"wp:term":[{"taxonomy":"category","embeddable":true,"href":"https:\/\/www.amag-group.ch\/blog\/wp-json\/wp\/v2\/categories?post=1880"},{"taxonomy":"post_tag","embeddable":true,"href":"https:\/\/www.amag-group.ch\/blog\/wp-json\/wp\/v2\/tags?post=1880"}],"curies":[{"name":"wp","href":"https:\/\/api.w.org\/{rel}","templated":true}]}}