{"id":18411,"date":"2020-04-22T07:31:51","date_gmt":"2020-04-22T05:31:51","guid":{"rendered":"https:\/\/www.amag-group.ch\/blog\/?p=18411"},"modified":"2025-03-06T16:40:40","modified_gmt":"2025-03-06T15:40:40","slug":"making-of-instagram-shootings-porsche-zentrum-zuerich","status":"publish","type":"post","link":"https:\/\/www.amag-group.ch\/blog\/making-of-instagram-shootings-porsche-zentrum-zuerich\/","title":{"rendered":"\u00abMaking of\u00bb: Instagram Shootings Porsche Zentrum Z\u00fcrich"},"content":{"rendered":"<p>Das Porsche Zentrum Z\u00fcrich hat sich f\u00fcr das Jahr 2020 das Ziel gesetzt, aktiver auf Social Media und insbesondere auf Instagram zu sein und die Inhalte attraktiver und mit Wiedererkennungswert zu gestalten. H\u00f6rt sich zun\u00e4chst mal relativ simpel an, ist es aber nicht. Die Social Media Kan\u00e4le richtig zu beherrschen, ist eine Kunst und beansprucht viel Zeit. Zielsetzung dabei ist, dass erreicht wird, dass sich die Posts zu anderen Porsche Zentren unterscheiden und einen hohen Wiedererkennungswert haben.<\/p>\n<p>F\u00fcr uns war von Anfang an klar, dass wir monatlichen Content einplanen und diese Film- und Fotoaufnahmen m\u00fcssen professionell gemacht werden. Ebenfalls stand fest, dass wir so viel wie m\u00f6glich direkt im Porsche Zentrum Z\u00fcrich filmen und fotografieren wollen. Ein Porsche Foto auf zum Beispiel einem Schweizer Pass wie der Fl\u00fcela sieht zwar ser cool aus, hat aber wenig mit der Porsche Erlebniswelt im Porsche Zentrum Z\u00fcrich zu tun.<\/p>\n<p>Unser erstes Foto- und Filmprojekt f\u00fcr Instagram f\u00fcr den Monat Januar hiess \u00abPorsche Drive\u00bb: Wir wollten das neu lancierte Porsche Mietkonzept auf Social Media bekanntmachen und den Ablauf erkl\u00e4ren. Rund vier bis sechs Wochen vor dem Shooting haben wir uns mit der Filmcrew von Shutter Films getroffen, um das Shooting zu konzeptionieren. Der Ablauf war ziemlich schnell f\u00fcr alle klar. Wir wollten zeigen, wie man einfach einen Porsche online buchen kann und diesen dann im Porsche Zentrum Z\u00fcrich in Schlieren abholen kann.<\/p>\n<p>Das Shooting hat grossen Spass gemacht, war aber auch anstrengend. Im Schnitt haben wir pro Szene sicherlich vier bis f\u00fcnf \u00abTakes\u00bb gebraucht, bis alle damit zufrieden waren. Gefilmt hatten wir an einem normalen Arbeitstag, was zum Teil auch dazu gef\u00fchrt hat, dass w\u00e4hrend des Drehs beim Empfang einmal pl\u00f6tzlich ein Kunde ins Bild gelaufen ist. Dies haben aber nat\u00fcrlich alle mit Humor genommen. Ein Kunde h\u00e4tte sich sogar spontan als Schauspieler zur Verf\u00fcgung gestellt.<\/p>\n<p>Nach den Aufnahmen wir dann die Frage, wie man einen ganzen Ablauf in nur 1,5 Minuten darstellt, so dass er f\u00fcr die Follower verst\u00e4ndlich ist. Wir sind der Meinung, dass sich die lange Vorbereitung und rund vier Stunden Shooting definitiv gelohnt haben.<\/p>\n<p>Doch schau selbst:<\/p>\n<p><iframe src=\"https:\/\/www.youtube.com\/embed\/oCaoCmVJOg0\" width=\"560\" height=\"315\" frameborder=\"0\" allowfullscreen=\"allowfullscreen\"><\/iframe><\/p>\n<p>&nbsp;<\/p>\n","protected":false},"excerpt":{"rendered":"<p>Das Ergebnis ist ein 96-Sekunden-Video. Doch wieviel Arbeit steckt hinter einem Videoshooting f\u00fcr Instagram? <\/p>\n","protected":false},"author":67,"featured_media":18415,"comment_status":"open","ping_status":"open","sticky":false,"template":"","format":"standard","meta":{"_acf_changed":false,"inline_featured_image":false,"footnotes":""},"categories":[8119],"tags":[],"class_list":["post-18411","post","type-post","status-publish","format-standard","has-post-thumbnail","hentry","category-auto-technik"],"acf":[],"_links":{"self":[{"href":"https:\/\/www.amag-group.ch\/blog\/wp-json\/wp\/v2\/posts\/18411","targetHints":{"allow":["GET"]}}],"collection":[{"href":"https:\/\/www.amag-group.ch\/blog\/wp-json\/wp\/v2\/posts"}],"about":[{"href":"https:\/\/www.amag-group.ch\/blog\/wp-json\/wp\/v2\/types\/post"}],"author":[{"embeddable":true,"href":"https:\/\/www.amag-group.ch\/blog\/wp-json\/wp\/v2\/users\/67"}],"replies":[{"embeddable":true,"href":"https:\/\/www.amag-group.ch\/blog\/wp-json\/wp\/v2\/comments?post=18411"}],"version-history":[{"count":1,"href":"https:\/\/www.amag-group.ch\/blog\/wp-json\/wp\/v2\/posts\/18411\/revisions"}],"predecessor-version":[{"id":31592,"href":"https:\/\/www.amag-group.ch\/blog\/wp-json\/wp\/v2\/posts\/18411\/revisions\/31592"}],"wp:featuredmedia":[{"embeddable":true,"href":"https:\/\/www.amag-group.ch\/blog\/wp-json\/wp\/v2\/media\/18415"}],"wp:attachment":[{"href":"https:\/\/www.amag-group.ch\/blog\/wp-json\/wp\/v2\/media?parent=18411"}],"wp:term":[{"taxonomy":"category","embeddable":true,"href":"https:\/\/www.amag-group.ch\/blog\/wp-json\/wp\/v2\/categories?post=18411"},{"taxonomy":"post_tag","embeddable":true,"href":"https:\/\/www.amag-group.ch\/blog\/wp-json\/wp\/v2\/tags?post=18411"}],"curies":[{"name":"wp","href":"https:\/\/api.w.org\/{rel}","templated":true}]}}