{"id":1825,"date":"2016-06-20T13:51:42","date_gmt":"2016-06-20T11:51:42","guid":{"rendered":"http:\/\/www.amag-group.ch\/blog\/?p=1825"},"modified":"2025-03-21T16:52:57","modified_gmt":"2025-03-21T15:52:57","slug":"valet-parking","status":"publish","type":"post","link":"https:\/\/www.amag-group.ch\/blog\/valet-parking\/","title":{"rendered":"Valet Parking"},"content":{"rendered":"<p>Nachdem ich mich auf <span style=\"text-decoration: underline;\"><a href=\"http:\/\/www.valetparking.ch\/valet-parking\/corp\/de\/home.html\" target=\"_blank\" rel=\"noopener\">valetparking.ch<\/a><\/span> vorab informiert hatte, war klar, dass keine vorherige Registrierung oder Anmeldung notwendig war. Von daher beschloss ich auch, mein Auto nicht anzumelden, sondern gem\u00e4ss Beschreibung an den Z\u00fcrcher Flughafen zu fahren und dort das Angebot zu nutzen.<\/p>\n<p>An einem sp\u00e4ten Freitagnachmittag folgte ich der detaillierten Beschreibung aus dem Netz und fuhr in Richtung \u00abDrop Off\u00bb am Flughafen. Beim Terminal 1 angekommen sah ich dann auch gleich das Schild \u00abServices\u00bb und gelangte schnell zur Schranke beim \u00abValet Parking\u00bb. Die Beschreibung war sehr gut und eindeutig und auch als Nicht-Ortskundige h\u00e4tte ich den Weg leicht finden k\u00f6nnen. Ich klingelte also wie beschrieben an der Schranke, die rasch f\u00fcr mich ge\u00f6ffnet wurde, und stellte mein Auto auf einen der mit Valet Parking angeschriebenen Parkpl\u00e4tze. Nur mit leichtem Handgep\u00e4ck ausgestattet und ohne mich als Mitarbeiterin der AMAG erkennen zu geben, begab ich mich zum Schalter, der sich direkt bei den Parkpl\u00e4tzen befindet. Hier muss man lediglich seinen Schl\u00fcssel abgeben und die Flugdaten angeben. Der nette Herr am Schalter erkundigte sich noch nach meinen W\u00fcnschen rund ums Auto. Mit dem \u00abService rund ums Auto\u00bb bietet das Valet Parking dank der Zugeh\u00f6rigkeit zur AMAG Gruppe weitere Dienste f\u00fcr das geparkte Fahrzeug wie zum Beispiel Reinigung, Betankung, Reifenwechsel, Nachf\u00fcllen von Fl\u00fcssigkeiten, Sommer-Check etc. an. Da mein Auto aussen gerade gereinigt wurde sowie vollgetankt war, ich aber die Innenreinigung manchmal etwas vernachl\u00e4ssige, entschloss ich mich, diesen Dienst hier in Anspruch zu nehmen. Die Abgabe des Fahrzeugs mit Angabe der zus\u00e4tzlichen W\u00fcnsche geht wirklich sehr schnell. Der Vorgang am Valet Parking Schalter ist in Windeseile erledigt und auch bestens geeignet, falls man vor dem Abflug etwas in Eile sein sollte.<\/p>\n<div id=\"attachment_1830\" style=\"width: 630px\" class=\"wp-caption aligncenter\"><a href=\"https:\/\/www.amag-group.ch\/blog\/img_2953\/\"><img decoding=\"async\" aria-describedby=\"caption-attachment-1830\" class=\"size-medium wp-image-1830\" src=\"https:\/\/www.amag-group.ch\/blog\/wp-content\/uploads\/2016\/06\/IMG_2953-e1466412709808-620x414.jpg\" alt=\"\" width=\"620\" height=\"414\" srcset=\"https:\/\/www.amag-group.ch\/blog\/wp-content\/uploads\/2016\/06\/IMG_2953-e1466412709808-620x414.jpg 620w, https:\/\/www.amag-group.ch\/blog\/wp-content\/uploads\/2016\/06\/IMG_2953-e1466412709808-768x512.jpg 768w, https:\/\/www.amag-group.ch\/blog\/wp-content\/uploads\/2016\/06\/IMG_2953-e1466412709808-720x480.jpg 720w, https:\/\/www.amag-group.ch\/blog\/wp-content\/uploads\/2016\/06\/IMG_2953-e1466412709808.jpg 1000w\" sizes=\"(max-width: 620px) 100vw, 620px\" \/><\/a><p id=\"caption-attachment-1830\" class=\"wp-caption-text\">Schl\u00fcssel\u00fcbergabe am Valet Parking Schalter<\/p><\/div>\n<p>Neu hat das Valet Parking seit dem 1. Juni auch weitere Dienstleistungen im Angebot. Dazu geh\u00f6rt der \u00abConcierge Service\u00bb. Im Rahmen dieses Angebots werden Blumen f\u00fcr die Liebsten gekauft oder kleinere Besorgungen erledigt. Schon praktisch, wenn nach der Reise Blumen und der Einkauf mit den n\u00f6tigsten Dingen am Schalter auf einen warten.<\/p>\n<div id=\"attachment_1831\" style=\"width: 630px\" class=\"wp-caption aligncenter\"><img decoding=\"async\" aria-describedby=\"caption-attachment-1831\" class=\"size-medium wp-multi-image wp-image-1831\" src=\"https:\/\/www.amag-group.ch\/blog\/wp-content\/uploads\/2016\/06\/Concierge_frei-620x220.jpg\" alt=\"Der Concierge Service \u00fcbernimmt kleinere Besorgungen \" width=\"620\" height=\"220\" srcset=\"https:\/\/www.amag-group.ch\/blog\/wp-content\/uploads\/2016\/06\/Concierge_frei-620x220.jpg 620w, https:\/\/www.amag-group.ch\/blog\/wp-content\/uploads\/2016\/06\/Concierge_frei.jpg 768w\" sizes=\"(max-width: 620px) 100vw, 620px\" \/><p id=\"caption-attachment-1831\" class=\"wp-caption-text\">Der Concierge Service \u00fcbernimmt kleinere Besorgungen<\/p><\/div>\n<p>Eine weitere Neuerung beinhaltet der angebotene \u00abW\u00e4sche Service\u00bb. Man erh\u00e4lt am Schalter einen W\u00e4schesack sowie ein Formular f\u00fcr die Schmutzw\u00e4sche und kann die W\u00e4sche bei der R\u00fcckkehr sauber und geb\u00fcgelt wieder abholen. Die W\u00e4sche ist dann innerhalb von 24 Stunden wieder sauber. Sowohl f\u00fcr die Inanspruchnahme des Concierge- als auch f\u00fcr die des W\u00e4scheservices ist etwas mehr Zeit einzuplanen als f\u00fcr die reine Abgabe des Fahrzeugs. Logisch, da diese Dienstleistungen auch etwas erkl\u00e4rungsbed\u00fcrftiger sind und die kein Kundenwunsch identisch ist mit dem eines anderen. Meiner Meinung nach aber tolle Dienstleistungen, nicht ausschliesslich, aber vermutlich vorwiegend f\u00fcr diejenigen, die vielbesch\u00e4ftigt sind und denen die Zeit f\u00fcr solche T\u00e4tigkeiten fehlt. Ich bin wirklich begeistert und freue mich \u00fcber das erweiterte Angebot.<\/p>\n<div id=\"attachment_1832\" style=\"width: 630px\" class=\"wp-caption aligncenter\"><a href=\"https:\/\/www.amag-group.ch\/blog\/waesche-service-valet-parking\/\"><img decoding=\"async\" aria-describedby=\"caption-attachment-1832\" class=\"size-medium wp-image-1832\" src=\"https:\/\/www.amag-group.ch\/blog\/wp-content\/uploads\/2016\/06\/Waesche-Service-Valet-Parking-e1466412665340-620x414.jpg\" alt=\"\" width=\"620\" height=\"414\" srcset=\"https:\/\/www.amag-group.ch\/blog\/wp-content\/uploads\/2016\/06\/Waesche-Service-Valet-Parking-e1466412665340-620x414.jpg 620w, https:\/\/www.amag-group.ch\/blog\/wp-content\/uploads\/2016\/06\/Waesche-Service-Valet-Parking-e1466412665340-768x512.jpg 768w, https:\/\/www.amag-group.ch\/blog\/wp-content\/uploads\/2016\/06\/Waesche-Service-Valet-Parking-e1466412665340-720x480.jpg 720w, https:\/\/www.amag-group.ch\/blog\/wp-content\/uploads\/2016\/06\/Waesche-Service-Valet-Parking-e1466412665340.jpg 800w\" sizes=\"(max-width: 620px) 100vw, 620px\" \/><\/a><p id=\"caption-attachment-1832\" class=\"wp-caption-text\">Der W\u00e4sche Service k\u00fcmmert sich w\u00e4hrend der Reise um Ihre W\u00e4sche<\/p><\/div>\n<p>Nach meiner R\u00fcckkehr am Sonntag begab ich mich wieder zum Schalter, um meine Rechnung zu begleichen und um meinen Schl\u00fcssel abzuholen. Hier wurde ich bereits erwartet, da man aufgrund meiner hinterlegten Flugdaten festgestellt hatte, dass mein Flug eine Versp\u00e4tung hatte. So konnte man mein Auto rechtzeitig auf einen der Parkpl\u00e4tze vor dem Terminal 1 bringen und ich konnte sofort in mein Auto steigen und entspannt nach Hause fahren. Klar ist, dass man f\u00fcr eine solche Dienstleistung bezahlen muss. Aber f\u00fcr einen so angenehmen und zuvorkommenden Service und f\u00fcr die Tatsache, dass ich quasi vom Flugzeug mehr oder weniger direkt in mein Auto steigen kann, zahle ich gern. Und wer schon einmal am Flughafen Z\u00fcrich geparkt hat, der weiss, dass alleine das Parken hier teuer genug ist &#8211; ohne in den Genuss der zus\u00e4tzlichen Dienstleistungen zu kommen.<\/p>\n<div id=\"attachment_1833\" style=\"width: 630px\" class=\"wp-caption aligncenter\"><a href=\"https:\/\/www.amag-group.ch\/blog\/img_2946\/\"><img decoding=\"async\" aria-describedby=\"caption-attachment-1833\" class=\"size-medium wp-image-1833\" src=\"https:\/\/www.amag-group.ch\/blog\/wp-content\/uploads\/2016\/06\/IMG_2946-e1466412687486-620x414.jpg\" alt=\"\" width=\"620\" height=\"414\" srcset=\"https:\/\/www.amag-group.ch\/blog\/wp-content\/uploads\/2016\/06\/IMG_2946-e1466412687486-620x414.jpg 620w, https:\/\/www.amag-group.ch\/blog\/wp-content\/uploads\/2016\/06\/IMG_2946-e1466412687486-768x512.jpg 768w, https:\/\/www.amag-group.ch\/blog\/wp-content\/uploads\/2016\/06\/IMG_2946-e1466412687486-720x480.jpg 720w, https:\/\/www.amag-group.ch\/blog\/wp-content\/uploads\/2016\/06\/IMG_2946-e1466412687486.jpg 1000w\" sizes=\"(max-width: 620px) 100vw, 620px\" \/><\/a><p id=\"caption-attachment-1833\" class=\"wp-caption-text\">Der neue Valet Parking Schalter am Flughafen Z\u00fcrich<\/p><\/div>\n<p>&nbsp;<\/p>\n<p><strong>Mehr zum Thema Valet Parking finden Sie hier: <span style=\"text-decoration: underline;\"><a href=\"http:\/\/www.valetparking.ch\/valet-parking\/corp\/de\/home.html\" target=\"_blank\" rel=\"noopener\">www.valetparking.ch<\/a><\/span><\/strong><\/p>\n<p>&nbsp;<\/p>\n<p><span style=\"text-decoration: underline;\"><a href=\"http:\/\/www.amag.ch\/content\/amagch\/corp\/de\/newsletter\/anmeldeformular_Blog.html\">Aktuelles und Hintergr\u00fcnde aus der Welt des Autos.\u00a0<\/a><strong><a href=\"http:\/\/www.amag.ch\/content\/amagch\/corp\/de\/newsletter\/anmeldeformular_Blog.html\">Jetzt abonnieren.<\/a><\/strong><\/span><\/p>\n<p>&nbsp;<\/p>\n","protected":false},"excerpt":{"rendered":"<p>Die AMAG Services AG betreibt seit 1997 das Valet Parking am Flughafen Z\u00fcrich. Mit einem neuen Erscheinungsbild und erweitertem Dienstleistungsangebot ist es ab 1. Juni 2016 zur\u00fcck auf der Ebene \u00abAbflug\u00bb. Ein anstehender Kurztrip \u00fcbers Wochenende schien pr\u00e4destiniert, das Angebot einmal aus Kundensicht auf Herz und Nieren zu testen.<\/p>\n","protected":false},"author":27,"featured_media":1827,"comment_status":"open","ping_status":"open","sticky":false,"template":"","format":"standard","meta":{"_acf_changed":false,"inline_featured_image":false,"footnotes":""},"categories":[9960],"tags":[],"class_list":["post-1825","post","type-post","status-publish","format-standard","has-post-thumbnail","hentry","category-moebilitaet-der-zukunft"],"acf":[],"_links":{"self":[{"href":"https:\/\/www.amag-group.ch\/blog\/wp-json\/wp\/v2\/posts\/1825","targetHints":{"allow":["GET"]}}],"collection":[{"href":"https:\/\/www.amag-group.ch\/blog\/wp-json\/wp\/v2\/posts"}],"about":[{"href":"https:\/\/www.amag-group.ch\/blog\/wp-json\/wp\/v2\/types\/post"}],"author":[{"embeddable":true,"href":"https:\/\/www.amag-group.ch\/blog\/wp-json\/wp\/v2\/users\/27"}],"replies":[{"embeddable":true,"href":"https:\/\/www.amag-group.ch\/blog\/wp-json\/wp\/v2\/comments?post=1825"}],"version-history":[{"count":1,"href":"https:\/\/www.amag-group.ch\/blog\/wp-json\/wp\/v2\/posts\/1825\/revisions"}],"predecessor-version":[{"id":31617,"href":"https:\/\/www.amag-group.ch\/blog\/wp-json\/wp\/v2\/posts\/1825\/revisions\/31617"}],"wp:featuredmedia":[{"embeddable":true,"href":"https:\/\/www.amag-group.ch\/blog\/wp-json\/wp\/v2\/media\/1827"}],"wp:attachment":[{"href":"https:\/\/www.amag-group.ch\/blog\/wp-json\/wp\/v2\/media?parent=1825"}],"wp:term":[{"taxonomy":"category","embeddable":true,"href":"https:\/\/www.amag-group.ch\/blog\/wp-json\/wp\/v2\/categories?post=1825"},{"taxonomy":"post_tag","embeddable":true,"href":"https:\/\/www.amag-group.ch\/blog\/wp-json\/wp\/v2\/tags?post=1825"}],"curies":[{"name":"wp","href":"https:\/\/api.w.org\/{rel}","templated":true}]}}