{"id":17456,"date":"2020-01-17T09:50:38","date_gmt":"2020-01-17T08:50:38","guid":{"rendered":"https:\/\/www.amag-group.ch\/blog\/?p=17456"},"modified":"2020-07-29T08:36:44","modified_gmt":"2020-07-29T06:36:44","slug":"lackschaden-ein-skype-anruf-genuegt","status":"publish","type":"post","link":"https:\/\/www.amag-group.ch\/blog\/lackschaden-ein-skype-anruf-genuegt\/","title":{"rendered":"Lackschaden? Ein Skype-Anruf gen\u00fcgt!"},"content":{"rendered":"<p>Wer kennt das nicht? Im d\u00fcmmsten Moment f\u00e4llt einem am eigenen Auto ein Kratzer auf. Herauszubekommen wie und wann dieser dahin kam, ist nahezu unm\u00f6glich. Und eigentlich hat man sowieso gerade keine Zeit, um sich darum zu k\u00fcmmern. Was zum Beispiel beim Handykauf im Gesch\u00e4ft schon gang und g\u00e4be ist (Einrichtung des Handys, Vermittlung von passendem Zubeh\u00f6r, Empfehlung von Apps, Reparatur), greift nun auch auf andere Bereiche \u00fcber: der Service aus einer Hand. Der Kunde w\u00fcnscht sicher immer \u00f6fter, dass der Anbieter ihm Verpflichtungen abnimmt \u2013 wenn wir ehrlich sind, will er sich eigentlich um so gut wie gar nichts mehr k\u00fcmmern. Schliesslich bezahlt er ja auch f\u00fcr die Dienstleistung.<\/p>\n<h3>Kratzer am Auto? Kein Problem<\/h3>\n<p>Diese Ver\u00e4nderung im Kundenverhalten fiel auch in den drei AMAG Betrieben Villeneuve, Vevey und St-L\u00e9gier auf, und man reagierte darauf. Bringt ein Kunde sein Fahrzeug in einen Betrieb zum Service, pr\u00fcft ein Serviceberater das Fahrzeug im gleichen Schritt auch auf Karosseriesch\u00e4den wie Parksch\u00e4den, Kratzer etc. Das geh\u00f6rt zum Standardvorgehen bei einer Serviceannahme. Wird ein Schaden festgestellt, hat der Kunde die M\u00f6glichkeit, die komplette Schadensabwicklung direkt in die H\u00e4nde der kompetenten Carrosserie AMAG Villeneuve zu geben.<\/p>\n<p>Denn die Karosserie in Villeneuve beseitigt nicht nur den Schaden, sondern \u00fcbernimmt im Voraus auch die Abwicklung mit der Versicherung des Autobesitzers, ohne dass sich dieser darum k\u00fcmmern muss. Zwar verf\u00fcgen die meisten Kunden mit neuen Fahrzeugen \u00fcber eine Vollkaskoversicherung, dennoch haben sie meist keine Zeit oder Lust, einen kleinen Lackkratzer beheben zu lassen. Mit dem neuen Service kann der Kunde nun direkt der Karosserie seine Einwilligung geben, dass diese den Schaden f\u00fcr ihn abwickeln darf. Damit hat der Kunde wertvolle Zeit gewonnen, die er f\u00fcr sich selbst nutzen kann. Doch wie l\u00e4uft das konkret ab?<\/p>\n<h3>Kundenorientierung von A bis Z \u00fcber Skype<\/h3>\n<p>Alles, was in den Betrieben f\u00fcr diesen Service aus einer Hand ben\u00f6tigt wird, ist ein Tablet oder Smartphone mit Skype und eine Internetverbindung. In der Karosserie sind ein Skype-f\u00e4higes Ger\u00e4t und das Programm EC2 notwendig. EC2 ist das bei Karosserien und Versicherungen g\u00fcltige Standardprogramm f\u00fcr die Abwicklung von Versicherungssch\u00e4den.<\/p>\n<p>Der Kunde bringt sein Fahrzeug zum Servicetermin und wird von einem Mitarbeitenden des Betriebs auf die Sch\u00e4den an der Karosserie hingewiesen. Dem Kunden wird dann vor Ort angeboten, den Schaden direkt mit der Karosserie in Villeneuve per Skype zu besprechen und das Auto im Betrieb zu lassen, damit es nach Villeneuve gebracht und der Schaden dort behoben werden kann. Um den Schaden zu besprechen rufen der Serviceberater im Betrieb und der Kunde gemeinsam den Leiter der Carrosserie AMAG Villeneuve, Francesco Di Tria, \u00fcber Skype an.<\/p>\n<div id=\"attachment_17505\" style=\"width: 1930px\" class=\"wp-caption aligncenter\"><a class=\"fancybox-link\" href=\"https:\/\/www.amag-group.ch\/blog\/wp-content\/uploads\/2020\/01\/francesco_di_tria.jpg\"><img decoding=\"async\" aria-describedby=\"caption-attachment-17505\" class=\"size-full wp-image-17505\" src=\"https:\/\/www.amag-group.ch\/blog\/wp-content\/uploads\/2020\/01\/francesco_di_tria.jpg\" alt=\"Francesco di Tria telefoniert \u00fcber Skype aus seinem B\u00fcro in Villeneuve mit Nicolas, der vor Ort im Betrieb den Kunden betreut.\" width=\"1920\" height=\"1280\" srcset=\"https:\/\/www.amag-group.ch\/blog\/wp-content\/uploads\/2020\/01\/francesco_di_tria.jpg 1920w, https:\/\/www.amag-group.ch\/blog\/wp-content\/uploads\/2020\/01\/francesco_di_tria-620x414.jpg 620w, https:\/\/www.amag-group.ch\/blog\/wp-content\/uploads\/2020\/01\/francesco_di_tria-768x512.jpg 768w, https:\/\/www.amag-group.ch\/blog\/wp-content\/uploads\/2020\/01\/francesco_di_tria-720x480.jpg 720w\" sizes=\"(max-width: 1920px) 100vw, 1920px\" \/><\/a><p id=\"caption-attachment-17505\" class=\"wp-caption-text\">Francesco di Tria telefoniert \u00fcber Skype aus seinem B\u00fcro in Villeneuve mit Nicolas, der vor Ort im Betrieb den Kunden betreut.<\/p><\/div>\n<p>\u00abF\u00fcr die Kunden ist es zuerst einmal ungewohnt, mit mir \u00fcber Skype zu sprechen. Aber sie gew\u00f6hnen sich schnell daran und sind sehr froh, dass sie das Auto nicht selbst zu uns bringen m\u00fcssen\u00bb, sagt Francesco. Darum k\u00fcmmert sich n\u00e4mlich der Betrieb und stellt dem Kunden in der Zwischenzeit kostenlos einen Ersatzwagen zur Verf\u00fcgung. Das Telefonat mit dem Kunden ist f\u00fcr Francesco wichtig. \u00abNur der Kunde kann uns Hinweise zum Schaden geben: Wann ungef\u00e4hr fand das Schadensereignis statt? Wie ist das passiert? Diese Angaben sind wichtig f\u00fcr uns, um den Schaden der Versicherung plausibel und glaubw\u00fcrdig zu melden.\u00bb Francesco ben\u00f6tigt dazu auch Angaben zur Versicherung und zum Fahrzeughalter. Die Fotos vom Schaden macht der Serviceberater.<\/p>\n<p>Hat der Kunde keine Zeit oder kein Interesse an einem Skype-Gespr\u00e4ch, kann er selbstverst\u00e4ndlich auch nur das Schadensformular ausf\u00fcllen. Der Vorteil des Skype-Gespr\u00e4chs liegt darin, dass der pers\u00f6nliche Kontakt zustande kommt und alles in f\u00fcnf kurzen Minuten direkt gekl\u00e4rt werden kann.<\/p>\n<p>Seit April 2019 besteht diese neue Art der Zusammenarbeit der Serviceberatung der Betriebe Villeneuve, Vevey und St-L\u00e9gier mit der Carrosserie AMAG Villeneuve. \u00abWir machten uns Gedanken dar\u00fcber, wie wir die Auslastung der Carrosserie steigern k\u00f6nnen. Und da kam uns dieser Einfall\u00bb, erkl\u00e4rt Nicolas Corth\u00e9sy, Leiter Serviceberatung in der AMAG St-L\u00e9gier. Zusammen mit Francesco hat er die Idee entwickelt. \u00abIch bin in Vevey stationiert. Wenn ich vor Ort bin, \u00fcbernehme ich das Telefonat mit Francesco und zeige ihm im Beisein des Kunden die Sch\u00e4den am Fahrzeug\u00bb. Danach werden noch Fotos f\u00fcr die Versicherung aufgenommen. Der Kunde muss nur noch ein Formular mit seinen Versicherungsangaben ausf\u00fcllen.<\/p>\n<p>Um den Rest k\u00fcmmert sich dann Francesco an seinem Computer in der Werkstatt. Mit Hilfe des Programms EC2 kann er den Schaden erfassen und der Versicherung melden. Die Versicherung gibt dann im Normalfall die Reparatur frei und Francesco und sein Team k\u00f6nnen mit der Beseitigung des Schadens beginnen. F\u00fcr den Kunden entf\u00e4llt die l\u00e4stige Koordination mit der Versicherung und der Garage komplett. Ca. 80 Prozent der Versicherungsf\u00e4lle werden heute \u00fcber das PC-Programm EC2 zwischen Karosseriewerkstatt und Versicherung abgewickelt, und nur noch in 20 Prozent der F\u00e4lle kommt ein Versicherungsvertreter in der Werkstatt vorbei und begutachtet den Schaden vor Ort.<\/p>\n<div id=\"attachment_17499\" style=\"width: 1930px\" class=\"wp-caption aligncenter\"><a class=\"fancybox-link\" href=\"https:\/\/www.amag-group.ch\/blog\/wp-content\/uploads\/2020\/01\/nicolas_corthesy.jpg\"><img decoding=\"async\" aria-describedby=\"caption-attachment-17499\" class=\"size-full wp-image-17499\" src=\"https:\/\/www.amag-group.ch\/blog\/wp-content\/uploads\/2020\/01\/nicolas_corthesy.jpg\" alt=\"Nicolas zeigt Francesco \u00fcber die Kamera des Tablets den Schaden an der Karosserie des Fahrzeugs. Dieses Gespr\u00e4ch findet im Beisein des Kunden statt. Danach werden noch Fotos des Schadens f\u00fcr die Versicherung aufgenommen.\" width=\"1920\" height=\"1280\" srcset=\"https:\/\/www.amag-group.ch\/blog\/wp-content\/uploads\/2020\/01\/nicolas_corthesy.jpg 1920w, https:\/\/www.amag-group.ch\/blog\/wp-content\/uploads\/2020\/01\/nicolas_corthesy-620x414.jpg 620w, https:\/\/www.amag-group.ch\/blog\/wp-content\/uploads\/2020\/01\/nicolas_corthesy-768x512.jpg 768w, https:\/\/www.amag-group.ch\/blog\/wp-content\/uploads\/2020\/01\/nicolas_corthesy-720x480.jpg 720w\" sizes=\"(max-width: 1920px) 100vw, 1920px\" \/><\/a><p id=\"caption-attachment-17499\" class=\"wp-caption-text\">Nicolas zeigt Francesco \u00fcber die Kamera des Tablets den Schaden an der Karosserie des Fahrzeugs. Dieses Gespr\u00e4ch findet im Beisein des Kunden statt. Danach werden noch Fotos des Schadens f\u00fcr die Versicherung aufgenommen.<\/p><\/div>\n<h3>Noch lange nicht m\u00fcde<\/h3>\n<p>Die Vorteile f\u00fcr den Kunden durch diese neue Form der Zusammenarbeit liegen auf der Hand: Bei seinem Regeltermin in der Garage kann er auch Karosseriesch\u00e4den am Fahrzeug beseitigen lassen. Er spart die Zeit, die er f\u00fcr einen zus\u00e4tzlichen Termin aufbringen m\u00fcsste, muss das Auto nicht selbst in die Karosserie bringen und erh\u00e4lt dazu noch einen kostenlosen Ersatzwagen. Nach wenigen Tagen kann er sein repariertes und gereinigtes Fahrzeug wie gewohnt in seinem Betrieb abholen und ist wieder kratzerfrei unterwegs.<\/p>\n<p>Die Kunden nehmen das Angebot dankend an. Doch Francesco und Nicolas denken schon weiter: Sie m\u00f6chten einen virtuellen Schalter bei der AMAG St-L\u00e9gier und der AMAG Vevey einf\u00fchren, sodass der Serviceberater nicht mehr beim Skype-Gespr\u00e4ch zwischen Kunde und Karosserie-Mitarbeitendem dabei sein muss. Er kann in dieser Zeit bereits die Fotos des Schadens aufnehmen, und der Kunde kann sich ganz auf das Gespr\u00e4ch konzentrieren. \u00abWir haben schon einiges geschafft, aber das m\u00f6chte ich noch vor meiner Pensionierung einf\u00fchren\u00bb, sagt Francesco. Mit 67 Jahren und nach 43 Jahren bei der AMAG arbeitet er noch immer mit Herzblut in der Karosserie. \u00abMit 70 lasse ich mich aber definitiv pensionieren\u00bb, f\u00fcgt er schmunzelnd hinzu.<\/p>\n<p><strong>Das <a href=\"https:\/\/www.villeneuve.amag.ch\/fr\/venez-chez-nous-on-soccupe-de-tout\" target=\"_blank\" rel=\"noopener\"><span style=\"text-decoration: underline;\">Karosserie-Team der AMAG Villeneuve:<\/span><\/a><br \/>\n<\/strong><\/p>\n<div id=\"attachment_17502\" style=\"width: 1930px\" class=\"wp-caption aligncenter\"><a class=\"fancybox-link\" href=\"https:\/\/www.amag-group.ch\/blog\/wp-content\/uploads\/2020\/01\/team_carrosserie_villeneuve.jpg\"><img decoding=\"async\" aria-describedby=\"caption-attachment-17502\" class=\"size-full wp-image-17502\" src=\"https:\/\/www.amag-group.ch\/blog\/wp-content\/uploads\/2020\/01\/team_carrosserie_villeneuve.jpg\" alt=\"Das Team der Carrosserie AMAG Villeneuve unter der Leitung von Francesco Di Tria (f\u00fcnfter von rechts). Ganz rechts: Nicolas Corth\u00e9sy, Leiter Serviceberatung AMAG St-L\u00e9gier.\" width=\"1920\" height=\"1280\" srcset=\"https:\/\/www.amag-group.ch\/blog\/wp-content\/uploads\/2020\/01\/team_carrosserie_villeneuve.jpg 1920w, https:\/\/www.amag-group.ch\/blog\/wp-content\/uploads\/2020\/01\/team_carrosserie_villeneuve-620x414.jpg 620w, https:\/\/www.amag-group.ch\/blog\/wp-content\/uploads\/2020\/01\/team_carrosserie_villeneuve-768x512.jpg 768w, https:\/\/www.amag-group.ch\/blog\/wp-content\/uploads\/2020\/01\/team_carrosserie_villeneuve-720x480.jpg 720w\" sizes=\"(max-width: 1920px) 100vw, 1920px\" \/><\/a><p id=\"caption-attachment-17502\" class=\"wp-caption-text\">Das Team der Carrosserie AMAG Villeneuve unter der Leitung von Francesco Di Tria (f\u00fcnfter von rechts). Ganz rechts: Nicolas Corth\u00e9sy, Leiter Serviceberatung AMAG St-L\u00e9gier.<\/p><\/div>\n<h2>Weitere Artikel auf dem Blog zum Thema Technologie &amp; Innovation:<\/h2>\n<p><span style=\"text-decoration: underline;\"><a href=\"https:\/\/www.amag-group.ch\/blog\/service-cam-fahrzeugservice-im-digitalen-zeitalter\/\" target=\"_blank\" rel=\"noopener\">\u00abService Cam\u00bb \u2013 Fahrzeugservice im digitalen Zeitalter<\/a><\/span><br \/>\n<span style=\"text-decoration: underline;\"><a href=\"https:\/\/www.amag-group.ch\/blog\/autonomes-fahren-von-damals-bis-heute\/\" target=\"_blank\" rel=\"noopener\">Autonomes Fahren von damals bis heute<\/a><\/span><br \/>\n<span style=\"text-decoration: underline;\"><a href=\"https:\/\/www.amag-group.ch\/blog\/fahrzeugassistenzsysteme-wie-sicher-sind-wir-unterwegs\/\" target=\"_blank\" rel=\"noopener\">Fahrzeugassistenzsysteme: Wie sicher sind wir unterwegs?<\/a><strong><br \/>\n<\/strong><a href=\"https:\/\/www.amag-group.ch\/blog\/datenschutz-und-sicherheit-bei-modernen-autos\/\" target=\"_blank\" rel=\"noopener\">Datenschutz und -sicherheit bei modernen Autos<\/a><strong><br \/>\n<\/strong><a href=\"https:\/\/www.amag-group.ch\/blog\/abo-modelle-im-automobilbereich-eine-antwort-auf-veraenderte-kundenbeduerfnisse\/\" target=\"_blank\" rel=\"noopener\">Abo-Modelle im Automobilbereich<\/a><strong><br \/>\n<\/strong><a href=\"https:\/\/www.amag-group.ch\/blog\/kuenstliche-intelligenz-die-zukunft-lernt-selbststaendig\/\" target=\"_blank\" rel=\"noopener\">K\u00fcnstliche Intelligenz: Die Zukunft lernt selbstst\u00e4ndig<\/a><strong><br \/>\n<\/strong><a href=\"https:\/\/www.amag-group.ch\/blog\/elektroauto-laden-wie-funktioniert-das\/\" target=\"_blank\" rel=\"noopener\">Elektroauto laden: Wie funktioniert das?<\/a><\/span><\/p>\n<p><a href=\"https:\/\/www.amag-group.ch\/blog\/category\/technologie_innovation\/\" target=\"_blank\" rel=\"noopener\"><span style=\"text-decoration: underline;\">Mehr Artikel zum Thema Technologie &amp; Innovation<\/span><\/a><\/p>\n","protected":false},"excerpt":{"rendered":"<p>Wer heute eine Dienstleistung in Anspruch nimmt, m\u00f6chte dies so einfach und schnell wie m\u00f6glich tun. Denn nichts ist l\u00e4stiger, als Termine zu koordinieren und unn\u00f6tig Zeit zu verlieren. Die AMAG Betriebe Villeneuve, Vevey und St-L\u00e9gier haben das erkannt und bieten ihren Kunden eine unkomplizierte Abwicklung von Schadensf\u00e4llen an. Per Skype k\u00f6nnen die Kunden die Schadensabwicklung komplett an die Carrosserie AMAG Villeneuve \u00fcbergeben.<\/p>\n","protected":false},"author":55,"featured_media":17496,"comment_status":"open","ping_status":"open","sticky":false,"template":"","format":"standard","meta":{"_acf_changed":false,"inline_featured_image":false,"footnotes":""},"categories":[1239],"tags":[],"class_list":["post-17456","post","type-post","status-publish","format-standard","has-post-thumbnail","hentry","category-tipps-und-tricks-von-dr-amag"],"acf":[],"_links":{"self":[{"href":"https:\/\/www.amag-group.ch\/blog\/wp-json\/wp\/v2\/posts\/17456","targetHints":{"allow":["GET"]}}],"collection":[{"href":"https:\/\/www.amag-group.ch\/blog\/wp-json\/wp\/v2\/posts"}],"about":[{"href":"https:\/\/www.amag-group.ch\/blog\/wp-json\/wp\/v2\/types\/post"}],"author":[{"embeddable":true,"href":"https:\/\/www.amag-group.ch\/blog\/wp-json\/wp\/v2\/users\/55"}],"replies":[{"embeddable":true,"href":"https:\/\/www.amag-group.ch\/blog\/wp-json\/wp\/v2\/comments?post=17456"}],"version-history":[{"count":0,"href":"https:\/\/www.amag-group.ch\/blog\/wp-json\/wp\/v2\/posts\/17456\/revisions"}],"wp:featuredmedia":[{"embeddable":true,"href":"https:\/\/www.amag-group.ch\/blog\/wp-json\/wp\/v2\/media\/17496"}],"wp:attachment":[{"href":"https:\/\/www.amag-group.ch\/blog\/wp-json\/wp\/v2\/media?parent=17456"}],"wp:term":[{"taxonomy":"category","embeddable":true,"href":"https:\/\/www.amag-group.ch\/blog\/wp-json\/wp\/v2\/categories?post=17456"},{"taxonomy":"post_tag","embeddable":true,"href":"https:\/\/www.amag-group.ch\/blog\/wp-json\/wp\/v2\/tags?post=17456"}],"curies":[{"name":"wp","href":"https:\/\/api.w.org\/{rel}","templated":true}]}}