{"id":16737,"date":"2019-11-11T07:58:12","date_gmt":"2019-11-11T06:58:12","guid":{"rendered":"https:\/\/www.amag-group.ch\/blog\/?p=16737"},"modified":"2019-11-28T10:00:49","modified_gmt":"2019-11-28T09:00:49","slug":"mitarbeitende-im-fokus-charles-aeby","status":"publish","type":"post","link":"https:\/\/www.amag-group.ch\/blog\/mitarbeitende-im-fokus-charles-aeby\/","title":{"rendered":"Mitarbeitende im Fokus: Charles Aeby"},"content":{"rendered":"<h4>Wenn du dem 14-j\u00e4hrigen Charles Aeby zwei Ratschl\u00e4ge geben m\u00fcsstest, welche w\u00e4ren das?<\/h4>\n<p>Sei ehrlich, anst\u00e4ndig und vor allem gl\u00fccklich! Gib immer alles!<br \/>\nMach was dir gef\u00e4llt und verschaff dir die Mittel, um eine breite Ausbildung in den Bereichen zu absolvieren, die dich interessieren. Arbeite hart, um deine Ziele und Tr\u00e4ume zu erreichen!<br \/>\nSei ehrgeizig und vergiss nicht, anderen zu helfen und\u00a0Gutes zu tun.<\/p>\n<h4>Welche Aufgaben sind mit der Rolle als \u00abGesch\u00e4ftsf\u00fchrer HUB Vaud\u00bb verbunden?<\/h4>\n<p>Es gibt viele, aber zwei sind besonders wichtig:<\/p>\n<ol>\n<li>Mit meinen Teams sicherstellen, dass jeder Kunde, der uns besucht, das Gesch\u00e4ft begeistert und mit dem Gef\u00fchl verl\u00e4sst, dass wir seine Bed\u00fcrfnisse wirklich verstanden haben und dass er perfekt bedient wurde. Das Team soll einen netten und professionellen Eindruck hinterlassen!<\/li>\n<li>Zweitens daf\u00fcr sorgen, dass sich meine Teams stetig weiterentwickeln und jeden Tag gerne in den Betrieb\u00a0kommen.<\/li>\n<\/ol>\n<h4>Was gef\u00e4llt dir an deiner Arbeit am besten?<\/h4>\n<p>Der direkte Kundenkontakt und\u00a0mit meinen\u00a0Arbeiskollegen zusammen zu sein. Die Vielfalt der Themen,\u00a0denn\u00a0diese\u00a0wechseln alle zwei Minuten. Gemeinsam L\u00f6sungen finden, um uns zu verbessern, Konflikte so zu l\u00f6sen, dass jeder seinen Platz findet und sein Potenzial entfalten kann.<img decoding=\"async\" class=\"alignright size-medium wp-image-16747\" src=\"https:\/\/www.amag-group.ch\/blog\/wp-content\/uploads\/2019\/11\/Ch.-Aeby_5-276x414.jpg\" alt=\"\" width=\"276\" height=\"414\" srcset=\"https:\/\/www.amag-group.ch\/blog\/wp-content\/uploads\/2019\/11\/Ch.-Aeby_5-276x414.jpg 276w, https:\/\/www.amag-group.ch\/blog\/wp-content\/uploads\/2019\/11\/Ch.-Aeby_5-768x1152.jpg 768w, https:\/\/www.amag-group.ch\/blog\/wp-content\/uploads\/2019\/11\/Ch.-Aeby_5.jpg 1280w\" sizes=\"(max-width: 276px) 100vw, 276px\" \/><\/p>\n<h4>Wie sieht deine bisherige Berufslaufbahn aus?<\/h4>\n<p>11 Jahre Lehrer f\u00fcr Jugendliche von 10 bis 12 Jahren, 26 Jahre bei Michelin in der Schweiz, Deutschland und Frankreich und bereits 4 Jahre bei der AMAG. Eine grosse Vielfalt an Berufen, Begegnungen, Kulturen, Erfolgen und Schwierigkeiten, die mich zu dem machen, was ich heute bin.<\/p>\n<h4>Was w\u00fcrdest du deinem besten Freund \u00fcber die AMAG sagen?<\/h4>\n<p>Ein Unternehmen mit einer beeindruckenden Geschichte und professionellem Service, das immer in Bewegung ist, um seine Zukunft zu sichern und die Erwartungen seiner Kunden zu erf\u00fcllen, indem es die besten Angebote auf dem Markt in Bezug auf Mobilit\u00e4t bietet.<\/p>\n<h4>Was machst du, wenn du nicht arbeitest?<\/h4>\n<p>Ich verbringe Zeit mit meiner Familie und meinen Freunden. Aber ich bewege mich auch viel \u2013 ich \u00fcbe verschiedene Sportarten aus (Wandern, Tennis, Schwimmen, Skifahren). Meine Frau und ich gehen oft an Veranstaltungen (Theater, Tanzvorstellungen, Konzerte, Basketball- und Eishockeyspiele). Lesen (in Form von H\u00f6rb\u00fcchern im Auto und sonst auf meinem Tablett) nimmt den Rest meiner Zeit in Anspruch.<\/p>\n<h4>Was ich noch sagen m\u00f6chte<\/h4>\n<p>Ich mag das \u00abDigitale\u00bb und bin ein bisschen ein Geek. Zum Beispiel habe ich praktisch keine Papiere mehr bei der Arbeit und zuhause &#8230; ABER wir sollten darauf achten, nicht s\u00fcchtig zu werden, nicht Tag und Nacht, am Wochenende und w\u00e4hrend der Ferien st\u00e4ndig online zu sein. Es ist wichtig, ein Gleichgewicht zu finden und\u00a0die menschlichen Beziehungen nicht zu vernachl\u00e4ssigen. Zu viele Menschen sind \u00fcberarbeitet, frustriert, unzufrieden und landen manchmal sogar im Burn-out, weil sie zu vernetzt sind und sich nicht die Zeit nehmen, sich zwischen intensiven Arbeitsphasen effektiv zu entspannen.<\/p>\n<p><img decoding=\"async\" class=\"aligncenter size-medium wp-image-16744\" src=\"https:\/\/www.amag-group.ch\/blog\/wp-content\/uploads\/2019\/11\/Ch.-Aeby_3-552x414.jpg\" alt=\"\" width=\"552\" height=\"414\" srcset=\"https:\/\/www.amag-group.ch\/blog\/wp-content\/uploads\/2019\/11\/Ch.-Aeby_3-552x414.jpg 552w, https:\/\/www.amag-group.ch\/blog\/wp-content\/uploads\/2019\/11\/Ch.-Aeby_3-768x576.jpg 768w, https:\/\/www.amag-group.ch\/blog\/wp-content\/uploads\/2019\/11\/Ch.-Aeby_3.jpg 1920w\" sizes=\"(max-width: 552px) 100vw, 552px\" \/>Ich sehe es jeden Tag in \u00abmeinen\u00bb\u00a0Betrieben und bei meinen Freunden. Um kreativ, unternehmerisch und gl\u00fccklich zu sein, braucht man Phasen der Erholung, ein reales Leben ausserhalb der Arbeit. Das ist heute ein Thema, das die ganze Gesellschaft besch\u00e4ftigt, und wir haben als Manager und Arbeitgeber tragen eine grosse Verantwortung in dieser Angelegenheit.<\/p>\n","protected":false},"excerpt":{"rendered":"<p>Charles Aeby ist seit anfangs August 2015 bei der AMAG dabei und als Vertriebsverbundleiter des Kantons Waadt f\u00fcr mehrere Betriebe verantwortlich. Welche Aufgaben der ehemalige Lehrer tagt\u00e4glich zu bew\u00e4ltigen hat und wie sich diese alle zwei Minuten \u00e4ndern, erz\u00e4hlt er im folgenden Interview.<\/p>\n","protected":false},"author":40,"featured_media":16750,"comment_status":"open","ping_status":"open","sticky":false,"template":"","format":"standard","meta":{"_acf_changed":false,"inline_featured_image":false,"footnotes":""},"categories":[1230],"tags":[],"class_list":["post-16737","post","type-post","status-publish","format-standard","has-post-thumbnail","hentry","category-jobs-karriere"],"acf":[],"_links":{"self":[{"href":"https:\/\/www.amag-group.ch\/blog\/wp-json\/wp\/v2\/posts\/16737","targetHints":{"allow":["GET"]}}],"collection":[{"href":"https:\/\/www.amag-group.ch\/blog\/wp-json\/wp\/v2\/posts"}],"about":[{"href":"https:\/\/www.amag-group.ch\/blog\/wp-json\/wp\/v2\/types\/post"}],"author":[{"embeddable":true,"href":"https:\/\/www.amag-group.ch\/blog\/wp-json\/wp\/v2\/users\/40"}],"replies":[{"embeddable":true,"href":"https:\/\/www.amag-group.ch\/blog\/wp-json\/wp\/v2\/comments?post=16737"}],"version-history":[{"count":0,"href":"https:\/\/www.amag-group.ch\/blog\/wp-json\/wp\/v2\/posts\/16737\/revisions"}],"wp:featuredmedia":[{"embeddable":true,"href":"https:\/\/www.amag-group.ch\/blog\/wp-json\/wp\/v2\/media\/16750"}],"wp:attachment":[{"href":"https:\/\/www.amag-group.ch\/blog\/wp-json\/wp\/v2\/media?parent=16737"}],"wp:term":[{"taxonomy":"category","embeddable":true,"href":"https:\/\/www.amag-group.ch\/blog\/wp-json\/wp\/v2\/categories?post=16737"},{"taxonomy":"post_tag","embeddable":true,"href":"https:\/\/www.amag-group.ch\/blog\/wp-json\/wp\/v2\/tags?post=16737"}],"curies":[{"name":"wp","href":"https:\/\/api.w.org\/{rel}","templated":true}]}}