{"id":16135,"date":"2019-09-26T10:00:58","date_gmt":"2019-09-26T08:00:58","guid":{"rendered":"https:\/\/www.amag-group.ch\/blog\/?p=16135"},"modified":"2025-03-24T08:13:55","modified_gmt":"2025-03-24T07:13:55","slug":"wie-sieht-die-zukunft-der-mobilitaet-aus","status":"publish","type":"post","link":"https:\/\/www.amag-group.ch\/blog\/wie-sieht-die-zukunft-der-mobilitaet-aus\/","title":{"rendered":"Wie sieht die Zukunft der Mobilit\u00e4t aus?"},"content":{"rendered":"<p>Die sogenannten \u00abMegatrends\u00bb wie Bev\u00f6lkerungswachstum, Individualisierung, Urbanisierung und Digitalisierung beeinflussen die Entwicklung und Zukunft der Mobilit\u00e4t massgeblich. Mehr Menschen, die mehr Platz ben\u00f6tigen. Dies stellt hohe Anforderungen an Wohnraum und Verkehrsinfrastruktur. Mit dem Bev\u00f6lkerungswachstum steigt auch der Mobilit\u00e4tsbedarf. Die Urbanisierung beschreibt die Verlagerung des Wohnraums in Richtung St\u00e4dte. Studien gehen von einer Verdichtung um 30 Prozent bis 2030 aus. Somit wird die Mobilit\u00e4t von der Agglomeration in die Stadt immer wichtiger. Die Individualisierung f\u00fchrt dazu, dass sich auch die Mobilit\u00e4t den pers\u00f6nlichen W\u00fcnschen und Vorstellungen anpassen muss. Der Pendler will ein Fortbewegungsmittel f\u00fcr jede Lebenslage und das zu der gew\u00fcnschten Zeit. Dies f\u00fchrt zu kombinierten, immer komplexeren Angeboten. Schlussendlich bietet die Digitalisierung viele neue M\u00f6glichkeiten in der Mobilit\u00e4t, zum Beispiel durch die Vernetzung von Fahrzeugen (Entwicklungen im Bereich Internet of Things).<\/p>\n<p>Das AMAG Innovation &amp; Venture LAB hat sich mit der Zukunft der Mobilit\u00e4t auseinandergesetzt und verschiedene Studien verglichen:<\/p>\n<h3><strong>2-Rad vs. 4-Rad<\/strong><\/h3>\n<p>Das Auto bleibt ein zentrales Fortbewegungsmittel, da es einen Wohlstand darstellt, auf den nicht verzichtet werden will. Jedoch nimmt die Wichtigkeit des Besitzens eines Autos ab: Sharing und <span style=\"text-decoration: underline;\"><a href=\"https:\/\/www.amag-group.ch\/blog\/abo-modelle-im-automobilbereich-eine-antwort-auf-veraenderte-kundenbeduerfnisse\/\" target=\"_blank\" rel=\"noopener\">Abomodell- <\/a><\/span>Angebote werden immer beliebter.<\/p>\n<p>Stark wachsen wird die Nutzung von E-Bikes und Elektroscootern. Dies k\u00f6nnen wir schon heute in den St\u00e4dten beobachten. Mit einem 2-Rad ist man wie im Auto individuell unterwegs, steht aber weniger im Stau und ist dadurch schneller am Ziel. Zeit als Luxusgut wird an Bedeutung zulegen, daf\u00fcr werden auch Komforteinbussen in Kauf genommen. Bis ins Jahr 2040 geht man davon aus, dass sich von den Agglomerationsregionen in die St\u00e4dte Radschnellwege durchsetzen werden. Das E-Bike wird dadurch in den Metropolitan-Regionen zum dominierenden Verkehrsmittel. Das Auto wird dabei nur erfolgreich bleiben, wenn es sich mit individueller Fortbewegung und \u00f6ffentlichem Verkehr verkn\u00fcpfen l\u00e4sst und somit in neue Mobilit\u00e4tskonzepte integriert wird. Im l\u00e4ndlichen Raum sieht es aber anders aus: Dort ist vor allem der intelligente Verbund mit \u00f6ffentlichem Nahverkehr zentral und daher wird dort das Auto nach wie vor eine grosse Rolle spielen.<\/p>\n<h3><strong>Besitz vs. Sharing<\/strong><\/h3>\n<p>J\u00fcngere Generationen empfinden Besitz immer mehr als B\u00fcrde, denn als Privileg. Bei einem Auto muss man sich um die Einl\u00f6sung, Versicherung und Reparaturen k\u00fcmmern. Diese \u00abProbleme\u00bb fallen beim Carsharing oder dem Autoabomodell weg. Dieser Trend wird sich noch weiter verst\u00e4rken. Beispielsweise gehen Studien bis 2025 von einem weltweiten Marktwachstum von 34.5 Prozent im Car-Sharing (inkl. Ride-Sharing wie Carpooling und On-Demand Ride-Hailing wie beispielsweise Uber) aus. Auch autonome Fahrzeuge werden weniger besessen als vielmehr geteilt werden. Hier stellt sich die Frage f\u00fcr die Zukunft: Wenn immer weniger Menschen noch besitzen wollen, wer wird sich als Besitzer\/Anbieter der Fahrzeuge positionieren? Hier ergeben sich viele interessante neue Gesch\u00e4ftsmodelle.<\/p>\n<h3><strong>Flying Robotaxis<\/strong><\/h3>\n<p>Obwohl dieses Thema noch in weiter Ferne liegt, und die Kommerzialisierung noch eine Weile dauern wird, so geht man in den meisten Studien davon aus, dass dieses Transportmittel die Mobilit\u00e4t der Zukunft immens pr\u00e4gen und ver\u00e4ndern wird. Die wichtigsten Akteure in der Luft- und Raumfahrt sowie im Transportwesen arbeiten bereits zusammen und setzen auf diese Technologie. So plant beispielsweise <span style=\"text-decoration: underline;\"><a href=\"https:\/\/www.uber.com\/ch\/de\/elevate\/uberair\/\" target=\"_blank\" rel=\"noopener\">UberAir<\/a><\/span> bis 2020 den Marktstart von fliegenden Taxis in Dallas und Los Angeles, anschliessend soll die internationale Ausrollung starten. Bis im Jahr 2030 rechnet man, dass sich die traditionellen Taxi-Services am Boden global halbieren werden. Und bis 2040 ist breite Etablierung der \u00abflying electric Roboshuttles\u00bb global zu erwarten, die haupts\u00e4chlich im Bereich Passagier- aber auch Logistikfl\u00fcge eingesetzt werden. Die gr\u00f6ssten aktuellen Hemmer sind gesetzliche Vorlagen und die technischen M\u00f6glichkeiten.<\/p>\n<div id=\"attachment_16141\" style=\"width: 1210px\" class=\"wp-caption aligncenter\"><a class=\"fancybox-link\" href=\"https:\/\/www.amag-group.ch\/blog\/wp-content\/uploads\/2019\/09\/uber_air.jpg\"><img decoding=\"async\" aria-describedby=\"caption-attachment-16141\" class=\"size-full wp-image-16141\" src=\"https:\/\/www.amag-group.ch\/blog\/wp-content\/uploads\/2019\/09\/uber_air.jpg\" alt=\"Ein Uber Robotaxi auf einer Landefl\u00e4che.\" width=\"1200\" height=\"800\" srcset=\"https:\/\/www.amag-group.ch\/blog\/wp-content\/uploads\/2019\/09\/uber_air.jpg 1200w, https:\/\/www.amag-group.ch\/blog\/wp-content\/uploads\/2019\/09\/uber_air-620x414.jpg 620w, https:\/\/www.amag-group.ch\/blog\/wp-content\/uploads\/2019\/09\/uber_air-768x512.jpg 768w, https:\/\/www.amag-group.ch\/blog\/wp-content\/uploads\/2019\/09\/uber_air-720x480.jpg 720w\" sizes=\"(max-width: 1200px) 100vw, 1200px\" \/><\/a><p id=\"caption-attachment-16141\" class=\"wp-caption-text\">UberAir will 2020 in Dallas und Los Angeles starten. Bildquelle: Uber<\/p><\/div>\n<h3><strong>Mobility as a Service (MaaS)<\/strong><\/h3>\n<p>Trumpf wird es in Zukunft sein, die verschiedenen Mobilit\u00e4tsformen miteinander zu kombinieren und aus einer Hand anbieten zu k\u00f6nnen. Genau das beschreibt der Begriff \u00abMobility as a Service\u00bb. Die effiziente Nutzung bestehender Infrastruktur ist zentral f\u00fcr die St\u00e4dte der Zukunft. Hier kann MaaS einen entscheidenden Beitrag leisten. Die Herausforderung liegt darin, die unterschiedlichen Anbieter der Mobilit\u00e4t zu koordinieren und dem Benutzer eine kundenfreundliche Anwendung zur Verf\u00fcgung zu stellen. Etablieren wird sich der Anbieter, der es schafft die beste Abdeckung \u00fcber mehrere Mobilit\u00e4tsformen und -anbieter zu schaffen.<\/p>\n<h3><strong>Autonomes Fahren<\/strong><\/h3>\n<p>In den n\u00e4chsten Jahren werden vermehrt kommerzielle Pilotanwendungen mit selbstfahrenden Autos in gesch\u00fctzten Arealen durchgef\u00fchrt. Bis 2030 geht man davon aus, dass sich autonome Taxiflotten immer mehr etablieren werden. Hier stellen sich Fragen nach Sicherheit, Steuerung des Verkehrsflusses und rechtlichen Aspekten. Ab 2040 wird es <a href=\"https:\/\/www.amag-group.ch\/blog\/autonomes-fahren-von-damals-bis-heute\/\" target=\"_blank\" rel=\"noopener\"><span style=\"text-decoration: underline;\">autonome Shuttles in den St\u00e4dten und Ballungsr\u00e4umen<\/span><\/a> geben. Vor allem das Sharing von autonomen Fahrzeugen wird sich durchsetzen.<\/p>\n<div id=\"attachment_16144\" style=\"width: 760px\" class=\"wp-caption aligncenter\"><a class=\"fancybox-link\" href=\"https:\/\/www.amag-group.ch\/blog\/wp-content\/uploads\/2019\/09\/vw_sedric.jpg\"><img decoding=\"async\" aria-describedby=\"caption-attachment-16144\" class=\"size-full wp-image-16144\" src=\"https:\/\/www.amag-group.ch\/blog\/wp-content\/uploads\/2019\/09\/vw_sedric.jpg\" alt=\"Bild von einem VW Sedric.\" width=\"750\" height=\"500\" srcset=\"https:\/\/www.amag-group.ch\/blog\/wp-content\/uploads\/2019\/09\/vw_sedric.jpg 750w, https:\/\/www.amag-group.ch\/blog\/wp-content\/uploads\/2019\/09\/vw_sedric-620x414.jpg 620w, https:\/\/www.amag-group.ch\/blog\/wp-content\/uploads\/2019\/09\/vw_sedric-720x480.jpg 720w\" sizes=\"(max-width: 750px) 100vw, 750px\" \/><\/a><p id=\"caption-attachment-16144\" class=\"wp-caption-text\">Der Sedric von Volkswagen vereint vollautonomes Fahren auf Level 5, Elektrifizierung und digitale Vernetzung.<\/p><\/div>\n<h3><strong>Technologische Entwicklungen<\/strong><\/h3>\n<p>Die technologischen Fortschritte machen auch im Mobilit\u00e4tsbereich immer mehr m\u00f6glich. Connected Mobility f\u00fchrt in der Zukunft zu fl\u00fcssigerem Verkehr, weniger CO2 Ausstoss und einer Optimierung der Verkehrsauslastung. Die Vehicle-to-Infrastructure-Technologie (V2I) wird es Autos erm\u00f6glichen, Verkehrssignale wie rote Ampeln etc. zu erkennen und selbstst\u00e4ndig zu handeln. So soll es zum Beispiel m\u00f6glich sein, dass ein Auto v\u00f6llig selbstst\u00e4ndig in ein Parkhaus einf\u00e4hrt und parkiert. Jedoch stehen hier Limitationen bez\u00fcglich <a href=\"https:\/\/www.amag-group.ch\/blog\/das-gute-gewissen-beim-autonomen-fahren\/\" target=\"_blank\" rel=\"noopener\"><span style=\"text-decoration: underline;\">rechtlicher und ethischer Rahmenbedingungen<\/span><\/a> im Raum.<\/p>\n<h3><strong>Fazit: Ver\u00e4nderungen kommen nicht von heute auf morgen<\/strong><\/h3>\n<p>Die Ver\u00e4nderungen in der Mobilit\u00e4t werden langsam und fliessend erfolgen. Es wird in den n\u00e4chsten Jahrzehnten eine Parallelit\u00e4t zwischen Fahrzeugbesitz und Fahrzeugnutzung, zwischen manuellem und autonomem Fahren und zwischen Verbrennungs- und Elektromotor geben. Dieser Wandel muss dabei von Politik, Wirtschaft und Gesellschaft aktiv begleitet werden. Die politische Herausforderung liegt dabei in der wettbewerblichen Erm\u00f6glichung von Plattformen und ihrer Aufsicht, Datenregelung, Transparenz und Verhinderung von Marktmissbrauch. Im Moment fehlen noch viele gesetzliche Grundlagen. Aus wirtschaftlicher Sicht geht es f\u00fcr Firmen darum, L\u00f6sungen zu finden, die auch rentabel sind. Zudem muss auch die Gesellschaft einen Weg finden, die neuen Mobilit\u00e4tsformen in den Alltag zu integrieren.<\/p>\n<p>Philipp Wetzel, Managing Director des AMAG Innovation &amp; Venture LAB, spricht im Video , das nach dem Event \u00abWhat\u2019s new?\u00bb* im <span style=\"text-decoration: underline;\"><a href=\"https:\/\/www.e-hub.swiss\/e-hub\/pages\/e-tron-experience-center-zuerich-utoquai-informationen\/\" target=\"_blank\" rel=\"noopener\">Audi e-tron experience center<\/a><\/span> in Z\u00fcrich gef\u00fchrt wurde, \u00fcber die Zukunftsszenarien der Mobilit\u00e4t:<\/p>\n<p><iframe src=\"https:\/\/media10.simplex.tv\/content\/800\/918\/125872\/?embed=1\" width=\"640\" height=\"360\" frameborder=\"0\" scrolling=\"no\" allowfullscreen=\"allowfullscreen\"><\/iframe><\/p>\n<p><em>* What\u2019s new?: Es handelt sich hierbei um eine interne Veranstaltungsreihe, die sich den Trends und den Zukunftsszenarien im Bereich Mobilit\u00e4t widmet. Veranstalter ist das AMAG Innovation &amp; Venture LAB.<\/em><\/p>\n<h2><strong>Weitere Artikel auf dem Blog zum Thema Technologie &amp; Innovation:<\/strong><\/h2>\n<p><span style=\"text-decoration: underline;\"><a href=\"https:\/\/www.amag-group.ch\/blog\/amag-mobility-solutions\/\" target=\"_blank\" rel=\"noopener\">AMAG Mobility Solutions \u2013 Mobilit\u00e4tsl\u00f6sungen f\u00fcr Wohnsiedlungen und Firmenstandorte<\/a><\/span><br \/>\n<span style=\"text-decoration: underline;\"><a href=\"https:\/\/www.amag-group.ch\/blog\/autonomes-fahren-von-damals-bis-heute\/\" target=\"_blank\" rel=\"noopener\">Autonomes Fahren von damals bis heute<\/a><\/span><br \/>\n<span style=\"text-decoration: underline;\"><a href=\"https:\/\/www.amag-group.ch\/blog\/fahrzeugassistenzsysteme-wie-sicher-sind-wir-unterwegs\/\" target=\"_blank\" rel=\"noopener\">Fahrzeugassistenzsysteme: Wie sicher sind wir unterwegs?<\/a><strong><br \/>\n<\/strong><a href=\"https:\/\/www.amag-group.ch\/blog\/datenschutz-und-sicherheit-bei-modernen-autos\/\" target=\"_blank\" rel=\"noopener\">Datenschutz und -sicherheit bei modernen Autos<\/a><strong><br \/>\n<\/strong><a href=\"https:\/\/www.amag-group.ch\/blog\/das-gute-gewissen-beim-autonomen-fahren\/\" target=\"_blank\" rel=\"noopener\">Das gute Gewissen beim autonomen Fahren<\/a><strong><br \/>\n<\/strong><a href=\"https:\/\/www.amag-group.ch\/blog\/wie-koennen-selbstfahrende-autos-sehen\/\" target=\"_blank\" rel=\"noopener\">Wie k\u00f6nnen selbstfahrende Autos sehen?<\/a><strong><br \/>\n<\/strong><a href=\"https:\/\/www.amag-group.ch\/blog\/abo-modelle-im-automobilbereich-eine-antwort-auf-veraenderte-kundenbeduerfnisse\/\" target=\"_blank\" rel=\"noopener\">Abo-Modelle im Automobilbereich<\/a><strong><br \/>\n<\/strong><a href=\"https:\/\/www.amag-group.ch\/blog\/kuenstliche-intelligenz-die-zukunft-lernt-selbststaendig\/\" target=\"_blank\" rel=\"noopener\">K\u00fcnstliche Intelligenz: Die Zukunft lernt selbstst\u00e4ndig<\/a><strong><br \/>\n<\/strong><a href=\"https:\/\/www.amag-group.ch\/blog\/elektroauto-laden-wie-funktioniert-das\/\" target=\"_blank\" rel=\"noopener\">Elektroauto laden: Wie funktioniert das?<\/a><strong><br \/>\n<\/strong><a href=\"https:\/\/www.amag-group.ch\/blog\/eine-smart-city-ist-vergleichbar-mit-einem-bienenstock\/\" target=\"_blank\" rel=\"noopener\">\u00abEine Smart City ist vergleichbar mit einem Bienenstock\u00bb<\/a><\/span><\/p>\n<p><a href=\"https:\/\/www.amag-group.ch\/blog\/category\/technologie_innovation\/\" target=\"_blank\" rel=\"noopener\"><span style=\"text-decoration: underline;\">Mehr Artikel zum Thema Technologie &amp; Innovation<\/span><\/a><\/p>\n","protected":false},"excerpt":{"rendered":"<p>Fliegende Helikoptertaxis, selbstfahrende Busse und Autos in den Grossst\u00e4dten, Parkh\u00e4user, in denen die Autos automatisch einparken: Viele dieser Szenarien betreffend Mobilit\u00e4t der Zukunft werden derzeit diskutiert. Welche sind realistisch, welche noch weit entfernt?<\/p>\n","protected":false},"author":55,"featured_media":16147,"comment_status":"open","ping_status":"open","sticky":false,"template":"","format":"standard","meta":{"_acf_changed":false,"inline_featured_image":false,"footnotes":""},"categories":[9960],"tags":[],"class_list":["post-16135","post","type-post","status-publish","format-standard","has-post-thumbnail","hentry","category-moebilitaet-der-zukunft"],"acf":[],"_links":{"self":[{"href":"https:\/\/www.amag-group.ch\/blog\/wp-json\/wp\/v2\/posts\/16135","targetHints":{"allow":["GET"]}}],"collection":[{"href":"https:\/\/www.amag-group.ch\/blog\/wp-json\/wp\/v2\/posts"}],"about":[{"href":"https:\/\/www.amag-group.ch\/blog\/wp-json\/wp\/v2\/types\/post"}],"author":[{"embeddable":true,"href":"https:\/\/www.amag-group.ch\/blog\/wp-json\/wp\/v2\/users\/55"}],"replies":[{"embeddable":true,"href":"https:\/\/www.amag-group.ch\/blog\/wp-json\/wp\/v2\/comments?post=16135"}],"version-history":[{"count":1,"href":"https:\/\/www.amag-group.ch\/blog\/wp-json\/wp\/v2\/posts\/16135\/revisions"}],"predecessor-version":[{"id":31793,"href":"https:\/\/www.amag-group.ch\/blog\/wp-json\/wp\/v2\/posts\/16135\/revisions\/31793"}],"wp:featuredmedia":[{"embeddable":true,"href":"https:\/\/www.amag-group.ch\/blog\/wp-json\/wp\/v2\/media\/16147"}],"wp:attachment":[{"href":"https:\/\/www.amag-group.ch\/blog\/wp-json\/wp\/v2\/media?parent=16135"}],"wp:term":[{"taxonomy":"category","embeddable":true,"href":"https:\/\/www.amag-group.ch\/blog\/wp-json\/wp\/v2\/categories?post=16135"},{"taxonomy":"post_tag","embeddable":true,"href":"https:\/\/www.amag-group.ch\/blog\/wp-json\/wp\/v2\/tags?post=16135"}],"curies":[{"name":"wp","href":"https:\/\/api.w.org\/{rel}","templated":true}]}}