{"id":16028,"date":"2019-09-10T09:23:03","date_gmt":"2019-09-10T07:23:03","guid":{"rendered":"https:\/\/www.amag-group.ch\/blog\/?p=16028"},"modified":"2019-09-24T09:14:13","modified_gmt":"2019-09-24T07:14:13","slug":"mitarbeitende-im-fokus-marco-salza","status":"publish","type":"post","link":"https:\/\/www.amag-group.ch\/blog\/mitarbeitende-im-fokus-marco-salza\/","title":{"rendered":"Mitarbeitende im Fokus: Marco Salza"},"content":{"rendered":"<p>\u00abIch bin da so reingerutscht\u00bb, erkl\u00e4rt Marco Salza mit einem leichten Schulterzucken. Der 29-j\u00e4hrige gelernte Automechaniker arbeitet seit vier Jahren in Schlieren in der Classic-Werkstatt im Porschezentrum Z\u00fcrich in Schlieren. Nach seiner Lehre als Automechaniker (Leichte Motorwagen) ging er direkt ins Milit\u00e4r. Anschliessend war er wiederum f\u00fcr ein Jahr als Lastwagenfahrer in der ganzen Schweiz unterwegs. Bis es ihn reizte, wieder in seinen angelehrten Beruf zur\u00fcckzukehren. Er bekam 2013 eine Stelle als Automechaniker in der AMAG Zug und kam so in die Porsche-Familie rein. Dort half er gelegentlich einem Mechaniker aus, der \u00e4ltere Fahrzeuge reparierte \u2013 an welchen noch kein Diagnoseger\u00e4t angeschlossen werden konnte. \u00abNiemand sonst wollte mit diesen Autos arbeiten. Wahrscheinlich war es ihnen zu heikel oder zu umst\u00e4ndlich. Es kann lange dauern, bis man herausgefunden hat, wo der Fehler ist und ihn dann auch behoben hat.\u00bb. Marco faszinierte jedoch die alte Mechanik, die dahintersteckt, und schaute immer wieder zu und half, wo er konnte. Bis er dann vor vier Jahren zu Porsche nach Schlieren wechselte, hatte er bereits viel \u00fcber die klassischen Autos gelernt.<\/p>\n<div id=\"attachment_16040\" style=\"width: 435px\" class=\"wp-caption alignright\"><a class=\"fancybox-link\" href=\"https:\/\/www.amag-group.ch\/blog\/wp-content\/uploads\/2019\/09\/Restauration-19-4.jpg\"><img decoding=\"async\" aria-describedby=\"caption-attachment-16040\" class=\"wp-image-16040 size-medium\" src=\"https:\/\/www.amag-group.ch\/blog\/wp-content\/uploads\/2019\/09\/Restauration-19-4-425x414.jpg\" alt=\"\" width=\"425\" height=\"414\" srcset=\"https:\/\/www.amag-group.ch\/blog\/wp-content\/uploads\/2019\/09\/Restauration-19-4-425x414.jpg 425w, https:\/\/www.amag-group.ch\/blog\/wp-content\/uploads\/2019\/09\/Restauration-19-4-768x749.jpg 768w, https:\/\/www.amag-group.ch\/blog\/wp-content\/uploads\/2019\/09\/Restauration-19-4.jpg 1330w\" sizes=\"(max-width: 425px) 100vw, 425px\" \/><\/a><p id=\"caption-attachment-16040\" class=\"wp-caption-text\">Porsche Classic Mechaniker Marco Salza im Motorraum eines\u00a0911S Targa von 1972<\/p><\/div>\n<p>Porsche hat eine eigene Definition f\u00fcr \u00abClassic\u00bb: Alle Porsche, deren Serienproduktion in der Regel vor mindestens zehn Jahren ausgelaufen ist, gelten als \u00abClassic\u00bb. F\u00fcr Marco hingegen sind nach wie vor haupts\u00e4chlich die luftgek\u00fchlten Porsche Classics. Jene Fahrzeuge, die nach der Porsche-Definition zu Classics geh\u00f6ren, k\u00f6nnen auch j\u00fcnger sein und geh\u00f6ren f\u00fcr Marco von der Technik her eher zu den modernen Autos. So oder so sind die Porsche Classic-Cars eine Herzensangelegenheit. So mancher Blick wird sanft und liebevoll beim Anblick eines 911-ers, so mancher Bubentraum kommt wieder hoch. Umso gr\u00f6sser ist die Leidenschaft bei jenen, die sich diesen Traum erf\u00fcllt haben. \u00abDas macht mir besonders Spass bei der Arbeit: Ich arbeite viel enger mit den Kunden zusammen. Sie sind wirklich interessiert daran, wer an ihrem Auto arbeitet und was genau gemacht wird. Da sind weder Fahrzeuge noch die Mechaniker einfach nur Nummern.\u00bb, erkl\u00e4rt Salza. Auch darum sei es f\u00fcr ihn mehr ein Hobby als Beruf. Das Porschezentrum Z\u00fcrich hat diese Leidenschaft gesp\u00fcrt und im M\u00e4rz 2018 eine <span style=\"text-decoration: underline;\"><a href=\"http:\/\/www.porsche-zuerich.ch\/porsche\/Schlieren\/de\/Classic\/ClassicKompetenz.html\">Classic-Werkstatt<\/a><\/span> er\u00f6ffnet. Marco Salza arbeitet dort zusammen mit Ruedi Brack, Beni Grimm und Pero Juric. Brack war zuvor selbstst\u00e4ndig und brachte viel Know-How in die Classic-Werkstatt, das er nach und nach an Marco weitergibt.<\/p>\n<p>Marcos Wissensdurst zeigt sich auch deutlich an seinen Weiterbildungen: Er ist zertifizierter Porsche Techniker Silber-Level wie auch zertifizierter Porsche Classic Techniker. Dies sind beides Porsche-interne Weiter- und Ausbildungen, die er sich erarbeitet hat. Seit Januar 2018 macht Marco eine Ausbildung zum Fahrzeugrestaurator. Diese Schule ist markenunabh\u00e4ngig. Dadurch lernt er viele verschiedene Mechaniker aus der ganzen Schweiz kennen. \u00abDie Classic-Car Branche ist ein riesiges Netzwerk\u00bb, erkl\u00e4rt Marco mit einer umfassenden Geste: \u00ab\u00dcber ganz Europa und teilweise dar\u00fcber hinaus kennt fast jeder jeden \u2013 muss man auch, denn Ersatzteile und Wissen sind oftmals rar und man ist aufeinander angewiesen\u00bb.<\/p>\n<p>An Arbeit mangelt es in der Porsche Classic-Werkstatt nicht. Die Arbeit ist dabei \u00e4usserst vielf\u00e4ltig: Von Instandhaltungen \u00fcber Unterhaltsarbeiten bis zu kompletten Restaurationen ist alles dabei. Oftmals ist selbst ein \u00absimpler\u00bb Service aufw\u00e4ndiger als bei einem modernen Auto. Es muss nur eine Schraube verrostet sein oder ein Ersatzteil nicht verf\u00fcgbar. Dann muss es nicht selten von Hand hergestellt werden. \u00abEs braucht viel Geduld und Ausdauer\u00bb, meint Marco mit einem Schmunzeln. Wieso es nicht viele g\u00e4be, die mit Classic-Cars arbeiten wollen, verstehe er schon ein wenig. Es sei nichts, das man in der Lehre lernte. Die ganze Technik und Funktionsweisen m\u00fcssten neu gelernt werden. Zudem sei es auch wichtig, dass man weiss, wie man sich organisieren soll: \u00abEine Restauration kann mehrere Jahre dauern. Da du aber nicht jeden Tag immer daran arbeitest, musst du immer alles genau dokumentieren, damit du nicht vergisst, was schon gemacht worden ist und wo alle Teile sind\u00bb.<\/p>\n<p>Mitte August findet zum dritten Mal die Porsche Z\u00fcrich Classic Rallye in Gstaad statt. Diese Rallye wird vom Porschezentrum f\u00fcr Kunden und Interessierte organisiert und findet grossen Anklang. Marco hilft wie bei fast allen Anl\u00e4ssen mit und hat deshalb bereits seine Arbeitskleidung mit seiner zivilen ausgetauscht: \u00abBei diesen Anl\u00e4ssen ist man mit den Kunden unterwegs und das macht immer viel Freude\u00bb, meint er l\u00e4chelnd, setzt sein K\u00e4ppi auf und geht.<\/p>\n<hr \/>\n<h2>Weitere Artikel zum Thema<\/h2>\n<p><span style=\"text-decoration: underline;\"><a href=\"https:\/\/www.amag-group.ch\/blog\/mein-spannender-beruf-automobil-mechatroniker\/\" target=\"_blank\" rel=\"noopener\">Mein spannender Beruf: Automobil-Mechatroniker<\/a><\/span><\/p>\n<p><span style=\"text-decoration: underline;\"><a href=\"https:\/\/www.amag-group.ch\/blog\/welcomeamag-was-erwartet-neue-mitarbeitende\/\" target=\"_blank\" rel=\"noopener\">Welcome@AMAG: Was erwartet neue Mitarbeitende?<\/a><\/span><\/p>\n<p><span style=\"text-decoration: underline;\"><a href=\"https:\/\/www.amag-group.ch\/blog\/porsche-911-von-soweit-ok-zu-perfekt\/\" target=\"_blank\" rel=\"noopener\">Porsche 911: Von \u00absoweit ok\u00bb zu perfekt<\/a><\/span><\/p>\n<p><span style=\"text-decoration: underline;\"><a href=\"https:\/\/www.amag-group.ch\/blog\/70-jahre-70-ikonen-das-schweizer-porsche-buch-zum-jubilaeum\/\" target=\"_blank\" rel=\"noopener\">70 Jahre &#8211; 70 Ikonen: Das Schweizer Porsche-Buch zum Jubil\u00e4um<\/a><\/span><\/p>\n<p>&nbsp;<\/p>\n","protected":false},"excerpt":{"rendered":"<p>Er hat als Automechaniker begonnen und kam langsam in die Welt der Porsche Classic Cars. Nun arbeitet Marco Salza seit vier Jahren im Porsche Zentrum Schlieren und erz\u00e4hlt von rostigen Schrauben und wieso sein Beruf ein Hobby ist.<\/p>\n","protected":false},"author":43,"featured_media":16031,"comment_status":"open","ping_status":"open","sticky":false,"template":"","format":"standard","meta":{"_acf_changed":false,"inline_featured_image":false,"footnotes":""},"categories":[1230],"tags":[],"class_list":["post-16028","post","type-post","status-publish","format-standard","has-post-thumbnail","hentry","category-jobs-karriere"],"acf":[],"_links":{"self":[{"href":"https:\/\/www.amag-group.ch\/blog\/wp-json\/wp\/v2\/posts\/16028","targetHints":{"allow":["GET"]}}],"collection":[{"href":"https:\/\/www.amag-group.ch\/blog\/wp-json\/wp\/v2\/posts"}],"about":[{"href":"https:\/\/www.amag-group.ch\/blog\/wp-json\/wp\/v2\/types\/post"}],"author":[{"embeddable":true,"href":"https:\/\/www.amag-group.ch\/blog\/wp-json\/wp\/v2\/users\/43"}],"replies":[{"embeddable":true,"href":"https:\/\/www.amag-group.ch\/blog\/wp-json\/wp\/v2\/comments?post=16028"}],"version-history":[{"count":0,"href":"https:\/\/www.amag-group.ch\/blog\/wp-json\/wp\/v2\/posts\/16028\/revisions"}],"wp:featuredmedia":[{"embeddable":true,"href":"https:\/\/www.amag-group.ch\/blog\/wp-json\/wp\/v2\/media\/16031"}],"wp:attachment":[{"href":"https:\/\/www.amag-group.ch\/blog\/wp-json\/wp\/v2\/media?parent=16028"}],"wp:term":[{"taxonomy":"category","embeddable":true,"href":"https:\/\/www.amag-group.ch\/blog\/wp-json\/wp\/v2\/categories?post=16028"},{"taxonomy":"post_tag","embeddable":true,"href":"https:\/\/www.amag-group.ch\/blog\/wp-json\/wp\/v2\/tags?post=16028"}],"curies":[{"name":"wp","href":"https:\/\/api.w.org\/{rel}","templated":true}]}}