{"id":15932,"date":"2019-09-03T09:50:19","date_gmt":"2019-09-03T07:50:19","guid":{"rendered":"https:\/\/www.amag-group.ch\/blog\/?p=15932"},"modified":"2021-03-08T09:38:25","modified_gmt":"2021-03-08T08:38:25","slug":"mein-spannender-beruf-automobil-mechatroniker","status":"publish","type":"post","link":"https:\/\/www.amag-group.ch\/blog\/mein-spannender-beruf-automobil-mechatroniker\/","title":{"rendered":"Mein spannender Beruf: Automobil-Mechatroniker"},"content":{"rendered":"<p>Mein Name ist Anna Fuchs und ich arbeite bei der AMAG als SEM &amp; Social Media Manager. Zu meinen Hauptaufgaben geh\u00f6rt es, die Websites und Social-Media-Kan\u00e4le der AMAG Betriebe zu betreuen. Doch wie sieht der Alltag in einer Garage eigentlich aus?<\/p>\n<p>Das wollte ich unbedingt selbst erleben und bin deshalb f\u00fcr einen Tag in meine Heimat Ostschweiz zur\u00fcck und habe die AMAG Heerbrugg besucht. Dort durfte ich einen Tag lang den Automobil-Mechatroniker Stefan Giurgola begleiten.<\/p>\n<h3><strong>8.00 Uhr: Der Tag beginnt<\/strong><\/h3>\n<p>Motiviert komme ich in Heerbrugg an. Auch etwas Nostalgie versp\u00fcre ich, denn in meiner Jugend ging ich eine Zeit lang in Heerbrugg zur Schule. Ganz genau schaue ich mich um und sehe, was sich in den letzten zehn Jahren ver\u00e4ndert hat. Damals f\u00fchrte mich mein Schulweg t\u00e4glich an der AMAG Heerbrugg vorbei. Dass ich Jahre sp\u00e4ter den Betrieb im Rheintal beruflich besuche, h\u00e4tte ich damals nicht gedacht.<\/p>\n<p>Ich betrete die AMAG Heerbrugg und werde von Enrique Rubio, Betriebsleiter, begr\u00fcsst. Er f\u00fchrt mich in die<\/p>\n<div id=\"attachment_15934\" style=\"width: 562px\" class=\"wp-caption alignright\"><a class=\"fancybox-link\" href=\"https:\/\/www.amag-group.ch\/blog\/wp-content\/uploads\/2019\/08\/01_Wand_Aufgaben.jpg\"><img decoding=\"async\" aria-describedby=\"caption-attachment-15934\" class=\"size-medium wp-image-15934\" src=\"https:\/\/www.amag-group.ch\/blog\/wp-content\/uploads\/2019\/08\/01_Wand_Aufgaben-552x414.jpg\" alt=\"\" width=\"552\" height=\"414\" srcset=\"https:\/\/www.amag-group.ch\/blog\/wp-content\/uploads\/2019\/08\/01_Wand_Aufgaben-552x414.jpg 552w, https:\/\/www.amag-group.ch\/blog\/wp-content\/uploads\/2019\/08\/01_Wand_Aufgaben-768x576.jpg 768w, https:\/\/www.amag-group.ch\/blog\/wp-content\/uploads\/2019\/08\/01_Wand_Aufgaben.jpg 1920w\" sizes=\"(max-width: 552px) 100vw, 552px\" \/><\/a><p id=\"caption-attachment-15934\" class=\"wp-caption-text\">In diesen F\u00e4chern finden die Mitarbeitenden ihre Tagesaufgaben.<\/p><\/div>\n<p>Werkstatt. Dort lerne ich Hanspeter, Werkstattleiter, und Stefan kennen. Letzterer wird mir heute seinen Alltag als Automobil-Mechatroniker zeigen. Ich ziehe mir eine Latzhose \u00fcber und bin gespannt, was ich heute erleben werde.<\/p>\n<p>Stefan zeigt mir als Erstes eine Wand mit F\u00e4chern f\u00fcr alle Werkstatt-Mitarbeitenden. Dort verteilt der Werkstattleiter jeden Tag die Aufgaben, indem er Auftragsmappen in die F\u00e4cher legt. Mit jedem Auftrag erhalten die Mitarbeitenden alle wichtigen Informationen zum jeweiligen Fahrzeug.<\/p>\n<h3><strong>8.30 Uhr: Motorchecklampe und Fehlerbehebung<\/strong><\/h3>\n<p>Das erste Auto, das auf Stefans Aufgabenliste steht, ist ein Audi A3, bei dem die Motorchecklampe leuchtet. Da er sich das Fahrzeug bereits gestern kurz angesehen hat, steht es schon mit ge\u00f6ffneter Motorhaube bereit.<\/p>\n<p>Um zu erkennen, wo das Problem genau liegt, schliesst er das Diagnoseger\u00e4t ans Auto an. Dieses zeigt uns, dass die Motorchecklampe aufleuchtet, weil das Gemisch im Motor zu fett ist. Das kann mehrere Ursachen haben. Wir gehen gemeinsam die m\u00f6glichen Punkte durch<\/p>\n<div id=\"attachment_15937\" style=\"width: 562px\" class=\"wp-caption alignleft\"><a class=\"fancybox-link\" href=\"https:\/\/www.amag-group.ch\/blog\/wp-content\/uploads\/2019\/08\/02_Audi_A3.jpg\"><img decoding=\"async\" aria-describedby=\"caption-attachment-15937\" class=\"size-medium wp-image-15937\" src=\"https:\/\/www.amag-group.ch\/blog\/wp-content\/uploads\/2019\/08\/02_Audi_A3-552x414.jpg\" alt=\"\" width=\"552\" height=\"414\" srcset=\"https:\/\/www.amag-group.ch\/blog\/wp-content\/uploads\/2019\/08\/02_Audi_A3-552x414.jpg 552w, https:\/\/www.amag-group.ch\/blog\/wp-content\/uploads\/2019\/08\/02_Audi_A3-768x576.jpg 768w, https:\/\/www.amag-group.ch\/blog\/wp-content\/uploads\/2019\/08\/02_Audi_A3.jpg 1920w\" sizes=\"(max-width: 552px) 100vw, 552px\" \/><\/a><p id=\"caption-attachment-15937\" class=\"wp-caption-text\">Stefan Giurgola (links) und Hanspeter Schweizer besprechen das Ergebnis des Diagnoseger\u00e4ts.<\/p><\/div>\n<p>und kommen darauf, dass es sich um ein Problem mit der Lambdasonde handeln muss. Stefan hatte das bereits am Vortag vermutet und das Ersatzteil schon bestellt.<\/p>\n<p>Wir wechseln die Lambdasonde aus und machen anschliessend eine Testfahrt. Zur\u00fcck in der Werkstatt schliesst Stefan erneut das Diagnoseger\u00e4t ans Auto und \u2013 siehe da \u2013 der Fehler scheint behoben. Im Laufe des Tages wird nochmals eine Testfahrt gemacht und das Diagnoseger\u00e4t angeschlossen, um sicherzugehen, dass das Problem auch wirklich gel\u00f6st ist.<\/p>\n<p>Genau solche Momente gefallen Stefan an seiner Arbeit am meisten: das Erfolgserlebnis, nachdem ein Auto repariert wurde. Das beste Gef\u00fchl sei es, wenn man nach einer komplizierten Reparatur am Motor, die den ganzen Tag andauert, den Z\u00fcndschl\u00fcssel dreht und das Fahrzeug wieder einwandfrei l\u00e4uft.<\/p>\n<h3><strong>10.00 Uhr: Auf zu Auto Nummer 2<\/strong><\/h3>\n<div id=\"attachment_15940\" style=\"width: 562px\" class=\"wp-caption alignright\"><a class=\"fancybox-link\" href=\"https:\/\/www.amag-group.ch\/blog\/wp-content\/uploads\/2019\/08\/03_Anna_Audi_S6.jpg\"><img decoding=\"async\" aria-describedby=\"caption-attachment-15940\" class=\"size-medium wp-image-15940\" src=\"https:\/\/www.amag-group.ch\/blog\/wp-content\/uploads\/2019\/08\/03_Anna_Audi_S6-552x414.jpg\" alt=\"\" width=\"552\" height=\"414\" srcset=\"https:\/\/www.amag-group.ch\/blog\/wp-content\/uploads\/2019\/08\/03_Anna_Audi_S6-552x414.jpg 552w, https:\/\/www.amag-group.ch\/blog\/wp-content\/uploads\/2019\/08\/03_Anna_Audi_S6-768x576.jpg 768w, https:\/\/www.amag-group.ch\/blog\/wp-content\/uploads\/2019\/08\/03_Anna_Audi_S6.jpg 1920w\" sizes=\"(max-width: 552px) 100vw, 552px\" \/><\/a><p id=\"caption-attachment-15940\" class=\"wp-caption-text\">Ich darf heute fleissig mithelfen.<\/p><\/div>\n<p>Nach getaner Arbeit wartet bereits das n\u00e4chste Fahrzeug auf uns. Diesmal geht es an einen Audi S6, der f\u00fcr Servicearbeiten in die Garage gebracht wurde. Stefan erhielt die Information, dass ausserdem ein Update am Motorsteuerger\u00e4t gemacht werden muss. Auch bei diesem Fahrzeug hat er bereits am Vortag begonnen und die ben\u00f6tigten Ersatzteile bestellt. Ich gehe ins Ersatzteillager und hole die Bestellung ab.<\/p>\n<p>Wir montieren die Teile und ich lerne, dass das manchmal gar nicht so einfach ist, da im Motorraum alles eng verbaut ist. Nachdem wir die Teile einsetzen, reinigen wir das Auto, machen eine Testfahrt und<\/p>\n<p>fahren durch die Waschstrasse.<\/p>\n<h3><strong>12.00 Uhr: Die wohlverdiente Pause<\/strong><\/h3>\n<p>Zur\u00fcck in der Garage beginnt auch schon bald die Mittagspause. Diese dauert von 12.00 Uhr bis 13.30 Uhr und l\u00e4sst die Mitarbeitenden Energie f\u00fcr die zweite H\u00e4lfte des Arbeitstages tanken. In dieser Zeit gehen die Mitarbeitenden nach Hause, ausw\u00e4rts essen oder sie verbringen den Mittag im Pausenraum.<\/p>\n<h3><strong>13.30 Uhr: Service und Testfahrten<\/strong><\/h3>\n<div id=\"attachment_15943\" style=\"width: 562px\" class=\"wp-caption alignleft\"><a class=\"fancybox-link\" href=\"https:\/\/www.amag-group.ch\/blog\/wp-content\/uploads\/2019\/08\/04_Stefan_Audi_S6.jpg\"><img decoding=\"async\" aria-describedby=\"caption-attachment-15943\" class=\"size-medium wp-image-15943\" src=\"https:\/\/www.amag-group.ch\/blog\/wp-content\/uploads\/2019\/08\/04_Stefan_Audi_S6-552x414.jpg\" alt=\"\" width=\"552\" height=\"414\" srcset=\"https:\/\/www.amag-group.ch\/blog\/wp-content\/uploads\/2019\/08\/04_Stefan_Audi_S6-552x414.jpg 552w, https:\/\/www.amag-group.ch\/blog\/wp-content\/uploads\/2019\/08\/04_Stefan_Audi_S6-768x576.jpg 768w, https:\/\/www.amag-group.ch\/blog\/wp-content\/uploads\/2019\/08\/04_Stefan_Audi_S6.jpg 1920w\" sizes=\"(max-width: 552px) 100vw, 552px\" \/><\/a><p id=\"caption-attachment-15943\" class=\"wp-caption-text\">Stefan Giurgola bei seiner Arbeit am Audi S6.<\/p><\/div>\n<p>Am Nachmittag geht es fleissig weiter. Das dritte Auto f\u00fcr heute ist ein VW Golf Alltrack, der f\u00fcr einen Service in die Werkstatt gebracht wurde. In der Auftragsmappe f\u00fcr dieses Auto hat der Serviceberater eine Liste mit allen zu kontrollierenden Punkten beigelegt. Stefan stellt das Fahrzeug auf die Hebeb\u00fchne und l\u00e4sst es hochfahren. Wir entfernen die Abdeckung an der Unterseite und l\u00f6sen die \u00d6lablassschraube an der \u00d6lwanne. W\u00e4hrend das \u00d6l ausl\u00e4uft, kontrollieren wir die Bremsbel\u00e4ge, Reifen und den Reifendruck. Dabei pumpe ich die Pneus auf, damit sich der Druck wieder bei 2,8 bar befindet.<\/p>\n<p>Wir wechseln den \u00d6lfilter, schrauben die Abdeckung wieder an und f\u00fchren die restlichen Servicearbeiten durch. Danach reinigen wir die Scheiben von innen, dann die Teppiche mit dem Staubsauger, machen eine Testfahrt und fahren erneut in die Waschstrasse. Das Auto ist bereit f\u00fcr die Abholung.<\/p>\n<p>Die Testfahrten geben mir die M\u00f6glichkeit, Stefan etwas besser kennenzulernen. Er erz\u00e4hlt mir, dass er bereits seit \u00fcber 20 Jahren bei der AMAG Heerbrugg arbeitet. Schon seine Lehre hat er im Betrieb<\/p>\n<div id=\"attachment_15946\" style=\"width: 562px\" class=\"wp-caption alignright\"><a class=\"fancybox-link\" href=\"https:\/\/www.amag-group.ch\/blog\/wp-content\/uploads\/2019\/08\/05_Anna_VW_Golf.jpg\"><img decoding=\"async\" aria-describedby=\"caption-attachment-15946\" class=\"size-medium wp-image-15946\" src=\"https:\/\/www.amag-group.ch\/blog\/wp-content\/uploads\/2019\/08\/05_Anna_VW_Golf-552x414.jpg\" alt=\"\" width=\"552\" height=\"414\" srcset=\"https:\/\/www.amag-group.ch\/blog\/wp-content\/uploads\/2019\/08\/05_Anna_VW_Golf-552x414.jpg 552w, https:\/\/www.amag-group.ch\/blog\/wp-content\/uploads\/2019\/08\/05_Anna_VW_Golf-768x576.jpg 768w, https:\/\/www.amag-group.ch\/blog\/wp-content\/uploads\/2019\/08\/05_Anna_VW_Golf.jpg 1920w\" sizes=\"(max-width: 552px) 100vw, 552px\" \/><\/a><p id=\"caption-attachment-15946\" class=\"wp-caption-text\">Ich schraube die Abdeckung mit der Luftratsche an.<\/p><\/div>\n<p>absolviert. Ihm war in der Schulzeit schnell klar, dass er einen handwerklichen Beruf lernen wollte. Auf den Beruf des Automobil-Mechatronikers \u2013 fr\u00fcher Automechaniker \u2013 stiess er dabei eher zuf\u00e4llig: Sein Lehrer gab ihm den Ratschlag, eine Schnupperlehre bei der AMAG Heerbrugg, die damals noch H. Eggenberger AG hiess, zu machen. Diese gefiel ihm schlussendlich so gut, dass er sich kurzerhand f\u00fcr diese Ausbildung entschied. Eine Entscheidung, die er auf keinen Fall bereut. Mit den Jahren absolvierte er auch einige Weiterbildungskurse, wie z.B. als VW und VW Nutzfahrzeuge Techniker. Er sch\u00e4tzt es sehr, dass er vom Betrieb immer unterst\u00fctzt und motiviert wurde. In der AMAG Heerbrugg arbeiten zurzeit rund 51 Mitarbeitende, davon sind zehn Lernende. Der Zusammenhalt im Team ist f\u00fcr Stefan wichtig: \u00abWir sind wie eine kleine Familie.\u00bb<\/p>\n<div id=\"attachment_15949\" style=\"width: 562px\" class=\"wp-caption alignleft\"><a class=\"fancybox-link\" href=\"https:\/\/www.amag-group.ch\/blog\/wp-content\/uploads\/2019\/08\/06_Stefan_hilft.jpg\"><img decoding=\"async\" aria-describedby=\"caption-attachment-15949\" class=\"size-medium wp-image-15949\" src=\"https:\/\/www.amag-group.ch\/blog\/wp-content\/uploads\/2019\/08\/06_Stefan_hilft-552x414.jpg\" alt=\"\" width=\"552\" height=\"414\" srcset=\"https:\/\/www.amag-group.ch\/blog\/wp-content\/uploads\/2019\/08\/06_Stefan_hilft-552x414.jpg 552w, https:\/\/www.amag-group.ch\/blog\/wp-content\/uploads\/2019\/08\/06_Stefan_hilft-768x576.jpg 768w, https:\/\/www.amag-group.ch\/blog\/wp-content\/uploads\/2019\/08\/06_Stefan_hilft.jpg 1920w\" sizes=\"(max-width: 552px) 100vw, 552px\" \/><\/a><p id=\"caption-attachment-15949\" class=\"wp-caption-text\">Stefan hilft seinem Kollegen beim Wiedereinsetzen des Getriebes.<\/p><\/div>\n<h3><strong>17.00 Uhr: Letzte Aufgaben des Tages<\/strong><\/h3>\n<p>Der Tag ist fast zu Ende und Stefan hat all seine Pendenzen erledigt. Das gibt ihm Zeit, seinen Kollegen bei ihren Aufgaben zu helfen sowie seine Arbeit im Computer nachzutragen, und mir, letzte Einblicke zu bekommen.<\/p>\n<p>Um 17.30 Uhr verlasse ich die AMAG Heerbrugg und lasse all die neuen Eindr\u00fccke einwirken. Ich habe einen Alltag erlebt, der sich komplett von meiner t\u00e4glichen Arbeit unterscheidet. Das war nicht nur spannend, sondern auch sehr lehrreich. Ich danke Stefan und seinem Team, dass ich sie begleiten und von ihnen lernen durfte, und Enrique f\u00fcr die M\u00f6glichkeit, den Tag in der AMAG Heerbrugg zu verbringen.<\/p>\n<div id=\"attachment_15952\" style=\"width: 562px\" class=\"wp-caption aligncenter\"><a class=\"fancybox-link\" href=\"https:\/\/www.amag-group.ch\/blog\/wp-content\/uploads\/2019\/08\/07_leere_Werkstatt.jpg\"><img decoding=\"async\" aria-describedby=\"caption-attachment-15952\" class=\"size-medium wp-image-15952\" src=\"https:\/\/www.amag-group.ch\/blog\/wp-content\/uploads\/2019\/08\/07_leere_Werkstatt-552x414.jpg\" alt=\"\" width=\"552\" height=\"414\" srcset=\"https:\/\/www.amag-group.ch\/blog\/wp-content\/uploads\/2019\/08\/07_leere_Werkstatt-552x414.jpg 552w, https:\/\/www.amag-group.ch\/blog\/wp-content\/uploads\/2019\/08\/07_leere_Werkstatt-768x576.jpg 768w, https:\/\/www.amag-group.ch\/blog\/wp-content\/uploads\/2019\/08\/07_leere_Werkstatt.jpg 1920w\" sizes=\"(max-width: 552px) 100vw, 552px\" \/><\/a><p id=\"caption-attachment-15952\" class=\"wp-caption-text\">Die Werkstatt leert sich f\u00fcr heute. Morgen stehen wieder neue Fahrzeuge bereit.<\/p><\/div>\n","protected":false},"excerpt":{"rendered":"<p>Ich durfte einen Tag lang bei der AMAG Heerbrugg Stefan Giurgola, Automobil-Mechatroniker, bei seiner Arbeit begleiten. Dabei habe ich nicht nur erfahren, wie der Alltag in einer Werkstatt aussieht, sondern auch noch einiges \u00fcber Autos dazugelernt. <\/p>\n","protected":false},"author":64,"featured_media":15940,"comment_status":"open","ping_status":"open","sticky":false,"template":"","format":"standard","meta":{"_acf_changed":false,"inline_featured_image":false,"footnotes":""},"categories":[1230],"tags":[],"class_list":["post-15932","post","type-post","status-publish","format-standard","has-post-thumbnail","hentry","category-jobs-karriere"],"acf":[],"_links":{"self":[{"href":"https:\/\/www.amag-group.ch\/blog\/wp-json\/wp\/v2\/posts\/15932","targetHints":{"allow":["GET"]}}],"collection":[{"href":"https:\/\/www.amag-group.ch\/blog\/wp-json\/wp\/v2\/posts"}],"about":[{"href":"https:\/\/www.amag-group.ch\/blog\/wp-json\/wp\/v2\/types\/post"}],"author":[{"embeddable":true,"href":"https:\/\/www.amag-group.ch\/blog\/wp-json\/wp\/v2\/users\/64"}],"replies":[{"embeddable":true,"href":"https:\/\/www.amag-group.ch\/blog\/wp-json\/wp\/v2\/comments?post=15932"}],"version-history":[{"count":0,"href":"https:\/\/www.amag-group.ch\/blog\/wp-json\/wp\/v2\/posts\/15932\/revisions"}],"wp:featuredmedia":[{"embeddable":true,"href":"https:\/\/www.amag-group.ch\/blog\/wp-json\/wp\/v2\/media\/15940"}],"wp:attachment":[{"href":"https:\/\/www.amag-group.ch\/blog\/wp-json\/wp\/v2\/media?parent=15932"}],"wp:term":[{"taxonomy":"category","embeddable":true,"href":"https:\/\/www.amag-group.ch\/blog\/wp-json\/wp\/v2\/categories?post=15932"},{"taxonomy":"post_tag","embeddable":true,"href":"https:\/\/www.amag-group.ch\/blog\/wp-json\/wp\/v2\/tags?post=15932"}],"curies":[{"name":"wp","href":"https:\/\/api.w.org\/{rel}","templated":true}]}}