{"id":1574,"date":"2016-01-11T15:04:17","date_gmt":"2016-01-11T14:04:17","guid":{"rendered":"http:\/\/www.amag-group.ch\/blog\/?p=1574"},"modified":"2025-03-06T16:42:25","modified_gmt":"2025-03-06T15:42:25","slug":"mit-car-spotting-zum-erfolg","status":"publish","type":"post","link":"https:\/\/www.amag-group.ch\/blog\/mit-car-spotting-zum-erfolg\/","title":{"rendered":"Mit Car-Spotting zum Erfolg"},"content":{"rendered":"<p><strong>1. C\u00e9dric, du fotografierst Luxusautos, betreibst also Car-Spotting, wie kamst du auf diese Idee?<\/strong><\/p>\n<p>Ich interessiere mich schon seit l\u00e4ngerer Zeit f\u00fcr Fotografie. Zuerst bestand das Interesse f\u00fcr Fotografie im Allgemeinen, dann kam die Spezialisierung auf Autos hinzu. Ich war einige Male in Z\u00fcrich und habe beobachtet, dass dort extrem viele exklusive Fahrzeuge zu sehen sind. Ich habe dann meine Kamera mitgenommen und begonnen, Luxusautos zu fotografieren.<\/p>\n<p><strong>2. Seit wann machst du das schon und warum hast du bestimmte Social Media Kan\u00e4le zur Verbreitung ausgew\u00e4hlt?<\/strong><\/p>\n<p>Seit Juni 2014 fotografiere ich Luxusfahrzeuge, also noch nicht seit allzu langer Zeit. Ich bin auf relativ vielen Social Media Kan\u00e4len unterwegs, habe keine bestimmten ausgew\u00e4hlt. Instagram ist der Kanal, auf dem ich die meisten Follower habe. Hier hatte ich zuerst ein privates Profil, welches nach und nach mit den Fotos der Autos erg\u00e4nzt wurde. Unter \u00abCars in Zurich\u00bb habe ich mittlerweile 58\u2018000 Follower auf Instagram. In diesem Bereich hat meine Seite schweizweit die meisten Fans.<\/p>\n<p><strong>3. Wie w\u00e4hlst du die Fahrzeuge aus, die du fotografierst?<\/strong><\/p>\n<p>Dies richtet sich in erster Linie nach meinen pers\u00f6nlichen Interessen. Es k\u00f6nnen seltene Fahrzeuge sein, Autos, die zwar nicht selten sind, aber beispielsweise eine spezielle Farbe haben oder auch welche, die mir gefallen, bei denen andere vielleicht nicht nachvollziehen k\u00f6nnen, wieso ich sie jetzt fotografiere. Ein Beispiel w\u00e4re hier der Audi RS 6 der ersten Generation, der mir pers\u00f6nlich sehr gut gef\u00e4llt.<\/p>\n<div id=\"attachment_1602\" style=\"width: 810px\" class=\"wp-caption alignnone\"><img decoding=\"async\" aria-describedby=\"caption-attachment-1602\" class=\"size-full wp-multi-image  wp-image-1602\" src=\"https:\/\/www.amag-group.ch\/blog\/wp-content\/uploads\/2016\/01\/CP-und-Ferrari-LaFerrari-klein.jpg\" alt=\"Der Fotograf C\u00e9dric Plattner sitzend, im Vordergrund ein Ferrari LaFerrari\" width=\"800\" height=\"531\" srcset=\"https:\/\/www.amag-group.ch\/blog\/wp-content\/uploads\/2016\/01\/CP-und-Ferrari-LaFerrari-klein.jpg 800w, https:\/\/www.amag-group.ch\/blog\/wp-content\/uploads\/2016\/01\/CP-und-Ferrari-LaFerrari-klein-620x412.jpg 620w, https:\/\/www.amag-group.ch\/blog\/wp-content\/uploads\/2016\/01\/CP-und-Ferrari-LaFerrari-klein-768x510.jpg 768w\" sizes=\"(max-width: 800px) 100vw, 800px\" \/><p id=\"caption-attachment-1602\" class=\"wp-caption-text\">Der Fotograf C\u00e9dric Plattner sitzend, im Vordergrund ein Ferrari LaFerrari<\/p><\/div>\n<p><strong>4. Wie sind die Reaktionen der Autobesitzer, deren Fahrzeuge du fotografierst? Hattest du hier schon ein richtiges Negativerlebnis?<\/strong><\/p>\n<p>Die Reaktionen der Besitzer sind in der Regel mehr als positiv. Bei einer Anfrage, ob ich das gew\u00fcnschte Fahrzeug fotografieren darf, sind die Besitzer erfreut und fast schon etwas mit Stolz erf\u00fcllt, dass gerade ihr Fahrzeug als Motiv f\u00fcr ein Bild herhalten soll.<\/p>\n<p><strong>5. Du betreibst die Fotografie noch nicht allzu lange und hast dennoch schon eine grosse Anzahl an Followern auf Instagram, herzlichen Gl\u00fcckwunsch! Hast du dein Hobby irgendwo beworben?<\/strong><\/p>\n<p>Nein, ich habe keinerlei Werbung gemacht. \u00dcber Social Media gab es ein organisches Wachstum. Begonnen hat es mit meinem privaten Profil, welches dann zu \u00abCars in Zurich\u00bb wurde. Einige meiner Instagram-Follower kenne ich auch pers\u00f6nlich und so ist das Netzwerk innerhalb der kurzen Zeit stark gewachsen.<\/p>\n<p><strong>6. Wie erkl\u00e4rst du dir deinen grossen Erfolg?<\/strong><\/p>\n<p>Ich denke, dass alles mit guten Bildern zusammen h\u00e4ngt. Gute Bilder werden kommentiert, man erh\u00e4lt Empfehlungen und die Bilder werden so im Netz rasch verbreitet und auch auf grossen Seiten nochmals publiziert, sogar mehrfach. So erh\u00e4lt man dann nat\u00fcrlich eine grosse Reichweite und kann seinen Bekanntheitsgrad rasch steigern. Alles steht und f\u00e4llt mit der Qualit\u00e4t der Bilder.<\/p>\n<p><strong>7. Bist du aufgrund deines Hobby&#8217;s auf deinen Berufswunsch gekommen oder woher kommt diese Entscheidung? H\u00e4ttest du nicht lieber einen kreativeren, weniger technischen Beruf erlernt?<\/strong><\/p>\n<p>Bislang ist der Beruf geradezu perfekt f\u00fcr mich. Autos an sich haben mich schon seit jeher interessiert und es gab auch immer die Begeisterung f\u00fcr spezielle und exklusive Modelle. Ich z\u00e4hle mich eher zu den Autofotografen, die sich auch stark f\u00fcr die technischen Aspekte eines Fahrzeugs interessieren. Hier besteht sicher auch ein grosser Unterschied zu anderen Fotografen in diesem Bereich. F\u00fcr mich war bei der Fotografie die Technik der Fahrzeuge seit jeher ein wichtiges Element und dies wird auch so bleiben. Es stand daher auch nie zur Diskussion, eine Ausbildung zum Fotografen zu absolvieren.<\/p>\n<p><strong>8. Du hast beruflich als angehender Automobil-Mechatroniker bei Porsche quasi t\u00e4glich mit Luxusautos zu tun, k\u00f6nntest du dir vorstellen, dein Hobby zum Beruf zu machen?<\/strong><\/p>\n<p>Nicht wirklich, hierzu bin ich meiner Meinung nach nicht professionell genug. Zudem ist auch wie erw\u00e4hnt mein Interesse an der Technik so hoch, dass ich mich in der Automobil-Mechatronik sehr wohl f\u00fchle.<\/p>\n<div id=\"attachment_1603\" style=\"width: 810px\" class=\"wp-caption alignnone\"><img decoding=\"async\" aria-describedby=\"caption-attachment-1603\" class=\"size-full wp-multi-image  wp-image-1603\" src=\"https:\/\/www.amag-group.ch\/blog\/wp-content\/uploads\/2016\/01\/Porsche-918-Spyder-klein.jpg\" alt=\"Porsche 918 Spyder (Foto: C\u00e9dric Plattner)\" width=\"800\" height=\"531\" srcset=\"https:\/\/www.amag-group.ch\/blog\/wp-content\/uploads\/2016\/01\/Porsche-918-Spyder-klein.jpg 800w, https:\/\/www.amag-group.ch\/blog\/wp-content\/uploads\/2016\/01\/Porsche-918-Spyder-klein-620x412.jpg 620w, https:\/\/www.amag-group.ch\/blog\/wp-content\/uploads\/2016\/01\/Porsche-918-Spyder-klein-768x510.jpg 768w\" sizes=\"(max-width: 800px) 100vw, 800px\" \/><p id=\"caption-attachment-1603\" class=\"wp-caption-text\">Porsche 918 Spyder (Foto: C\u00e9dric Plattner)<\/p><\/div>\n<p><strong>9. Car Spotting scheint ein zeitintensives Hobby zu sein, ist dies gut vereinbar mit deiner Ausbildung? Hast du weitere zeitintensive Freizeitbesch\u00e4ftigungen?<\/strong><\/p>\n<p>Es ist in der Tat zeitintensiv. Aber dennoch kann ich mein Hobby sehr gut mit meiner Ausbildung vereinbaren, zumal ich meist an den Wochenenden fotografiere und keine weiteren Hobbies habe, die so viel Zeit beanspruchen. Mit der Nachbearbeitung der Bilder k\u00f6nnte ich jedoch unendlich viel Zeit verbringen. Es empfiehlt sich daher, ein m\u00f6glichst gutes Originalbild zu haben, welches keine umfangreiche Nachbearbeitung erfordert.<\/p>\n<p><strong>10. Konntest du bislang von deinem Hobby profitieren? <\/strong><\/p>\n<p>Ja schon. Dank meiner T\u00e4tigkeit wurde ich schon zum wichtigsten Event in diesem Bereich, dem Super Car Weekend nach Andermatt eingeladen. Zudem habe ich im Lauf der Zeit einige Besitzer solcher Luxusautos kennen gelernt, die mich dann auch schon mitgenommen haben, so dass ich das Fahrgef\u00fchl erleben und das Auto einmal genauer unter die Lupe nehmen konnte, was nat\u00fcrlich toll ist. K\u00fcrzlich wurde ich auch noch von einer Werbeagentur angefragt, die an einer Zusammenarbeit interessiert ist. Man wird sehen, wie es sich weiterhin entwickelt.<\/p>\n<p><strong>Wir danken f\u00fcr das interessante Gespr\u00e4ch und w\u00fcnschen auch weiterhin viel Erfolg bei diesem tollen Hobby!<\/strong><\/p>\n<p><span style=\"text-decoration: underline;\"><a href=\"http:\/\/www.amag.ch\/content\/amagch\/corp\/de\/newsletter\/anmeldeformular_Blog.html\"><strong>Aktuelles und Hintergr\u00fcnde aus der Welt des Autos.<\/strong>\u00a0Jetzt abonnieren.<\/a><\/span><\/p>\n","protected":false},"excerpt":{"rendered":"<p>Der erst 15-j\u00e4hrige C\u00e9dric Plattner hat grossen Erfolg mit der Fotografie von Luxusautos. Spannende Details \u00fcber sein Hobby erfahren wir vom angehenden Automobil-Mechatroniker und Social Media Star im folgenden Gespr\u00e4ch.<\/p>\n","protected":false},"author":27,"featured_media":1608,"comment_status":"open","ping_status":"open","sticky":false,"template":"","format":"standard","meta":{"_acf_changed":false,"inline_featured_image":false,"footnotes":""},"categories":[8119,1230],"tags":[],"class_list":["post-1574","post","type-post","status-publish","format-standard","has-post-thumbnail","hentry","category-auto-technik","category-jobs-karriere"],"acf":[],"_links":{"self":[{"href":"https:\/\/www.amag-group.ch\/blog\/wp-json\/wp\/v2\/posts\/1574","targetHints":{"allow":["GET"]}}],"collection":[{"href":"https:\/\/www.amag-group.ch\/blog\/wp-json\/wp\/v2\/posts"}],"about":[{"href":"https:\/\/www.amag-group.ch\/blog\/wp-json\/wp\/v2\/types\/post"}],"author":[{"embeddable":true,"href":"https:\/\/www.amag-group.ch\/blog\/wp-json\/wp\/v2\/users\/27"}],"replies":[{"embeddable":true,"href":"https:\/\/www.amag-group.ch\/blog\/wp-json\/wp\/v2\/comments?post=1574"}],"version-history":[{"count":1,"href":"https:\/\/www.amag-group.ch\/blog\/wp-json\/wp\/v2\/posts\/1574\/revisions"}],"predecessor-version":[{"id":31619,"href":"https:\/\/www.amag-group.ch\/blog\/wp-json\/wp\/v2\/posts\/1574\/revisions\/31619"}],"wp:featuredmedia":[{"embeddable":true,"href":"https:\/\/www.amag-group.ch\/blog\/wp-json\/wp\/v2\/media\/1608"}],"wp:attachment":[{"href":"https:\/\/www.amag-group.ch\/blog\/wp-json\/wp\/v2\/media?parent=1574"}],"wp:term":[{"taxonomy":"category","embeddable":true,"href":"https:\/\/www.amag-group.ch\/blog\/wp-json\/wp\/v2\/categories?post=1574"},{"taxonomy":"post_tag","embeddable":true,"href":"https:\/\/www.amag-group.ch\/blog\/wp-json\/wp\/v2\/tags?post=1574"}],"curies":[{"name":"wp","href":"https:\/\/api.w.org\/{rel}","templated":true}]}}