{"id":1523,"date":"2015-11-24T14:20:24","date_gmt":"2015-11-24T13:20:24","guid":{"rendered":"http:\/\/www.amag-group.ch\/blog\/?p=1523"},"modified":"2020-04-23T09:59:39","modified_gmt":"2020-04-23T07:59:39","slug":"danke-hansjoerg","status":"publish","type":"post","link":"https:\/\/www.amag-group.ch\/blog\/danke-hansjoerg\/","title":{"rendered":"DANKE, Hansj\u00f6rg!"},"content":{"rendered":"<p>Die Feinreinigungshallen des Fahrzeuglogistik Zentrums in Lupfig waren aber nicht immer Arbeitsort von Hansj\u00f6rg Werder. Begonnen hat alles in Schinznach. Nach einem Jahr Spengler-Lehre und dem \u201eBerufsschul-Koller\u201c entschied sich der Schinznacher, dass er doch lieber gleich voll und ganz ins Berufsleben starten m\u00f6chte, als weiterhin die Schulbank zu dr\u00fccken. So war es im wahrsten Sinne des Wortes naheliegend, bei der damaligen \u201eASAG Automontage Schinznach AG\u201c nach einer freien Stelle zu suchen.<\/p>\n<p>\u00dcbrigens: Die Fertigungshallen f\u00fcr die Automontage Schinznach wurden von Walter Haefner zwei Jahre nach der Gr\u00fcndung der \u201eNeuen AMAG\u201c auf einem stillgelegten Areal einer ehemaligen Zementfabrik erstellt. Von 1949 bis 1972 wurden dort Wagen der Marken Chrysler, Plymouth, De Soto, Standard, Studebaker, VW Karmann-Ghia und Dodge end-montiert.<\/p>\n<div id=\"attachment_1531\" style=\"width: 810px\" class=\"wp-caption alignnone\"><img decoding=\"async\" aria-describedby=\"caption-attachment-1531\" class=\"size-full wp-multi-image wp-image-1531\" src=\"https:\/\/www.amag-group.ch\/blog\/wp-content\/uploads\/2015\/11\/49_AMAG-Hauptgeb\u00e4ude_klein.jpg\" alt=\"Ehemalige Fertigungshallen Automontage, heute AMAG Hauptgeb\u00e4ude Schinznach-Bad\" width=\"800\" height=\"557\" srcset=\"https:\/\/www.amag-group.ch\/blog\/wp-content\/uploads\/2015\/11\/49_AMAG-Hauptgeb\u00e4ude_klein.jpg 800w, https:\/\/www.amag-group.ch\/blog\/wp-content\/uploads\/2015\/11\/49_AMAG-Hauptgeb\u00e4ude_klein-595x414.jpg 595w, https:\/\/www.amag-group.ch\/blog\/wp-content\/uploads\/2015\/11\/49_AMAG-Hauptgeb\u00e4ude_klein-768x535.jpg 768w\" sizes=\"(max-width: 800px) 100vw, 800px\" \/><p id=\"caption-attachment-1531\" class=\"wp-caption-text\">Ehemalige Fertigungshallen Automontage, heute AMAG Hauptgeb\u00e4ude Schinznach-Bad<\/p><\/div>\n<p>Sp\u00e4ter wechselte Hansj\u00f6rg Werder in die Abteilung \u201eBeh\u00f6rdenfahrzeuge\u201c. Eine Einheit, die sich um die Spezialanfertigungen und die Feinreinigung von staatlichen Flottenfahrzeugen k\u00fcmmerte.<\/p>\n<div id=\"attachment_1532\" style=\"width: 810px\" class=\"wp-caption alignnone\"><img decoding=\"async\" aria-describedby=\"caption-attachment-1532\" class=\"size-full wp-multi-image wp-image-1532\" src=\"https:\/\/www.amag-group.ch\/blog\/wp-content\/uploads\/2015\/11\/Beh\u00f6rdenfahrzeuge_klein.jpg\" alt=\"Herr Reto T\u00f6ndury (ehem. Pressesprecher AMAG) und Adolf Ogi (ehem. Pr\u00e4sident SSV) bei einer Fahrzeug\u00fcbergabe (vlnr.)\" width=\"800\" height=\"598\" srcset=\"https:\/\/www.amag-group.ch\/blog\/wp-content\/uploads\/2015\/11\/Beh\u00f6rdenfahrzeuge_klein.jpg 800w, https:\/\/www.amag-group.ch\/blog\/wp-content\/uploads\/2015\/11\/Beh\u00f6rdenfahrzeuge_klein-554x414.jpg 554w, https:\/\/www.amag-group.ch\/blog\/wp-content\/uploads\/2015\/11\/Beh\u00f6rdenfahrzeuge_klein-768x574.jpg 768w\" sizes=\"(max-width: 800px) 100vw, 800px\" \/><p id=\"caption-attachment-1532\" class=\"wp-caption-text\">Herr Reto T\u00f6ndury (ehem. Pressesprecher AMAG) und Adolf Ogi (ehem. Pr\u00e4sident SSV) bei einer Fahrzeug\u00fcbergabe (vlnr.)<\/p><\/div>\n<p>Exaktes und schnelles Arbeiten war schon damals gefragt: Die Auftraggeber \u2013 beispielsweise jene der Schweizer Post, des Milit\u00e4rs oder der SBB \u2013 kamen zur Endabnahme der neuen Flottenfahrzeuge bei der Abteilung \u201eBeh\u00f6rdenfahrzeuge\u201c vorbei und nahmen die Arbeit von Hansj\u00f6rg Werder und seinen Kollegen genaustens unter die Lupe.<\/p>\n<p>Auch seinen heutigen Arbeitsplatz im AMAG Auslieferungszentrum kennt Hansj\u00f6rg Werder seit dessen Geburtsstunde: 1992 zogen auch einige Mitarbeiter der Abteilung Beh\u00f6rdenfahrzeuge in den damaligen Neubau im Birrfeld.<\/p>\n<p>Fortan waren es allerdings l\u00e4ngst nicht mehr nur \u201eBeh\u00f6rdenfahrzeuge\u201c, die von Hansj\u00f6rg Werder und seinen Kollegen sch\u00f6n herausgeputzt auf ihre Reise zum Kunden geschickt wurden. Sponsoring-, Flotten-, oder Dienstwagen \u2013 der Mix an verschiedenen Fahrzeugen und die damit verkn\u00fcpften Anspr\u00fcche und Auftr\u00e4ge steigern die Komplexit\u00e4t gegen\u00fcber fr\u00fcher. Und der Zeitdruck habe auch stark zugenommen. \u201eAlles muss schneller gehen\u201c, sagt Werder.<\/p>\n<div id=\"attachment_1533\" style=\"width: 610px\" class=\"wp-caption alignnone\"><img decoding=\"async\" aria-describedby=\"caption-attachment-1533\" class=\"size-full wp-multi-image wp-image-1533\" src=\"https:\/\/www.amag-group.ch\/blog\/wp-content\/uploads\/2015\/11\/Werder_working.jpg\" alt=\"Hansj\u00f6rg Werder bei der Arbeit\" width=\"600\" height=\"800\" srcset=\"https:\/\/www.amag-group.ch\/blog\/wp-content\/uploads\/2015\/11\/Werder_working.jpg 600w, https:\/\/www.amag-group.ch\/blog\/wp-content\/uploads\/2015\/11\/Werder_working-311x414.jpg 311w\" sizes=\"(max-width: 600px) 100vw, 600px\" \/><p id=\"caption-attachment-1533\" class=\"wp-caption-text\">Hansj\u00f6rg Werder bei der Arbeit<\/p><\/div>\n<p>Nach fast einem halben Jahrhundert geht nun einer der wohl langj\u00e4hrigsten AMAG Mitarbeiter per Ende November in Pension und wird nach 49 Jahren zum letzten Mal im Dienste der AMAG stehen. Etwas Trennungsschmerz versp\u00fcre er nat\u00fcrlich schon, gibt er zu, freut sich aber im selben Moment auf\u00a0den ruhigeren Alltag, den ihn erwartet.<\/p>\n<p>Das gesamte FLZ-Team bedankt sich bei Hansj\u00f6rg Werder f\u00fcr seine wertvolle Arbeit und seine Treue:<\/p>\n<blockquote>\n<p>Alles Gute, lieber Hansj\u00f6rg. Wir ziehen den Hut vor deinem gewaltigen Einsatz f\u00fcr die AMAG.<\/p>\n<\/blockquote>\n<p>Schliesslich sind es die einzelnen Menschen, die aus Walter Haefners Vision \u00fcber all die Jahre ein h\u00f6chst erfolgreiches Unternehmen gemacht haben. Wir k\u00f6nnen uns dem nur anschliessen und sagen: Danke, Hansj\u00f6rg!<\/p>\n<p><span style=\"text-decoration: underline;\"><a href=\"http:\/\/www.amag.ch\/content\/amagch\/corp\/de\/newsletter\/anmeldeformular_Blog.html\"><strong>Aktuelles und Hintergr\u00fcnde aus der Welt des Autos.<\/strong>\u00a0Jetzt abonnieren.<\/a><\/span><\/p>\n","protected":false},"excerpt":{"rendered":"<p>Die Geschichte der AMAG handelt nicht nur von wirtschaftlichen Erfolgen, sondern auch von Menschen, die das Unternehmen \u00fcber viele Jahre begleitet haben. Einer, der sozusagen von Anfang an mit dabei war, ist FLZ-Mitarbeiter Hansj\u00f6rg Werder.<\/p>\n","protected":false},"author":27,"featured_media":1528,"comment_status":"open","ping_status":"open","sticky":false,"template":"","format":"standard","meta":{"_acf_changed":false,"inline_featured_image":false,"footnotes":""},"categories":[1230],"tags":[],"class_list":["post-1523","post","type-post","status-publish","format-standard","has-post-thumbnail","hentry","category-jobs-karriere"],"acf":[],"_links":{"self":[{"href":"https:\/\/www.amag-group.ch\/blog\/wp-json\/wp\/v2\/posts\/1523","targetHints":{"allow":["GET"]}}],"collection":[{"href":"https:\/\/www.amag-group.ch\/blog\/wp-json\/wp\/v2\/posts"}],"about":[{"href":"https:\/\/www.amag-group.ch\/blog\/wp-json\/wp\/v2\/types\/post"}],"author":[{"embeddable":true,"href":"https:\/\/www.amag-group.ch\/blog\/wp-json\/wp\/v2\/users\/27"}],"replies":[{"embeddable":true,"href":"https:\/\/www.amag-group.ch\/blog\/wp-json\/wp\/v2\/comments?post=1523"}],"version-history":[{"count":0,"href":"https:\/\/www.amag-group.ch\/blog\/wp-json\/wp\/v2\/posts\/1523\/revisions"}],"wp:featuredmedia":[{"embeddable":true,"href":"https:\/\/www.amag-group.ch\/blog\/wp-json\/wp\/v2\/media\/1528"}],"wp:attachment":[{"href":"https:\/\/www.amag-group.ch\/blog\/wp-json\/wp\/v2\/media?parent=1523"}],"wp:term":[{"taxonomy":"category","embeddable":true,"href":"https:\/\/www.amag-group.ch\/blog\/wp-json\/wp\/v2\/categories?post=1523"},{"taxonomy":"post_tag","embeddable":true,"href":"https:\/\/www.amag-group.ch\/blog\/wp-json\/wp\/v2\/tags?post=1523"}],"curies":[{"name":"wp","href":"https:\/\/api.w.org\/{rel}","templated":true}]}}