{"id":13938,"date":"2019-05-17T09:32:36","date_gmt":"2019-05-17T07:32:36","guid":{"rendered":"https:\/\/www.amag-group.ch\/blog\/?p=13938"},"modified":"2019-06-03T11:58:54","modified_gmt":"2019-06-03T09:58:54","slug":"rolle-und-anforderungen-an-einen-club-praesidenten-coaching-und-teamspirit","status":"publish","type":"post","link":"https:\/\/www.amag-group.ch\/blog\/rolle-und-anforderungen-an-einen-club-praesidenten-coaching-und-teamspirit\/","title":{"rendered":"Rolle und Anforderungen an einen Club-Pr\u00e4sidenten, Coaching und Teamspirit"},"content":{"rendered":"<p>Am Freitag, 10. Mai 2019, lud die AMAG zu einer Premiere in die<a href=\"https:\/\/www.autowelt.amag.ch\/de\" target=\"_blank\" rel=\"noopener\"> AMAG Autowelt Z\u00fcrich<\/a> in D\u00fcbendorf ein. Zum ersten Mal trafen n\u00e4mlich der seit Ende M\u00e4rz neu amtierende Pr\u00e4sident des Grasshopper Club Z\u00fcrich Stephan Rietiker und FCZ Pr\u00e4sident Ancillo Canepa aufeinander. Kaum verwunderlich also, dass knapp 140 G\u00e4ste aus Politik und Wirtschaft bei dieser Ausgabe des AMAG Impuls Fr\u00fchst\u00fccks dabei waren. Im spannenden Talk, welcher von Rainer Maria Salzgeber moderiert wurde, sprachen die beiden Pr\u00e4sidenten \u00fcber Rolle und Anforderungen an einen Club-Pr\u00e4sidenten, Coaching und Teamspirit.<\/p>\n<div id=\"attachment_13949\" style=\"width: 286px\" class=\"wp-caption alignleft\"><img decoding=\"async\" aria-describedby=\"caption-attachment-13949\" class=\"wp-image-13949 size-medium\" src=\"https:\/\/www.amag-group.ch\/blog\/wp-content\/uploads\/2019\/05\/Stephan-Rietiker-276x414.jpg\" alt=\"Stephan Rietiker ist seit Ende M\u00e4rz 2019 der neue Pr\u00e4sident des Grasshopper Clubs Z\u00fcrich.\" width=\"276\" height=\"414\" srcset=\"https:\/\/www.amag-group.ch\/blog\/wp-content\/uploads\/2019\/05\/Stephan-Rietiker-276x414.jpg 276w, https:\/\/www.amag-group.ch\/blog\/wp-content\/uploads\/2019\/05\/Stephan-Rietiker-768x1152.jpg 768w, https:\/\/www.amag-group.ch\/blog\/wp-content\/uploads\/2019\/05\/Stephan-Rietiker.jpg 1280w\" sizes=\"(max-width: 276px) 100vw, 276px\" \/><p id=\"caption-attachment-13949\" class=\"wp-caption-text\">Stephan Rietiker ist seit Ende M\u00e4rz 2019 der neue Pr\u00e4sident des Grasshopper Clubs Z\u00fcrich.<\/p><\/div>\n<p>Nebst ihren Wappenfarben Blau-Weiss und der Tatsache, dass sich beide Z\u00fcrcher Stadtclub nennen, haben die beiden Teams noch eine weitere Gemeinsamkeit: Beide Fussballmannschaften blicken auf eine eher schlechte Saison zur\u00fcck. <sub><em>(Nach dem Spiel vom letzten Sonntag ist nun auch klar, dass GCZ definitiv absteigen wird. Der letzte Abstieg des Schweizer Rekordmeisters liegt 70 Jahre zur\u00fcck.)<\/em><\/sub><\/p>\n<p>Doch schon vor dem best\u00e4tigten Abstieg von GC sei f\u00fcr Stephan Rietiker klar gewesen, dass ein Umdenken stattfinden m\u00fcsse. Die Mannschaft m\u00fcsse auch in schwierigen Zeiten zusammenhalten und dies sei nur durch ein starkes WIR-Gef\u00fchl m\u00f6glich. \u00c4hnlich wie in einem Unternehmen m\u00fcsse auch ein Club-Pr\u00e4sident wie eine F\u00fchrungsperson handeln und verschiedene m\u00f6gliche Szenarien durchspielen. Nur so k\u00f6nne man bei zuk\u00fcnftigen Ereignissen schnell und korrekt reagieren.<\/p>\n<p>Darum w\u00e4re es f\u00fcr Stephan Rietiker umso wichtiger, das Tabuthema \u2018Abstieg\u2019 endlich zur Sprache zu bringen. Nur so setze man sich mit diesem Szenario auch wirklich auseinander, erg\u00e4nzte er. Zudem g\u00e4be es den Beteiligten auch eine gewisse Sicherheit, denn so w\u00fcssten sie, dass man sich auch bereits mit diesem m\u00f6glichen Fall auseinandersetze.<\/p>\n<h3>Die Teamzusammenstellung als essentieller Erfolgsfaktor<\/h3>\n<p>Als Pr\u00e4sident m\u00fcsse man zudem immer nach vorne schauen und offen kommunizieren, erg\u00e4nzte Ancillo Canepa. Gleichzeitig verlange er aber auch Fairness von Seiten der Spieler. Am Ende l\u00e4ge es nicht nur an ein, zwei Spielern, wenn ein Match verloren wird, sondern an der gesamten Mannschaftsleistung.<\/p>\n<div id=\"attachment_13946\" style=\"width: 1930px\" class=\"wp-caption aligncenter\"><img decoding=\"async\" aria-describedby=\"caption-attachment-13946\" class=\"wp-image-13946 size-full\" src=\"https:\/\/www.amag-group.ch\/blog\/wp-content\/uploads\/2019\/05\/Ancillo-Canepa.jpg\" alt=\"Ancillo Canepa (links), Pr\u00e4sident FC Z\u00fcrich, spricht \u00fcber Teamgeist und vorausschauendes Handeln.\" width=\"1920\" height=\"1280\" srcset=\"https:\/\/www.amag-group.ch\/blog\/wp-content\/uploads\/2019\/05\/Ancillo-Canepa.jpg 1920w, https:\/\/www.amag-group.ch\/blog\/wp-content\/uploads\/2019\/05\/Ancillo-Canepa-620x414.jpg 620w, https:\/\/www.amag-group.ch\/blog\/wp-content\/uploads\/2019\/05\/Ancillo-Canepa-768x512.jpg 768w, https:\/\/www.amag-group.ch\/blog\/wp-content\/uploads\/2019\/05\/Ancillo-Canepa-720x480.jpg 720w\" sizes=\"(max-width: 1920px) 100vw, 1920px\" \/><p id=\"caption-attachment-13946\" class=\"wp-caption-text\">Ancillo Canepa (links), Pr\u00e4sident FC Z\u00fcrich, spricht \u00fcber Teamgeist und vorausschauendes Handeln.<\/p><\/div>\n<p>Eine sinnvolle Teamzusammenstellung garantiere zwar noch keinen Sieg, aber sei dennoch ein essentieller Erfolgsfaktor, betonte Ancillo Canepa. Sei ein Trainer beispielsweise daf\u00fcr bekannt, dass er den j\u00fcngeren Spielern keine Chance g\u00e4be, eigne sich dieser nicht f\u00fcr eine Mannschaft, die vorwiegend aus jungen Spielern bestehe. \u00c4hnlich sei dies bei einem Unternehmen. Auch dort sei unter anderem eine sinnvolle Zusammenstellung der Mitarbeitenden und der Teamgedanke erfolgsentscheidend.<\/p>\n<h3>Unternehmerische Grunds\u00e4tze auch im Fussball<\/h3>\n<div id=\"attachment_13940\" style=\"width: 277px\" class=\"wp-caption alignright\"><img decoding=\"async\" aria-describedby=\"caption-attachment-13940\" class=\"wp-image-13940 size-medium\" src=\"https:\/\/www.amag-group.ch\/blog\/wp-content\/uploads\/2019\/05\/AIF-Autowelt-Morten-Hannesbo-267x414.jpg\" alt=\"Morten Hannesbo, CEO AMAG Group AG, sieht einige Parallelen zwischen der F\u00fchrung eines Unternehmens und einer Fussballmannschaft.\" width=\"267\" height=\"414\" srcset=\"https:\/\/www.amag-group.ch\/blog\/wp-content\/uploads\/2019\/05\/AIF-Autowelt-Morten-Hannesbo-267x414.jpg 267w, https:\/\/www.amag-group.ch\/blog\/wp-content\/uploads\/2019\/05\/AIF-Autowelt-Morten-Hannesbo-768x1193.jpg 768w, https:\/\/www.amag-group.ch\/blog\/wp-content\/uploads\/2019\/05\/AIF-Autowelt-Morten-Hannesbo.jpg 1236w\" sizes=\"(max-width: 267px) 100vw, 267px\" \/><p id=\"caption-attachment-13940\" class=\"wp-caption-text\">Morten Hannesbo, CEO AMAG Group AG, sieht einige Parallelen zwischen der F\u00fchrung eines Unternehmens und einer Fussballmannschaft.<\/p><\/div>\n<p>Auch Morten Hannesbo, CEO der AMAG Group AG, ist \u00fcberzeugt, dass es einige Parallelen zwischen der Unternehmensf\u00fchrung und dem F\u00fchren eines Fussballclubs g\u00e4be. Bei beiden w\u00fcrden Ziele definiert, bei beiden w\u00fcrden die Erfolge gefeiert und bei beiden seien diese auf die gute Zusammenarbeit vieler einzelner Personen zur\u00fcckzuf\u00fchren.<\/p>\n<p>F\u00fcr Stephan Rietiker und Ancillo Canepa ist klar, dass auch ein Fussballclub mit unternehmerischen Grunds\u00e4tzen gef\u00fchrt werden m\u00fcsse. Dabei d\u00fcrfe aber die Abh\u00e4ngigkeit vom sportlichen Erfolg nicht ausser Acht gelassen werden. Denn die Ertragskraft eines Clubs h\u00e4nge massiv von seinen Erfolgen ab. Zudem sei ein erfolgreicher Club viel attraktiver f\u00fcr m\u00f6gliche Sponsoren.<\/p>\n<p>Egal, ob in der Wirtschafts- oder Sportbranche, etwas haben beide gemeinsam, nur mit einer gewissen Stabilit\u00e4t und vorausschauendem Denken und Handeln sind die Weichen f\u00fcr eine sichere Zukunft richtig gestellt.<\/p>\n","protected":false},"excerpt":{"rendered":"<p>Zum ersten Mal trafen Stephan Rietiker, GC Z\u00fcrich Pr\u00e4sident und Ancillo Canepa, FCZ Pr\u00e4sident, aufeinander. Am AMAG Impuls Fr\u00fchst\u00fcck in der AMAG Autowelt Z\u00fcrich sprachen sie \u00fcber ihre Aufgaben und Herausforderungen als Clubpr\u00e4sidenten und erkl\u00e4rten, warum sich die F\u00fchrung einer Fussballmannschaft mit der Unternehmensf\u00fchrung vergleichen l\u00e4sst. <\/p>\n","protected":false},"author":40,"featured_media":13943,"comment_status":"open","ping_status":"open","sticky":false,"template":"","format":"standard","meta":{"_acf_changed":false,"inline_featured_image":false,"footnotes":""},"categories":[1232],"tags":[],"class_list":["post-13938","post","type-post","status-publish","format-standard","has-post-thumbnail","hentry","category-nachhaltigkeit"],"acf":[],"_links":{"self":[{"href":"https:\/\/www.amag-group.ch\/blog\/wp-json\/wp\/v2\/posts\/13938","targetHints":{"allow":["GET"]}}],"collection":[{"href":"https:\/\/www.amag-group.ch\/blog\/wp-json\/wp\/v2\/posts"}],"about":[{"href":"https:\/\/www.amag-group.ch\/blog\/wp-json\/wp\/v2\/types\/post"}],"author":[{"embeddable":true,"href":"https:\/\/www.amag-group.ch\/blog\/wp-json\/wp\/v2\/users\/40"}],"replies":[{"embeddable":true,"href":"https:\/\/www.amag-group.ch\/blog\/wp-json\/wp\/v2\/comments?post=13938"}],"version-history":[{"count":0,"href":"https:\/\/www.amag-group.ch\/blog\/wp-json\/wp\/v2\/posts\/13938\/revisions"}],"wp:featuredmedia":[{"embeddable":true,"href":"https:\/\/www.amag-group.ch\/blog\/wp-json\/wp\/v2\/media\/13943"}],"wp:attachment":[{"href":"https:\/\/www.amag-group.ch\/blog\/wp-json\/wp\/v2\/media?parent=13938"}],"wp:term":[{"taxonomy":"category","embeddable":true,"href":"https:\/\/www.amag-group.ch\/blog\/wp-json\/wp\/v2\/categories?post=13938"},{"taxonomy":"post_tag","embeddable":true,"href":"https:\/\/www.amag-group.ch\/blog\/wp-json\/wp\/v2\/tags?post=13938"}],"curies":[{"name":"wp","href":"https:\/\/api.w.org\/{rel}","templated":true}]}}