{"id":13544,"date":"2019-04-12T07:34:14","date_gmt":"2019-04-12T05:34:14","guid":{"rendered":"https:\/\/www.amag-group.ch\/blog\/?p=13544"},"modified":"2019-04-12T07:34:14","modified_gmt":"2019-04-12T05:34:14","slug":"mitarbeitende-im-fokus-gezim-zeqa","status":"publish","type":"post","link":"https:\/\/www.amag-group.ch\/blog\/mitarbeitende-im-fokus-gezim-zeqa\/","title":{"rendered":"Mitarbeitende im Fokus: Gezim Zeqa"},"content":{"rendered":"<h4>Was sind deine zwei Ratschl\u00e4ge an dein 14-j\u00e4hriges Ich?<\/h4>\n<p>Sich Zeit f\u00fcr das Erlernen von Fremdsprachen nehmen und Weiterbildungen machen. Wenn die M\u00f6glichkeit besteht, dann empfehle ich jedem einen Sprachaufenthalt zu machen. Denn dadurch erlernt man nicht nur die Sprache, sondern auch Vieles \u00fcber einen selber. Ich h\u00e4tte zudem im Deutschunterricht besser aufpassen sollen.<\/p>\n<div id=\"attachment_13554\" style=\"width: 1930px\" class=\"wp-caption aligncenter\"><img decoding=\"async\" aria-describedby=\"caption-attachment-13554\" class=\"wp-image-13554 size-full\" src=\"https:\/\/www.amag-group.ch\/blog\/wp-content\/uploads\/2019\/04\/Bild-5_Gezim.jpg\" alt=\"Gezim Zeqa, Teamleader Warehouse Operations\" width=\"1920\" height=\"1280\" srcset=\"https:\/\/www.amag-group.ch\/blog\/wp-content\/uploads\/2019\/04\/Bild-5_Gezim.jpg 1920w, https:\/\/www.amag-group.ch\/blog\/wp-content\/uploads\/2019\/04\/Bild-5_Gezim-620x414.jpg 620w, https:\/\/www.amag-group.ch\/blog\/wp-content\/uploads\/2019\/04\/Bild-5_Gezim-768x512.jpg 768w, https:\/\/www.amag-group.ch\/blog\/wp-content\/uploads\/2019\/04\/Bild-5_Gezim-720x480.jpg 720w\" sizes=\"(max-width: 1920px) 100vw, 1920px\" \/><p id=\"caption-attachment-13554\" class=\"wp-caption-text\">Gezim Zeqa, Teamleader Warehouse Operations<\/p><\/div>\n<h4>Welche Aufgaben beinhaltet die Funktion \u00abTeamleader Warehouse Operation\u00bb?<\/h4>\n<p>Ich bin sozusagen f\u00fcr das Tagesgesch\u00e4ft im Teilelogistikzentrum Buchs ZH zust\u00e4ndig. Dies beinhaltet unter anderem die t\u00e4gliche Personaleinteilung, die Rekrutierung von Festangestellten und Aushilfsmitarbeitenden und die Gew\u00e4hrleistung regelm\u00e4ssiger Mitarbeiterschulungen sowie Mitarbeitergespr\u00e4chen. Je nach Saison wird in den einzelnen Abteilungen mehr oder weniger Personal ben\u00f6tigt. Darum ist es wichtig, einen guten \u00dcberblick zu behalten und die Ressourcen effizient einzusetzen. <br \/>\nZudem geh\u00f6rt das Monitoring verschiedener operativer Bereiche zu meinem Alltag. Darunter fallen beispielsweise die Kontrolle und Optimierung der Abl\u00e4ufe im Wareneingang, aber auch die Prozess\u00fcberpr\u00fcfung in der Lagerung, Kommissionierung und Auslieferung.<\/p>\n<h4>Was gef\u00e4llt dir an deiner Arbeit am besten?<img decoding=\"async\" class=\"alignright size-medium wp-image-13557\" src=\"https:\/\/www.amag-group.ch\/blog\/wp-content\/uploads\/2019\/04\/Bild-6_Gezim-620x414.jpg\" alt=\"\" width=\"620\" height=\"414\" srcset=\"https:\/\/www.amag-group.ch\/blog\/wp-content\/uploads\/2019\/04\/Bild-6_Gezim-620x414.jpg 620w, https:\/\/www.amag-group.ch\/blog\/wp-content\/uploads\/2019\/04\/Bild-6_Gezim-768x512.jpg 768w, https:\/\/www.amag-group.ch\/blog\/wp-content\/uploads\/2019\/04\/Bild-6_Gezim-720x480.jpg 720w, https:\/\/www.amag-group.ch\/blog\/wp-content\/uploads\/2019\/04\/Bild-6_Gezim.jpg 1920w\" sizes=\"(max-width: 620px) 100vw, 620px\" \/><\/h4>\n<p>Die Arbeit und der Kontakt mit vielen unterschiedlichen Menschen gefallen mir besonders gut. Mein Aufgabenbereich ist sehr abwechslungsreich. Ich habe die M\u00f6glichkeit mit verschiedenen Abteilungen zusammenzuarbeiten, was mich t\u00e4glich vor neue Herausforderungen stellt, mir aber gleichzeitig grossen Spass macht.<\/p>\n<h4>Wie sieht deine bisherige Berufslaufbahn aus?<\/h4>\n<p>Ich bin mit 18 Jahren aus dem Kosovo in die Schweiz gefl\u00fcchtet. Zu Beginn war es eine schwierige Zeit so alleine und getrennt von der Familie in der Schweiz zu sein. Bevor ich zur AMAG kam, habe ich diverse Jobs gemacht. 1995 arbeitete ich f\u00fcr ein Jahr bei einem Hauswartungsunternehmen, bevor ich dann zwei Jahre bei einem Bauern in der Landwirtschaft t\u00e4tig war. Dort haben wir vor allem Obst und Gem\u00fcse f\u00fcr Spit\u00e4ler produziert. Von 1997 bis 2000 arbeitete ich auf dem Bau, schloss die Kranf\u00fchrerpr\u00fcfung ab und war auch als Eisenleger-Vorarbeiter in einem anderen Betrieb t\u00e4tig. <br \/>\nNachher zog es mich zur\u00fcck in meine Heimat. Dort er\u00f6ffnete ich eine Pizzeria mit Bar. Leider wurde nach drei Jahren das Geb\u00e4ude verkauft und so musste ich mein Gesch\u00e4ft schliessen. Zur\u00fcck in der Schweiz arbeitet ich vorerst weiter in der Gastronomie, bevor ich dann 2010 als Logistikmitarbeitender bei der AMAG begonnen habe. Danach war ich hier mit Teilelogistikzentrum in der Disposition t\u00e4tig und sp\u00e4ter konnte ich die Teamleitung f\u00fcr den Warenausgang \u00fcbernehmen. Seit 2014 bin ich nun als Teamleiter Warehouse Operation t\u00e4tig.<\/p>\n<p><img decoding=\"async\" class=\"aligncenter wp-image-13548 size-full\" src=\"https:\/\/www.amag-group.ch\/blog\/wp-content\/uploads\/2019\/04\/Bild-1_Gezim.jpg\" alt=\"\" width=\"1920\" height=\"1280\" srcset=\"https:\/\/www.amag-group.ch\/blog\/wp-content\/uploads\/2019\/04\/Bild-1_Gezim.jpg 1920w, https:\/\/www.amag-group.ch\/blog\/wp-content\/uploads\/2019\/04\/Bild-1_Gezim-620x414.jpg 620w, https:\/\/www.amag-group.ch\/blog\/wp-content\/uploads\/2019\/04\/Bild-1_Gezim-768x512.jpg 768w, https:\/\/www.amag-group.ch\/blog\/wp-content\/uploads\/2019\/04\/Bild-1_Gezim-720x480.jpg 720w\" sizes=\"(max-width: 1920px) 100vw, 1920px\" \/><\/p>\n<h4>Was w\u00fcrdest du deinem besten Freund \u00fcber die AMAG erz\u00e4hlen?<\/h4>\n<p>Bei der AMAG gibt es viele gute Leute und die Arbeit macht grossen Spass. Das Unternehmen ist gut organisiert, k\u00f6nnte aber noch etwas agiler sein. Wenn man weiterkommen will, unterst\u00fctzt einem die AMAG bestm\u00f6glich.<\/p>\n<h4><img decoding=\"async\" class=\"alignleft size-medium wp-image-13560\" src=\"https:\/\/www.amag-group.ch\/blog\/wp-content\/uploads\/2019\/04\/Bild-7_Gezim-556x414.jpg\" alt=\"\" width=\"556\" height=\"414\" srcset=\"https:\/\/www.amag-group.ch\/blog\/wp-content\/uploads\/2019\/04\/Bild-7_Gezim-556x414.jpg 556w, https:\/\/www.amag-group.ch\/blog\/wp-content\/uploads\/2019\/04\/Bild-7_Gezim-768x572.jpg 768w, https:\/\/www.amag-group.ch\/blog\/wp-content\/uploads\/2019\/04\/Bild-7_Gezim.jpg 1920w\" sizes=\"(max-width: 556px) 100vw, 556px\" \/>Was tust du, wenn du nicht arbeitest?<\/h4>\n<p>Ich gehe regelm\u00e4ssig Joggen. Im Sommer schwimme ich zudem auch gerne. An den Wochenenden treffe ich mich mit Freunden. Dabei spielen wir unter anderem Poker oder f\u00fchren interessante Gespr\u00e4che. Ebenfalls reise ich sehr gerne und erkunde nebst der Schweiz auch unsere Nachbarl\u00e4nder sowie mein anderes Heimatland.<\/p>\n<h4>Was ich sonst noch sagen wollte<\/h4>\n<p>Ich habe gelernt, dass man mit einem starken Willen und einer gewissen Portion Ehrgeiz Vieles erreichen kann. Man muss einfach immer an sich glauben und trotz allen Schwierigkeiten niemals aufgeben. Oftmals lohnt es sich, die Extrameile zu gehen.<\/p>\n","protected":false},"excerpt":{"rendered":"<p>Heute erz\u00e4hlt uns Gezim Zeqa, Teamleiter Warehouse Operation im Teilelogistikzentrum Buchs ZH, wie er zusammen mit seinem 52-k\u00f6pfigem Team den \u00dcberblick \u00fcber rund 100\u2018000 Ersatzteile h\u00e4lt. Er erz\u00e4hlt, wie er als Pizzeriabesitzer zur AMAG kam und weshalb es sich lohnt, die Extrameile zu gehen.<\/p>\n","protected":false},"author":40,"featured_media":13551,"comment_status":"open","ping_status":"open","sticky":false,"template":"","format":"standard","meta":{"_acf_changed":false,"inline_featured_image":false,"footnotes":""},"categories":[1230],"tags":[],"class_list":["post-13544","post","type-post","status-publish","format-standard","has-post-thumbnail","hentry","category-jobs-karriere"],"acf":[],"_links":{"self":[{"href":"https:\/\/www.amag-group.ch\/blog\/wp-json\/wp\/v2\/posts\/13544","targetHints":{"allow":["GET"]}}],"collection":[{"href":"https:\/\/www.amag-group.ch\/blog\/wp-json\/wp\/v2\/posts"}],"about":[{"href":"https:\/\/www.amag-group.ch\/blog\/wp-json\/wp\/v2\/types\/post"}],"author":[{"embeddable":true,"href":"https:\/\/www.amag-group.ch\/blog\/wp-json\/wp\/v2\/users\/40"}],"replies":[{"embeddable":true,"href":"https:\/\/www.amag-group.ch\/blog\/wp-json\/wp\/v2\/comments?post=13544"}],"version-history":[{"count":0,"href":"https:\/\/www.amag-group.ch\/blog\/wp-json\/wp\/v2\/posts\/13544\/revisions"}],"wp:featuredmedia":[{"embeddable":true,"href":"https:\/\/www.amag-group.ch\/blog\/wp-json\/wp\/v2\/media\/13551"}],"wp:attachment":[{"href":"https:\/\/www.amag-group.ch\/blog\/wp-json\/wp\/v2\/media?parent=13544"}],"wp:term":[{"taxonomy":"category","embeddable":true,"href":"https:\/\/www.amag-group.ch\/blog\/wp-json\/wp\/v2\/categories?post=13544"},{"taxonomy":"post_tag","embeddable":true,"href":"https:\/\/www.amag-group.ch\/blog\/wp-json\/wp\/v2\/tags?post=13544"}],"curies":[{"name":"wp","href":"https:\/\/api.w.org\/{rel}","templated":true}]}}