{"id":1332,"date":"2015-08-31T13:43:14","date_gmt":"2015-08-31T11:43:14","guid":{"rendered":"http:\/\/www.amag-group.ch\/blog\/?p=1332"},"modified":"2025-03-21T17:26:19","modified_gmt":"2025-03-21T16:26:19","slug":"sharoo-und-amag-als-gemeinsame-mobilitaetsanbieter","status":"publish","type":"post","link":"https:\/\/www.amag-group.ch\/blog\/sharoo-und-amag-als-gemeinsame-mobilitaetsanbieter\/","title":{"rendered":"sharoo und AMAG als gemeinsame Mobilit\u00e4tsanbieter"},"content":{"rendered":"<p>Schon im Jahr 2011 wurde sharoo vom Migros Tochterunternehmen m-way entwickelt. Als eigenst\u00e4ndige Aktiengesellschaft bringt sharoo seit 2013 das bereits in der Vermietung von Unterk\u00fcnften etablierte Prinzip des Teilens in die Schweizer Mobilit\u00e4tslandschaft. Das innovative Jungunternehmen steigert die Auslastung von Privat- und Firmenfahrzeugen, indem es sie f\u00fcr jedermann kosteng\u00fcnstig zug\u00e4nglich macht. F\u00fcr Vermieter und Mieter ist die L\u00f6sung denkbar einfach. S\u00e4mtliche Schritte \u2013 ein Fahrzeug in der N\u00e4he suchen, ausw\u00e4hlen, buchen, \u00f6ffnen und schliessen \u2013 erfolgen \u00fcber das Smartphone via Bluetooth. Eine Schl\u00fcssel\u00fcbergabe ist daher nicht mehr n\u00f6tig. M\u00f6glich ist dies vor allem basierend aufgrund der sharoo Box, die potentielle Vermieter von Fahrzeugen vor der Teilnahme an der Plattform in einer Werkstatt einfach installieren lassen k\u00f6nnen. Ein umfangreicher Versicherungsschutz ist dank der Partnerschaft mit der Schweizerischen Mobiliar Versicherungsgesellschaft gew\u00e4hrleistet, so dass das Teilen des jeweiligen Fahrzeugs sorglos erm\u00f6glicht wird. W\u00e4hrend Vermieter mit sharoo die Auslastung ihrer Autos optimieren und die Fixkosten senken, profitiert man als Automieter von kosteng\u00fcnstiger und \u00f6kologisch sinnvoller Mobilit\u00e4t auf Abruf. sharoo z\u00e4hlt heute bereits 15&#8217;000 Nutzer und verfolgt in einem vielversprechenden Markt ehrgeizige Wachstumsziele. Die Migros ist \u00fcber ihr Tochterunternehmen m-way Mehrheitsaktion\u00e4rin und finanziert mit ihren Partnern Mobiliar, Mobility und neu auch mit der AMAG das zukunftstr\u00e4chtige Unternehmen sharoo.<\/p>\n<div id=\"attachment_1362\" style=\"width: 543px\" class=\"wp-caption alignnone\"><img decoding=\"async\" aria-describedby=\"caption-attachment-1362\" class=\"size-full wp-multi-image wp-image-1362\" src=\"https:\/\/www.amag-group.ch\/blog\/wp-content\/uploads\/2015\/08\/sharoo_2.jpg\" alt=\"Bild: sharoo AG\" width=\"533\" height=\"800\" srcset=\"https:\/\/www.amag-group.ch\/blog\/wp-content\/uploads\/2015\/08\/sharoo_2.jpg 533w, https:\/\/www.amag-group.ch\/blog\/wp-content\/uploads\/2015\/08\/sharoo_2-276x414.jpg 276w\" sizes=\"(max-width: 533px) 100vw, 533px\" \/><p id=\"caption-attachment-1362\" class=\"wp-caption-text\">Bild: sharoo AG<\/p><\/div>\n<h2><strong>AMAG als Mobilit\u00e4tsanbieterin<\/strong><\/h2>\n<p>Die AMAG ist eine umfassende und bestens positionierte Mobilit\u00e4tsanbieterin und dar\u00fcber hinaus das gr\u00f6sste Automobilunternehmen der Schweiz. Die Fahrzeuge werden nicht nur verkauft, wir bei der \u00a0AMAG stellen deren Betrieb in allen Situationen sicher und erm\u00f6glichen den Menschen mit unserem eigenen Leasingunternehmen und weiteren Dienstleistungen, ihre Mobilit\u00e4tstr\u00e4ume zu erf\u00fcllen. Der Kunde und seine Bed\u00fcrfnisse stehen bei uns im Fokus, immer und \u00fcberall. Autofahrerinnen, Autofahrer und Firmenkunden schenken der AMAG Vertrauen, weil sie hier \u00fcber Qualit\u00e4t und Fachkompetenz hinaus mit einem exzellenten Service immer wieder positiv \u00fcberrascht werden. Die Anforderungen der Schweizer B\u00fcrger an Mobilit\u00e4t befinden sich derzeit in einem Wandel. Nicht mehr der Besitz eines eigenen Fahrzeugs steht unmittelbar im Zentrum, sondern der uneingeschr\u00e4nkte Zugang zu diversen Mobilit\u00e4tsdienstleistungen. Die AMAG hat die Zeichen der Zeit erkannt. Um auch weiterhin Marktf\u00fchrer zu sein, werden neue hier Wege beschritten. Es vollzieht sich aktuell ein Wandel vom Handelsunternehmen zum umfassenden Anbieter von Mobilit\u00e4t.<\/p>\n<p><img decoding=\"async\" class=\"size-full wp-multi-image wp-image-1361\" src=\"https:\/\/www.amag-group.ch\/blog\/wp-content\/uploads\/2015\/08\/sharoo_1.jpg\" alt=\"Bild: sharoo AG\" width=\"1200\" height=\"800\" srcset=\"https:\/\/www.amag-group.ch\/blog\/wp-content\/uploads\/2015\/08\/sharoo_1.jpg 1200w, https:\/\/www.amag-group.ch\/blog\/wp-content\/uploads\/2015\/08\/sharoo_1-620x414.jpg 620w, https:\/\/www.amag-group.ch\/blog\/wp-content\/uploads\/2015\/08\/sharoo_1-768x512.jpg 768w, https:\/\/www.amag-group.ch\/blog\/wp-content\/uploads\/2015\/08\/sharoo_1-720x480.jpg 720w\" sizes=\"(max-width: 1200px) 100vw, 1200px\" \/><\/p>\n<p>Bereits heute ist die AMAG in diversen Mobilit\u00e4tskonzepten unterwegs. Dazu z\u00e4hlt seit 1996 die Europcar-Lizenz f\u00fcr die Schweiz, der Besitz diverser Parkh\u00e4user in verschiedenen Schweizer St\u00e4dten, Valetparking an Flugh\u00e4fen, die Partnerschaft mit Mobility sowie die exklusive Zusammenarbeit auf Projektbasis mit Mobility Catch-a-Car. Ein weiterer Schritt der AMAG in die Richtung als Anbieter von Mobilit\u00e4t ist daher die zehnprozentige Beteiligung mittels einer Kapitalerh\u00f6hung an der sharoo AG. Dies ist auch im Sinne der Volkswagen AG, deren Chef Martin Winterkorn k\u00fcrzlich die Richtung f\u00fcr die zuk\u00fcnftige Gesch\u00e4ftst\u00e4tigkeit auf einer internen Konferenz vorgab:<\/p>\n<blockquote>\n<p>Beweger statt Bewahrer, Mobilit\u00e4tserm\u00f6glicher statt reiner Autobauer.<\/p>\n<\/blockquote>\n<h2><strong>Wachstumspotential<\/strong><\/h2>\n<p>Auf den Schweizer Strassen verkehren gesamthaft 4.25 Millionen Personenwagen. Diese stehen durchschnittlich 23 von 24 Stunden ungenutzt still. Gem\u00e4ss einer Studie des Beratungsunternehmens Deloitte (\u00abSharing Economy: Teile und verdiene! Wo steht die Schweiz?\u00bb) ist der Schweizer Markt interessant und reif f\u00fcr das Prinzip des Teilens. Das gr\u00f6sste Wachstumspotential wird in den Bereichen Unterkunft und Mobilit\u00e4t prognostiziert. sharoo sieht ebenfalls die M\u00f6glichkeiten, die sich aufgrund der ver\u00e4nderten Anspr\u00fcche an Mobilit\u00e4t ergeben haben. Hierzu Carmen Spielmann, CEO der sharoo AG: \u00abDie von sharoo entwickelte Technologie ist wegweisend und hat sich in der Startphase einwandfrei bew\u00e4hrt. Zudem haben wir die richtigen Partner im R\u00fccken. Wir sind bereit, das \u201eAirbnb f\u00fcr Mobilit\u00e4t\u201c zu werden.\u00bb<br \/>\nAuch wir bei der AMAG blicken optimistisch in die Zukunft: Wir freuen uns sehr auf die vielf\u00e4ltigen und zukunftstr\u00e4chtigen M\u00f6glichkeiten dieser einmaligen Allianz von starken Schweizer Firmen.<\/p>\n<p>Es besteht in der Schweiz grosses Potential, die Auslastung der ungenutzten Fahrzeuge mithilfe des Teilens derselben zu optimieren und auf dieser Basis eine zuk\u00fcnftige erfolgreiche Gesch\u00e4ftst\u00e4tigkeit in der Mobilit\u00e4t sicherzustellen.<\/p>\n<p>&nbsp;<\/p>\n<h5>Das Gesch\u00e4ft von Catch a Car wurde anfangs 2019 vollumf\u00e4nglich in die Angebotswelt von Mobility integriert. In diesem Zuge kaufte Mobility s\u00e4mtliche Aktien der Projektpartner AMAG und Allianz Suisse zur\u00fcck. Die AMAG bleibt Mobility auch weiterhin als Fahrzeuglieferant erhalten.<\/h5>\n<p>&nbsp;<\/p>\n<p><span style=\"text-decoration: underline;\"><a href=\"http:\/\/www.amag.ch\/content\/amagch\/corp\/de\/newsletter\/anmeldeformular_Blog.html\">Aktuelles und Hintergr\u00fcnde aus der Welt des Autos.\u00a0<\/a><strong><a href=\"http:\/\/www.amag.ch\/content\/amagch\/corp\/de\/newsletter\/anmeldeformular_Blog.html\">Jetzt abonnieren.<\/a><\/strong><\/span><\/p>\n","protected":false},"excerpt":{"rendered":"<p>Nicht nur in der Schweiz ver\u00e4ndern sich die Mobilit\u00e4tsbed\u00fcrfnisse und \u2013anspr\u00fcche der Menschen. Heutzutage m\u00f6chte nicht mehr jeder ein eigenes Fahrzeug besitzen, sondern nur dann eines nutzen, wenn er dieses auch wirklich ben\u00f6tigt. Der Trend geht in Richtung neuer Mobilit\u00e4tskonzepte, zu denen beispielsweise die Plattformen Mobility (Pionier und Marktf\u00fchrer) oder eben sharoo geh\u00f6ren. Neben der Migros, Mobiliar und Mobility beteiligt sich neu auch die AMAG an sharoo. Ich, Bernhard Soltermann (Managing Director AMAG Import und Konzernleitungsmitglied) werde zudem einen Sitz im Verwaltungsrat der sharoo AG einnehmen.<\/p>\n","protected":false},"author":36,"featured_media":1354,"comment_status":"open","ping_status":"open","sticky":false,"template":"","format":"standard","meta":{"_acf_changed":false,"inline_featured_image":false,"footnotes":""},"categories":[9960],"tags":[],"class_list":["post-1332","post","type-post","status-publish","format-standard","has-post-thumbnail","hentry","category-moebilitaet-der-zukunft"],"acf":[],"_links":{"self":[{"href":"https:\/\/www.amag-group.ch\/blog\/wp-json\/wp\/v2\/posts\/1332","targetHints":{"allow":["GET"]}}],"collection":[{"href":"https:\/\/www.amag-group.ch\/blog\/wp-json\/wp\/v2\/posts"}],"about":[{"href":"https:\/\/www.amag-group.ch\/blog\/wp-json\/wp\/v2\/types\/post"}],"author":[{"embeddable":true,"href":"https:\/\/www.amag-group.ch\/blog\/wp-json\/wp\/v2\/users\/36"}],"replies":[{"embeddable":true,"href":"https:\/\/www.amag-group.ch\/blog\/wp-json\/wp\/v2\/comments?post=1332"}],"version-history":[{"count":1,"href":"https:\/\/www.amag-group.ch\/blog\/wp-json\/wp\/v2\/posts\/1332\/revisions"}],"predecessor-version":[{"id":31779,"href":"https:\/\/www.amag-group.ch\/blog\/wp-json\/wp\/v2\/posts\/1332\/revisions\/31779"}],"wp:featuredmedia":[{"embeddable":true,"href":"https:\/\/www.amag-group.ch\/blog\/wp-json\/wp\/v2\/media\/1354"}],"wp:attachment":[{"href":"https:\/\/www.amag-group.ch\/blog\/wp-json\/wp\/v2\/media?parent=1332"}],"wp:term":[{"taxonomy":"category","embeddable":true,"href":"https:\/\/www.amag-group.ch\/blog\/wp-json\/wp\/v2\/categories?post=1332"},{"taxonomy":"post_tag","embeddable":true,"href":"https:\/\/www.amag-group.ch\/blog\/wp-json\/wp\/v2\/tags?post=1332"}],"curies":[{"name":"wp","href":"https:\/\/api.w.org\/{rel}","templated":true}]}}