{"id":1298,"date":"2015-08-18T15:48:32","date_gmt":"2015-08-18T13:48:32","guid":{"rendered":"http:\/\/www.amag-group.ch\/blog\/?p=1298"},"modified":"2020-04-23T09:28:28","modified_gmt":"2020-04-23T07:28:28","slug":"mitarbeitende-im-fokus-roman-heggli","status":"publish","type":"post","link":"https:\/\/www.amag-group.ch\/blog\/mitarbeitende-im-fokus-roman-heggli\/","title":{"rendered":"Mitarbeitende im Fokus: Roman Heggli"},"content":{"rendered":"<p><strong>Was sind deine zwei Ratschl\u00e4ge an dein 14-j\u00e4hriges Ich?<\/strong><\/p>\n<p>Wieder eine Lehre als Automechaniker machen (heute Automobil-Mechatroniker). Ich finde, dass eine handwerkliche Lehre immer noch eine gute Grundlage ist und die Arbeit im Autogewerbe gef\u00e4llt mir nach wie vor. Ausserdem w\u00fcrde ich meinem 14-j\u00e4hrigen Ich den Rat geben, ins Ausland zu gehen, um Fremdsprachen zu lernen. Dies empfehle ich heute auch meinen eigenen Kindern.<\/p>\n<p><strong>Was macht man als Regionen-Administrator?<\/strong><\/p>\n<p>Wir sind die Schnittstelle zwischen den uns zugeordneten Betrieben in den Bereichen Finanzen, Controlling und Human Resources. Dabei unterst\u00fctzen wir den Regionenleiter und den Gesch\u00e4ftsf\u00fchrer in kaufm\u00e4nnischen Belangen und sind zudem auch Ansprechperson f\u00fcr die Mitarbeitenden\u00a0der Betriebe in allen administrativen Angelegenheiten.<\/p>\n<p>Wir sind sowohl f\u00fcr die Kreditoren- als auch Debitorenverwaltung im jeweiligen Zust\u00e4ndigkeitsbereich verantwortlich. Dabei ist es unsere Aufgabe, Fehler bzw. Differenzen zu erkennen und diese zu beheben. Auf der Kreditorenseite kontrollieren, visieren und kontieren wir die Rechnungen innerhalb der uns zugeteilten Betriebe. Im Weiteren sind wir stark in den Monatsabschluss, Jahresabschluss in die Budgetierung sowie in das Fahrzeuginventar involviert.<\/p>\n<p>Ausserdem geh\u00f6ren das Controlling der offenen Flotten- und Pr\u00e4mienr\u00fcckverg\u00fctungen, die \u00dcberwachung diverser Sachkonten, die Bruttogewinnauswertungen sowie die \u00dcberwachung und Freigabe der Verk\u00e4uferprovisionen zu meinen T\u00e4tigkeiten. Zuletzt \u00fcbernehme ich auch die Koordination und Durchf\u00fchrung von Pr\u00fcfpunkten und Berichterstattung gem\u00e4ss Vorgaben unseres internen Kontrollsystems.<\/p>\n<div id=\"attachment_1302\" style=\"width: 810px\" class=\"wp-caption alignnone\"><img decoding=\"async\" aria-describedby=\"caption-attachment-1302\" class=\"size-full wp-multi-image wp-image-1302\" src=\"https:\/\/www.amag-group.ch\/blog\/wp-content\/uploads\/2015\/08\/IMG_5843.jpg\" alt=\"Roman Heggli an seinem Arbeitsplatz\" width=\"800\" height=\"405\" srcset=\"https:\/\/www.amag-group.ch\/blog\/wp-content\/uploads\/2015\/08\/IMG_5843.jpg 800w, https:\/\/www.amag-group.ch\/blog\/wp-content\/uploads\/2015\/08\/IMG_5843-620x314.jpg 620w, https:\/\/www.amag-group.ch\/blog\/wp-content\/uploads\/2015\/08\/IMG_5843-768x389.jpg 768w\" sizes=\"(max-width: 800px) 100vw, 800px\" \/><p id=\"caption-attachment-1302\" class=\"wp-caption-text\">Roman Heggli an seinem Arbeitsplatz<\/p><\/div>\n<p><strong>Was gef\u00e4llt dir an deiner Arbeit am besten?<\/strong><\/p>\n<p>Den Bereich Controlling finde ich sehr spannend und dieser macht mir Spass. Es ist eine abwechslungsreiche T\u00e4tigkeit, die mich jeden Tag aufs Neue herausfordert.<\/p>\n<p><strong>Wie sieht deine bisherige Berufslaufbahn aus? <\/strong><\/p>\n<p>Ich habe eine Lehre als Automechaniker absolviert. Anschliessend habe ich acht Jahre auf diesem Beruf gearbeitet und w\u00e4hrend dieser Zeit eine kaufm\u00e4nnische Weiterbildung absolviert. Nach erfolgreichem Abschluss konnte ich 1988 die frei gewordene Stelle als Garantiesachbearbeiter bei der AMAG \u00fcbernehmen und nun arbeite ich seit mittlerweile fast 10 Jahren in der Buchhaltung.<\/p>\n<p><strong>Was w\u00fcrdest du deinem besten Freund \u00fcber die AMAG erz\u00e4hlen?<\/strong><\/p>\n<p>Ich bin \u00e4usserst zufrieden mit meiner Anstellung bei der AMAG. Meiner Meinung nach ist die AMAG nach wie vor eine gute Arbeitgeberin. Wir haben eine sehr grosse Fahrzeugpalette mit extrem interessanten Produkten. Autos haben mich schon immer fasziniert und ich bin stolz darauf, als eine Art Drehscheibe in der Automobilbranche zu fungieren.<\/p>\n<p><strong>Was tust du, wenn du nicht arbeitest? <\/strong><\/p>\n<p>In meiner Freizeit mache ich gerne Sport wie Squash, Ski fahren oder Biken. Ausserdem verreise ich gerne mit meiner Familie, sei es in die Berge oder irgendwo ans Meer.<\/p>\n<p><strong>Was ich sonst noch sagen wollte <\/strong><\/p>\n<p>Zurzeit weht dem Automobilgewerbe ein rauer Wind um die Ohren. Aber die AMAG hat schon viele St\u00fcrme \u00fcberstanden und ich bin \u00fcberzeugt, dass sie auf dem richtigen Weg ist. Denn wenn es dem Arbeitgeber gut geht, geht es auch dem Arbeitnehmer gut.<\/p>\n<div id=\"attachment_1303\" style=\"width: 810px\" class=\"wp-caption alignnone\"><img decoding=\"async\" aria-describedby=\"caption-attachment-1303\" class=\"size-full wp-multi-image wp-image-1303\" src=\"https:\/\/www.amag-group.ch\/blog\/wp-content\/uploads\/2015\/08\/IMG_5845.jpg\" alt=\"Roman Heggli\" width=\"800\" height=\"433\" srcset=\"https:\/\/www.amag-group.ch\/blog\/wp-content\/uploads\/2015\/08\/IMG_5845.jpg 800w, https:\/\/www.amag-group.ch\/blog\/wp-content\/uploads\/2015\/08\/IMG_5845-620x336.jpg 620w, https:\/\/www.amag-group.ch\/blog\/wp-content\/uploads\/2015\/08\/IMG_5845-768x416.jpg 768w\" sizes=\"(max-width: 800px) 100vw, 800px\" \/><p id=\"caption-attachment-1303\" class=\"wp-caption-text\">Roman Heggli<\/p><\/div>\n<p>&nbsp;<\/p>\n<p><a href=\"http:\/\/www.amag.ch\/content\/amagch\/corp\/de\/newsletter\/anmeldeformular_Blog.html\">Aktuelles und Hintergr\u00fcnde aus der Welt des Autos.\u00a0<\/a><span style=\"text-decoration: underline;\"><strong><a href=\"http:\/\/www.amag.ch\/content\/amagch\/corp\/de\/newsletter\/anmeldeformular_Blog.html\">Jetzt abonnieren.<\/a><\/strong><\/span><\/p>\n","protected":false},"excerpt":{"rendered":"<p>Heute erz\u00e4hlt uns Roman Heggli, Regionen-Administrator, im Interview von seiner T\u00e4tigkeit bei der AMAG. Der Autoliebhaber arbeitet bereits seit mehr als 30 Jahren bei der AMAG und beh\u00e4lt stets den \u00dcberblick \u00fcber die Finanzen der Retailbetriebe, f\u00fcr die er zust\u00e4ndig ist. Welche spannenden Aufgaben zu seinem Job z\u00e4hlen und welchen Ausgleich er zu seinem Beruf hat, erz\u00e4hlt er im Interview.<\/p>\n","protected":false},"author":27,"featured_media":1326,"comment_status":"closed","ping_status":"open","sticky":false,"template":"","format":"standard","meta":{"_acf_changed":false,"inline_featured_image":false,"footnotes":""},"categories":[1230],"tags":[],"class_list":["post-1298","post","type-post","status-publish","format-standard","has-post-thumbnail","hentry","category-jobs-karriere"],"acf":[],"_links":{"self":[{"href":"https:\/\/www.amag-group.ch\/blog\/wp-json\/wp\/v2\/posts\/1298","targetHints":{"allow":["GET"]}}],"collection":[{"href":"https:\/\/www.amag-group.ch\/blog\/wp-json\/wp\/v2\/posts"}],"about":[{"href":"https:\/\/www.amag-group.ch\/blog\/wp-json\/wp\/v2\/types\/post"}],"author":[{"embeddable":true,"href":"https:\/\/www.amag-group.ch\/blog\/wp-json\/wp\/v2\/users\/27"}],"replies":[{"embeddable":true,"href":"https:\/\/www.amag-group.ch\/blog\/wp-json\/wp\/v2\/comments?post=1298"}],"version-history":[{"count":0,"href":"https:\/\/www.amag-group.ch\/blog\/wp-json\/wp\/v2\/posts\/1298\/revisions"}],"wp:featuredmedia":[{"embeddable":true,"href":"https:\/\/www.amag-group.ch\/blog\/wp-json\/wp\/v2\/media\/1326"}],"wp:attachment":[{"href":"https:\/\/www.amag-group.ch\/blog\/wp-json\/wp\/v2\/media?parent=1298"}],"wp:term":[{"taxonomy":"category","embeddable":true,"href":"https:\/\/www.amag-group.ch\/blog\/wp-json\/wp\/v2\/categories?post=1298"},{"taxonomy":"post_tag","embeddable":true,"href":"https:\/\/www.amag-group.ch\/blog\/wp-json\/wp\/v2\/tags?post=1298"}],"curies":[{"name":"wp","href":"https:\/\/api.w.org\/{rel}","templated":true}]}}