{"id":1274,"date":"2015-07-29T15:08:24","date_gmt":"2015-07-29T13:08:24","guid":{"rendered":"http:\/\/www.amag-group.ch\/blog\/?p=1274"},"modified":"2025-03-21T13:38:50","modified_gmt":"2025-03-21T12:38:50","slug":"mit-vollgas-in-die-zukunft","status":"publish","type":"post","link":"https:\/\/www.amag-group.ch\/blog\/mit-vollgas-in-die-zukunft\/","title":{"rendered":"Mit Vollgas in die Zukunft"},"content":{"rendered":"<p>Das Spektrum der Ausbildungsberufe bei der AMAG ist sehr breit gef\u00e4chert. Angeboten werden die folgenden Lehrberufe: Automobil-Mechatroniker\/in EFZ, Automobil-Fachfrau\/-mann EFZ, Automobil-Assistent\/-in EBA, Carrossier\/-in Lackiererei EFZ, Carrossier\/-in Spenglerei EFZ, Lackierassistent\/-in EBA, Logistiker\/-in EFZ, Informatiker\/-in EFZ, Mediamatiker\/-in EFZ, Detailhandelsfachfrau\/-mann EFZ, Detailhandelsassistent\/-in EBA sowie Kauffrau\/-mann EFZ. Diverse Ausbildungscenter sorgen daf\u00fcr, dass sich die Mitarbeiter auch nach ihrem Lehrabschluss in den verschiedensten Bereichen weiterbilden k\u00f6nnen. Rund 20 Prozent der AMAG Belegschaft sind st\u00e4ndig in Ausbildung. Das ist rekordverd\u00e4chtig und ein Beweis, dass die AMAG zukunftswirksam in ihre Mitarbeiter investiert. Mit der im Jahr 2014 gegr\u00fcndeten AMAG Academy bietet die AMAG ihren Mitarbeitenden auf allen Stufen die M\u00f6glichkeit, sich intern aus- und weiterzubilden. Die Academy ist in die Bereiche Berufsbildung, Technik, Sales, Aftersales und Leadership &amp; Development unterteilt und soll den Gedanken des lebenslangen Lernens und\u00a0 der Karriereplanung f\u00fcr die AMAG und ihre Partner vollumf\u00e4nglich unterst\u00fctzen, entwickeln und professionalisieren. Das breitgef\u00e4cherte Angebot an jobspezifischen Kursen und Schulungen unterst\u00fctzt die Mitarbeitenden vom Lernenden bis zur F\u00fchrungskraft dabei, ihr Fachwissen zu vertiefen oder zu erweitern.<\/p>\n<p>Die Nachwuchsf\u00f6rderung wird bei der AMAG nicht nur in der Theorie, sondern auch in der Praxis gross geschrieben. Per Ende der Jahres 2014 waren insgesamt 5480 Personen bei der AMAG angestellt, davon fast 700 Lernende. Dies entspricht etwa 13 Prozent der Gesamtbelegschaft und damit rund dreimal mehr als dem durchschnittlichen Engagement von Firmen vergleichbarer Gr\u00f6sse. Die AMAG ist damit eine der gr\u00f6ssten Ausbildungsst\u00e4tten der Schweiz. Die Lehrstellen sind unter anderem in den \u00fcber 80 eigenen Retailbetrieben und an den Standorten des Gesch\u00e4ftsbereichs Import \u00fcber die ganze Schweiz verteilt.<\/p>\n<div id=\"attachment_1284\" style=\"width: 1954px\" class=\"wp-caption alignnone\"><img decoding=\"async\" aria-describedby=\"caption-attachment-1284\" class=\"size-full wp-multi-image wp-image-1284\" src=\"https:\/\/www.amag-group.ch\/blog\/wp-content\/uploads\/2015\/07\/alle-Lernenden_klein.jpg\" alt=\"Neue Lernende der AMAG an ihrem Welcome Day 2014\" width=\"1944\" height=\"1296\" srcset=\"https:\/\/www.amag-group.ch\/blog\/wp-content\/uploads\/2015\/07\/alle-Lernenden_klein.jpg 1944w, https:\/\/www.amag-group.ch\/blog\/wp-content\/uploads\/2015\/07\/alle-Lernenden_klein-620x414.jpg 620w, https:\/\/www.amag-group.ch\/blog\/wp-content\/uploads\/2015\/07\/alle-Lernenden_klein-768x512.jpg 768w, https:\/\/www.amag-group.ch\/blog\/wp-content\/uploads\/2015\/07\/alle-Lernenden_klein-720x480.jpg 720w\" sizes=\"(max-width: 1944px) 100vw, 1944px\" \/><p id=\"caption-attachment-1284\" class=\"wp-caption-text\">Neue Lernende der AMAG an ihrem Welcome Day 2014<\/p><\/div>\n<p>Dass die Ausbildung von Lernenden bei der AMAG einen besonders hohen Stellenwert hat, zeigt sich an verschiedenen Beispielen. So ist die AMAG als einer der Schweizer Partner dem Nestl\u00e9-Programm \u00abAlliance for Youth\u00bb beigetreten und wird auch in Zukunft j\u00e4hrlich mindestens 150 Lehrstellenpl\u00e4tze anbieten. Die entsprechende Vereinbarung mit verschiedenen Schweizer Unternehmen wurde am 18. September 2014 in Vevey unterzeichnet. Mit der Youth Employment Initiative will Nestl\u00e9 in drei Jahren 20\u2018000 Jugendlichen eine Jobperspektive bieten und damit ein klares Signal zur Bek\u00e4mpfung der Jugendarbeitslosigkeit in Europa setzen. \u00dcber die \u00abAlliance for Youth\u00bb haben sich bereits verschiedene andere Unternehmen dieser Initiative angeschlossen, darunter Adecco, Axa, Cargill, Facebook, Google, Nielsen, Twitter sowie die Publicis Gruppe. Mit Firmen aus der Privatwirtschaft will dieser Zusammenschluss gegen die Jugendarbeitslosigkeit in Europa, aber auch lokal in der Schweiz ank\u00e4mpfen. Die AMAG verpflichtet sich somit, junge Menschen bei ihrem Karrierestart zu unterst\u00fctzen.<\/p>\n<p>F\u00fcr qualifizierte Handwerksberufe sind vielfach nur wenige talentierte Jugendliche zu begeistern, so dass eine grosse Nachfrage nach hervorragenden Lernenden in der Branche besteht. Dahingehend m\u00f6chte die AMAG als Arbeitgeberin f\u00fcr junge Auszubildende so attraktiv wie m\u00f6glich sein, auch um eine Bindung der Auszubildenden an das Unternehmen zu erreichen. Die AMAG hat daher das Young Talents-Programm eingef\u00fchrt, welches gute Leistungen \u00fcber F\u00f6rderprogramme honoriert und die Ausbildungsqualit\u00e4t der Lernenden bei der AMAG erh\u00f6hen soll. Lernende eines Automobil-Mechatroniker- , Detailfachhandel-, Logistik- oder Karosserieberufes im 3. oder 4. Lehrjahr, die sowohl im Betrieb, als auch in der Berufsschule und in den \u00fcberbetrieblichen Kursen ausserordentlich gute Leistungen zeigen, k\u00f6nnen am Young Talents-Programm teilnehmen. Sie lernen in Kursen zusammen mit erfahrenen Mitarbeitern, die ihre Ausbildung bereits beendet haben und k\u00f6nnen so in vielerlei Hinsicht profitieren.<\/p>\n<p>Seit 1956 hat die AMAG als schweizweit erstes Unternehmen so genannte Einf\u00fchrungskurse f\u00fcr verschiedener Berufe im Automobilgewerbe selbst durchgef\u00fchrt. Heute heissen diese Kurse \u00fcberbetriebliche Kurse und vermitteln detailliertes Wissen ausserhalb des hektischen Tagesgesch\u00e4fts in den Betrieben. In den meisten Berufen z\u00e4hlen die \u00fcberbetrieblichen Kurse mittlerweile zum Qualifikationsverfahren (ehemals Lehrabschlusspr\u00fcfung) und sind zudem von Bedeutung f\u00fcr die Teilnahme am Young Talents-Programm der AMAG.<\/p>\n<div id=\"attachment_1286\" style=\"width: 2058px\" class=\"wp-caption alignnone\"><img decoding=\"async\" aria-describedby=\"caption-attachment-1286\" class=\"size-full wp-multi-image wp-image-1286\" src=\"https:\/\/www.amag-group.ch\/blog\/wp-content\/uploads\/2015\/07\/IMG_5807-Import.jpg\" alt=\"Lehrabg\u00e4nger AMAG Import 2015 (nicht alle anwesend)\" width=\"2048\" height=\"1360\" srcset=\"https:\/\/www.amag-group.ch\/blog\/wp-content\/uploads\/2015\/07\/IMG_5807-Import.jpg 2048w, https:\/\/www.amag-group.ch\/blog\/wp-content\/uploads\/2015\/07\/IMG_5807-Import-620x412.jpg 620w, https:\/\/www.amag-group.ch\/blog\/wp-content\/uploads\/2015\/07\/IMG_5807-Import-768x510.jpg 768w\" sizes=\"(max-width: 2048px) 100vw, 2048px\" \/><p id=\"caption-attachment-1286\" class=\"wp-caption-text\">Lehrabg\u00e4nger AMAG Import 2015 (nicht alle anwesend)<\/p><\/div>\n<p>Auch im Jahr 2015 zeigt sich wieder, dass die AMAG einer der gr\u00f6ssten Ausbildungsbetriebe der Schweiz ist, von den insgesamt \u00fcber 700 Auszubildenden schliessen 211 ihre Ausbildung in einem der zahlreichen Lehrberufe ab. Die AMAG freut sich und w\u00fcnscht allen Lernenden alles Gute auf ihrem weiteren beruflichen und privaten Weg.<\/p>\n<p>F\u00fcr die Verabschiedung war in diesem Jahr die Kreativit\u00e4t der Lernenden selbst gefragt, das Ergebnis gibt es hier zu sehen:<br \/>\n<iframe src=\"https:\/\/www.youtube.com\/embed\/WS6e6ks0PXw\" width=\"560\" height=\"315\" frameborder=\"0\" allowfullscreen=\"allowfullscreen\"><\/iframe><\/p>\n<p><strong><a href=\"http:\/\/www.amag.ch\/content\/amagch\/corp\/de\/newsletter\/anmeldeformular_Blog.html\">Aktuelles und Hintergr\u00fcnde aus der Welt des Autos.\u00a0<\/a><\/strong><span style=\"text-decoration: underline;\"><a href=\"http:\/\/www.amag.ch\/content\/amagch\/corp\/de\/newsletter\/anmeldeformular_Blog.html\">Jetzt abonnieren.<\/a><\/span><\/p>\n","protected":false},"excerpt":{"rendered":"<p>Wer seinen Kunden mehr bieten m\u00f6chte als andere, ist auf gut ausgebildete und hoch motivierte Profis angewiesen. Deshalb hat die Ausbildung von Lernenden bei der AMAG einen besonders hohen Stellenwert. Das zeigt sich schon im Lehrstellenangebot der AMAG. Sowohl im technischen als auch im kaufm\u00e4nnischen Bereich liegt es weit \u00fcber dem Landesdurchschnitt. Moderne Ausbildungskonzepte ebnen den beruflichen Zielen junger Menschen den Weg und er\u00f6ffnen neue M\u00f6glichkeiten.<\/p>\n","protected":false},"author":27,"featured_media":1734,"comment_status":"open","ping_status":"open","sticky":false,"template":"","format":"standard","meta":{"_acf_changed":false,"inline_featured_image":false,"footnotes":""},"categories":[9816],"tags":[],"class_list":["post-1274","post","type-post","status-publish","format-standard","has-post-thumbnail","hentry","category-next-generation"],"acf":[],"_links":{"self":[{"href":"https:\/\/www.amag-group.ch\/blog\/wp-json\/wp\/v2\/posts\/1274","targetHints":{"allow":["GET"]}}],"collection":[{"href":"https:\/\/www.amag-group.ch\/blog\/wp-json\/wp\/v2\/posts"}],"about":[{"href":"https:\/\/www.amag-group.ch\/blog\/wp-json\/wp\/v2\/types\/post"}],"author":[{"embeddable":true,"href":"https:\/\/www.amag-group.ch\/blog\/wp-json\/wp\/v2\/users\/27"}],"replies":[{"embeddable":true,"href":"https:\/\/www.amag-group.ch\/blog\/wp-json\/wp\/v2\/comments?post=1274"}],"version-history":[{"count":1,"href":"https:\/\/www.amag-group.ch\/blog\/wp-json\/wp\/v2\/posts\/1274\/revisions"}],"predecessor-version":[{"id":31714,"href":"https:\/\/www.amag-group.ch\/blog\/wp-json\/wp\/v2\/posts\/1274\/revisions\/31714"}],"wp:featuredmedia":[{"embeddable":true,"href":"https:\/\/www.amag-group.ch\/blog\/wp-json\/wp\/v2\/media\/1734"}],"wp:attachment":[{"href":"https:\/\/www.amag-group.ch\/blog\/wp-json\/wp\/v2\/media?parent=1274"}],"wp:term":[{"taxonomy":"category","embeddable":true,"href":"https:\/\/www.amag-group.ch\/blog\/wp-json\/wp\/v2\/categories?post=1274"},{"taxonomy":"post_tag","embeddable":true,"href":"https:\/\/www.amag-group.ch\/blog\/wp-json\/wp\/v2\/tags?post=1274"}],"curies":[{"name":"wp","href":"https:\/\/api.w.org\/{rel}","templated":true}]}}