{"id":1190,"date":"2015-07-10T14:47:59","date_gmt":"2015-07-10T12:47:59","guid":{"rendered":"http:\/\/www.amag-group.ch\/blog\/?p=1190"},"modified":"2025-03-21T08:04:54","modified_gmt":"2025-03-21T07:04:54","slug":"mitarbeitende-im-fokus-sandra-schmid-minder","status":"publish","type":"post","link":"https:\/\/www.amag-group.ch\/blog\/mitarbeitende-im-fokus-sandra-schmid-minder\/","title":{"rendered":"Mitarbeitende im Fokus: Sandra Schmid-Minder"},"content":{"rendered":"<p><strong>Was sind deine zwei Ratschl\u00e4ge an dein 14-j\u00e4hriges Ich?<\/strong><\/p>\n<p>Besser in der Schule aufpassen. Damals hat es mich nicht allzu sehr interessiert und heute weiss ich, dass die Schule wichtig ist. Und als zweites immer sich selbst bleiben! Nicht auf andere h\u00f6ren und meinen, alles mitmachen zu m\u00fcssen.<\/p>\n<p><strong>Was macht man als Telefonistin?<\/strong><\/p>\n<p>Haupts\u00e4chlich beantworte ich eingehende Telefonate am Empfang in Buchs ZH und leite diese in die jeweiligen Abteilungen weiter. Durchschnittlich erhalte ich an einem Arbeitstag 80 Telefonate. Zudem empfange ich Kunden, Lieferanten, Handwerker und Kandidaten f\u00fcr Bewerbungsgespr\u00e4che. Am Empfang sind wir auch f\u00fcr die Ausgabe der Lunch-Checks und die Zeiterfassung der Mitarbeitenden sowie f\u00fcr die Schl\u00fcssel-Zugriffsberechtigungen zust\u00e4ndig.<\/p>\n<div id=\"attachment_1195\" style=\"width: 810px\" class=\"wp-caption alignnone\"><img decoding=\"async\" aria-describedby=\"caption-attachment-1195\" class=\"size-full wp-multi-image wp-image-1195\" src=\"https:\/\/www.amag-group.ch\/blog\/wp-content\/uploads\/2015\/07\/IMG_3269-800x400-2.jpg\" alt=\"Sandra Schmid, Telefonistin am Standort Buchs ZH.\" width=\"800\" height=\"472\" srcset=\"https:\/\/www.amag-group.ch\/blog\/wp-content\/uploads\/2015\/07\/IMG_3269-800x400-2.jpg 800w, https:\/\/www.amag-group.ch\/blog\/wp-content\/uploads\/2015\/07\/IMG_3269-800x400-2-620x366.jpg 620w, https:\/\/www.amag-group.ch\/blog\/wp-content\/uploads\/2015\/07\/IMG_3269-800x400-2-768x453.jpg 768w\" sizes=\"(max-width: 800px) 100vw, 800px\" \/><p id=\"caption-attachment-1195\" class=\"wp-caption-text\">Sandra Schmid-Minder, Telefonistin am Standort Buchs ZH.<\/p><\/div>\n<p><strong>Was gef\u00e4llt dir an deiner Arbeit am besten?<\/strong><\/p>\n<p>Am besten gef\u00e4llt mir der Kontakt mit anderen Menschen. Ich habe gerne Leute um mich herum und mag es, wenn etwas l\u00e4uft. Der Empfang ist somit der ideale Arbeitsort f\u00fcr mich.<\/p>\n<p><strong>Wie sieht deine bisherige Berufslaufbahn aus? <\/strong><\/p>\n<p>Ich habe eine Lehre im Detailhandel absolviert und anschliessend lange bei der Stadtverwaltung Z\u00fcrich gearbeitet. Vor vier Jahren habe ich nach meinem f\u00fcnfj\u00e4hrigen Mutterschaftsurlaub bei der AMAG am Empfang begonnen zu arbeiten.<\/p>\n<p><strong>Was w\u00fcrdest du deiner besten Freundin \u00fcber die AMAG erz\u00e4hlen? <\/strong><\/p>\n<p>Die AMAG ist eine sehr grossz\u00fcgige Arbeitgeberin. Dies sieht man beispielsweise bei dem gigantischen Weihnachtessen, den gratis Parkpl\u00e4tzen und den Lunch-Checks am Standort Buchs ZH. Ausserdem finde ich die regelm\u00e4ssigen Abteilungsevents toll.<\/p>\n<p><strong>Was tust du, wenn du nicht arbeitest? <\/strong><\/p>\n<p>Ich verbringe gerne viel Zeit mit meiner Familie und mit Freunden. Zudem bet\u00e4tige ich mich sehr gerne sportlich, insbesondere joggen, biken, wandern und Ski fahren geh\u00f6ren zu meinen bevorzugten Sportarten.<\/p>\n<p><strong>Was ich sonst noch sagen wollte <\/strong><\/p>\n<p>Es gef\u00e4llt mir sehr gut hier am Empfang bei der AMAG in Buchs ZH. \u00a0Ich hoffe, dass ich noch lange hier bleiben darf, da ich sehr zufrieden bin mit meinem Job.<\/p>\n<p><a href=\"http:\/\/www.amag.ch\/content\/amagch\/corp\/de\/newsletter\/anmeldeformular_Blog.html\">Aktuelles und Hintergr\u00fcnde aus der Welt des Autos.\u00a0<\/a><span style=\"text-decoration: underline;\"><strong><a href=\"http:\/\/www.amag.ch\/content\/amagch\/corp\/de\/newsletter\/anmeldeformular_Blog.html\">Jetzt abonnieren.<\/a><\/strong><\/span><\/p>\n","protected":false},"excerpt":{"rendered":"<p>Heute erz\u00e4hlt uns Sandra Schmid-Minder, Telefonistin am Standort Buchs ZH, im Interview von ihrem Beruf. Die zweifache Mutter unterst\u00fctzt einmal w\u00f6chentlich das Empfangsteam der AMAG und schafft so einen Ausgleich zu ihrem Alltag als Hausfrau. Wie viele Telefonate sie t\u00e4glich entgegen nimmt und was sonst noch zu ihren T\u00e4tigkeiten geh\u00f6rt, erz\u00e4hlt sie im folgenden Interview. <\/p>\n","protected":false},"author":27,"featured_media":1208,"comment_status":"closed","ping_status":"open","sticky":false,"template":"","format":"standard","meta":{"_acf_changed":false,"inline_featured_image":false,"footnotes":""},"categories":[1230],"tags":[],"class_list":["post-1190","post","type-post","status-publish","format-standard","has-post-thumbnail","hentry","category-jobs-karriere"],"acf":[],"_links":{"self":[{"href":"https:\/\/www.amag-group.ch\/blog\/wp-json\/wp\/v2\/posts\/1190","targetHints":{"allow":["GET"]}}],"collection":[{"href":"https:\/\/www.amag-group.ch\/blog\/wp-json\/wp\/v2\/posts"}],"about":[{"href":"https:\/\/www.amag-group.ch\/blog\/wp-json\/wp\/v2\/types\/post"}],"author":[{"embeddable":true,"href":"https:\/\/www.amag-group.ch\/blog\/wp-json\/wp\/v2\/users\/27"}],"replies":[{"embeddable":true,"href":"https:\/\/www.amag-group.ch\/blog\/wp-json\/wp\/v2\/comments?post=1190"}],"version-history":[{"count":1,"href":"https:\/\/www.amag-group.ch\/blog\/wp-json\/wp\/v2\/posts\/1190\/revisions"}],"predecessor-version":[{"id":31681,"href":"https:\/\/www.amag-group.ch\/blog\/wp-json\/wp\/v2\/posts\/1190\/revisions\/31681"}],"wp:featuredmedia":[{"embeddable":true,"href":"https:\/\/www.amag-group.ch\/blog\/wp-json\/wp\/v2\/media\/1208"}],"wp:attachment":[{"href":"https:\/\/www.amag-group.ch\/blog\/wp-json\/wp\/v2\/media?parent=1190"}],"wp:term":[{"taxonomy":"category","embeddable":true,"href":"https:\/\/www.amag-group.ch\/blog\/wp-json\/wp\/v2\/categories?post=1190"},{"taxonomy":"post_tag","embeddable":true,"href":"https:\/\/www.amag-group.ch\/blog\/wp-json\/wp\/v2\/tags?post=1190"}],"curies":[{"name":"wp","href":"https:\/\/api.w.org\/{rel}","templated":true}]}}