{"id":11826,"date":"2018-12-14T08:12:05","date_gmt":"2018-12-14T07:12:05","guid":{"rendered":"https:\/\/www.amag-group.ch\/blog\/?p=11826"},"modified":"2019-01-02T07:27:03","modified_gmt":"2019-01-02T06:27:03","slug":"mem-passerelle-4-0-eine-moegliche-antwort-auf-die-konsequenzen-der-digitalisierung-auf-den-arbeitsmarkt","status":"publish","type":"post","link":"https:\/\/www.amag-group.ch\/blog\/mem-passerelle-4-0-eine-moegliche-antwort-auf-die-konsequenzen-der-digitalisierung-auf-den-arbeitsmarkt\/","title":{"rendered":"MEM-Passerelle 4.0 \u2013 eine m\u00f6gliche Antwort auf die Konsequenzen der Digitalisierung auf den Arbeitsmarkt"},"content":{"rendered":"<p>Am Mittwoch, 5. Dezember 2018, lud die AMAG Entscheidungstr\u00e4ger aus Politik und Wirtschaft zur beliebten Morgenveranstaltung ins AMAG Audi Center Luzern ein. Dabei referierte Hans Hess, Pr\u00e4sident von Swissmem, zum Thema \u00abMEM-Passerelle 4.0 \u2013 eine m\u00f6gliche Antwort auf die Konsequenzen der Digitalisierung auf den Arbeitsmarkt\u00bb.<\/p>\n<p>F\u00fcr Hans Hess bringt die Digitalisierung viele Vorteile mit sich. Unter anderem k\u00f6nnen Kosten gesenkt, die Effizienz gesteigert, die Konkurrenzf\u00e4higkeit gest\u00e4rkt und die Geschwindigkeit erh\u00f6ht werden. Es muss den Firmen aber gleichzeitig gelingen, ihre Mitarbeitenden f\u00fcr diese digitale Reise zu motivieren und darauf optimal vorzubereiten. Dies kann mithilfe von Weiterbildungen und dem Aufzeigen von Perspektiven garantiert werden.<\/p>\n<div id=\"attachment_11831\" style=\"width: 630px\" class=\"wp-caption aligncenter\"><img decoding=\"async\" aria-describedby=\"caption-attachment-11831\" class=\"size-medium wp-image-11831\" src=\"https:\/\/www.amag-group.ch\/blog\/wp-content\/uploads\/2018\/12\/Hans-Hess-620x414.jpg\" alt=\"Hans Hess, Pr\u00e4sident von Swissmem, sieht die Digitalisierung als Chance f\u00fcr Arbeitgeber und Arbeitnehmer.\" width=\"620\" height=\"414\" srcset=\"https:\/\/www.amag-group.ch\/blog\/wp-content\/uploads\/2018\/12\/Hans-Hess-620x414.jpg 620w, https:\/\/www.amag-group.ch\/blog\/wp-content\/uploads\/2018\/12\/Hans-Hess-768x512.jpg 768w, https:\/\/www.amag-group.ch\/blog\/wp-content\/uploads\/2018\/12\/Hans-Hess-720x480.jpg 720w, https:\/\/www.amag-group.ch\/blog\/wp-content\/uploads\/2018\/12\/Hans-Hess.jpg 1920w\" sizes=\"(max-width: 620px) 100vw, 620px\" \/><p id=\"caption-attachment-11831\" class=\"wp-caption-text\">Hans Hess, Pr\u00e4sident von Swissmem, sieht die Digitalisierung als Chance f\u00fcr Arbeitgeber und Arbeitnehmer.<\/p><\/div>\n<p>Hans Hess betonte, dass Weiterbildungen wegen der Digitalisierung weiter an Gewicht gewinnen werden und diese der Schl\u00fcssel der Arbeitsmarktf\u00e4higkeit darstellen. Dabei ist es besonders wichtig, alle Mitarbeitenden, egal in welcher Altersstufe sich diese befinden, zu ber\u00fccksichtigen. Und hier kommt die MEM-Passerelle 4.0 ins Spiel.<\/p>\n<h3>Erwachsenengerechte Umschulungen mit Zukunftsperspektiven<\/h3>\n<p>Aufgrund der Digitalisierung, aber auch durch andere Trends, wie demografischer Wandel, ver\u00e4ndertem Qualifikationsbedarf, konjunkturellen Verschiebungen und ver\u00e4ndertem Interesse an Berufsbildern, befindet sich die Arbeitswelt im st\u00e4ndigen Wandel. Einige Berufe wird es in naher Zukunft nicht mehr geben, andere werden komplett automatisiert oder ausgelagert und wiederum andere entstehen erst durch die Digitalisierung. Darum ist es besonders wichtig, sich die Frage zu stellen, wie man Personen aus den alten Berufen in die neuen integrieren kann, meinte Hans Hess.<\/p>\n<h4>Umschulungsmodell MEM-Passerelle 4.0<\/h4>\n<p>https:\/\/youtu.be\/CTy3mufcPLg<\/p>\n<p>Die MEM-Passerelle 4.0 nimmt sich diesem Problem an und orientiert sich am dualen Bildungssystem. Sie ist praxisorientiert, erwachsenen- und bedarfsgerecht aufgebaut und bietet massgeschneiderte Umschulungen an. Im Pilotprojekt liegt der Fokus auf Berufe aus der Maschinenbauindustrie, doch um dem Fachkr\u00e4ftemangel auch in anderen Branchen entgegenzuwirken, soll das Angebot soll laufend erweitert werden.<\/p>\n<h3>Eine nachhaltige Umschulung bringt viele Vorteile<\/h3>\n<p>Auch die AMAG setzt sich mit dieser Thematik auseinander. Morten Hannesbo, CEO AMAG Group AG, erl\u00e4uterte am AMAG Impuls Fr\u00fchst\u00fcck, dass in 15 oder 20 Jahren der klassische Automobilmechatroniker nicht mehr dieselben Aufgaben haben wird und daher eine Umschulung fast unumg\u00e4nglich ist. Als Arbeitgeber ist es darum umso wichtiger, dass man seinen Mitarbeitenden Zukunftsperspektiven aufzeigt, meinte er weiter. Hans Hess f\u00fcgte zudem an, dass die Gew\u00e4hrleistung von qualifizierten Mitarbeitenden ein strategisch hochrelevantes Ziel der Gesch\u00e4ftsleitung sein muss.<\/p>\n<div id=\"attachment_11841\" style=\"width: 445px\" class=\"wp-caption aligncenter\"><img decoding=\"async\" aria-describedby=\"caption-attachment-11841\" class=\"size-medium wp-image-11841\" src=\"https:\/\/www.amag-group.ch\/blog\/wp-content\/uploads\/2018\/12\/Morten-Hannesbo-und-Hans-Hess_1-435x414.jpg\" alt=\"AMAG Group CEO Morten Hannesbo (links) diskutiert mit Swissmem Pr\u00e4sident Hans Hess (rechts) \u00fcber die voranschreitende Digitalisierung im Arbeitsmarkt.\" width=\"435\" height=\"414\" srcset=\"https:\/\/www.amag-group.ch\/blog\/wp-content\/uploads\/2018\/12\/Morten-Hannesbo-und-Hans-Hess_1-435x414.jpg 435w, https:\/\/www.amag-group.ch\/blog\/wp-content\/uploads\/2018\/12\/Morten-Hannesbo-und-Hans-Hess_1-768x730.jpg 768w, https:\/\/www.amag-group.ch\/blog\/wp-content\/uploads\/2018\/12\/Morten-Hannesbo-und-Hans-Hess_1.jpg 1920w\" sizes=\"(max-width: 435px) 100vw, 435px\" \/><p id=\"caption-attachment-11841\" class=\"wp-caption-text\">AMAG Group CEO Morten Hannesbo (links) diskutiert mit Swissmem Pr\u00e4sident Hans Hess (rechts) \u00fcber die voranschreitende Digitalisierung im Arbeitsmarkt.<\/p><\/div>\n<p>Sowohl Hans Hess als auch Morten Hannesbo sehen in der Digitalisierung viele Vorteile f\u00fcr die Zukunft. Man muss sich aber sowohl als Unternehmen, als auch als Arbeitnehmer bereits heute dar\u00fcber Gedanken machen, wie man mit dem digitalen Wandel umgehen will. Die Zukunft bleibt auf alle F\u00e4lle spannend.<\/p>\n","protected":false},"excerpt":{"rendered":"<p>Die Digitalisierung betrifft praktisch die gesamte Schweizer Wirtschaft. F\u00fcr Hans Hess, Pr\u00e4sident Swissmem, stellt der digitale Wandel eine Chance dar, der aber gleichzeitig alle Branchen und Firmen herausfordert. Mithilfe der MEM-Passerelle 4.0 soll diesem Wandel Rechnung getragen werden, um auch weiterhin wettbewerbsf\u00e4hig bleiben zu k\u00f6nnen. Wie diese Herausforderungen angegangen werden sollen, erl\u00e4uterte Hans Hess am AMAG Impuls Fr\u00fchst\u00fcck im AMAG Audi Center Luzern. <\/p>\n","protected":false},"author":40,"featured_media":11828,"comment_status":"open","ping_status":"open","sticky":false,"template":"","format":"standard","meta":{"_acf_changed":false,"inline_featured_image":false,"footnotes":""},"categories":[1232],"tags":[],"class_list":["post-11826","post","type-post","status-publish","format-standard","has-post-thumbnail","hentry","category-nachhaltigkeit"],"acf":[],"_links":{"self":[{"href":"https:\/\/www.amag-group.ch\/blog\/wp-json\/wp\/v2\/posts\/11826","targetHints":{"allow":["GET"]}}],"collection":[{"href":"https:\/\/www.amag-group.ch\/blog\/wp-json\/wp\/v2\/posts"}],"about":[{"href":"https:\/\/www.amag-group.ch\/blog\/wp-json\/wp\/v2\/types\/post"}],"author":[{"embeddable":true,"href":"https:\/\/www.amag-group.ch\/blog\/wp-json\/wp\/v2\/users\/40"}],"replies":[{"embeddable":true,"href":"https:\/\/www.amag-group.ch\/blog\/wp-json\/wp\/v2\/comments?post=11826"}],"version-history":[{"count":0,"href":"https:\/\/www.amag-group.ch\/blog\/wp-json\/wp\/v2\/posts\/11826\/revisions"}],"wp:featuredmedia":[{"embeddable":true,"href":"https:\/\/www.amag-group.ch\/blog\/wp-json\/wp\/v2\/media\/11828"}],"wp:attachment":[{"href":"https:\/\/www.amag-group.ch\/blog\/wp-json\/wp\/v2\/media?parent=11826"}],"wp:term":[{"taxonomy":"category","embeddable":true,"href":"https:\/\/www.amag-group.ch\/blog\/wp-json\/wp\/v2\/categories?post=11826"},{"taxonomy":"post_tag","embeddable":true,"href":"https:\/\/www.amag-group.ch\/blog\/wp-json\/wp\/v2\/tags?post=11826"}],"curies":[{"name":"wp","href":"https:\/\/api.w.org\/{rel}","templated":true}]}}