{"id":11582,"date":"2018-11-28T16:55:09","date_gmt":"2018-11-28T15:55:09","guid":{"rendered":"https:\/\/www.amag-group.ch\/blog\/?p=11582"},"modified":"2018-12-13T15:22:21","modified_gmt":"2018-12-13T14:22:21","slug":"70-jahre-70-ikonen-das-schweizer-porsche-buch-zum-jubilaeum","status":"publish","type":"post","link":"https:\/\/www.amag-group.ch\/blog\/70-jahre-70-ikonen-das-schweizer-porsche-buch-zum-jubilaeum\/","title":{"rendered":"70 Jahre \u2013 70 Ikonen: Das Schweizer Porsche-Buch zum Jubil\u00e4um"},"content":{"rendered":"<p>Im August 2018 fand bei der AMAG Schinznach-Bad das weltweit wohl einzige Porsche-Treffen statt, bei dem aus jedem Jahr seit 1948 ein Sportwagen gezeigt werden konnte. M\u00f6glich wurde dies dank den freundschaftlichen Kontakten der AMAG zu ihren Porsche-Kunden und zum Porsche Club Schweiz. F\u00fcr alle, die den Anlass verpasst haben oder ihn in Buchform nochmals erleben m\u00f6chten, gibt es von der AMAG auch ein umfangreiches Sammlerbuch.<\/p>\n<p><img decoding=\"async\" class=\"aligncenter wp-image-11590 size-full\" src=\"https:\/\/www.amag-group.ch\/blog\/wp-content\/uploads\/2018\/11\/AMAG_Ausstellungsbuch_70_Jahre_Porsche_5.jpg\" alt=\"\" width=\"1920\" height=\"1285\" srcset=\"https:\/\/www.amag-group.ch\/blog\/wp-content\/uploads\/2018\/11\/AMAG_Ausstellungsbuch_70_Jahre_Porsche_5.jpg 1920w, https:\/\/www.amag-group.ch\/blog\/wp-content\/uploads\/2018\/11\/AMAG_Ausstellungsbuch_70_Jahre_Porsche_5-620x414.jpg 620w, https:\/\/www.amag-group.ch\/blog\/wp-content\/uploads\/2018\/11\/AMAG_Ausstellungsbuch_70_Jahre_Porsche_5-768x514.jpg 768w\" sizes=\"(max-width: 1920px) 100vw, 1920px\" \/><\/p>\n<p>Porsche fasziniert seit 70 Jahren. Das haben die zahlreichen Besucherinnen und Besucher des 5. Porsche Classic Day in Schinznach-Bad erleben k\u00f6nnen. Einzigartig war, dass 70 Sportwagen aus 70 Jahren gezeigt wurden. Die Organisatoren haben diesen einmaligen Anlass genutzt, um ein Buch entstehen zu lassen, das den Zauber dieses Anlasses und der Marke Porsche in Wort und Bild fasst und eigentlich auf den Clubtisch jedes Porschefans geh\u00f6rt.<\/p>\n<h3>Einblick in die Schweizer Porschegeschichte<\/h3>\n<p>Mitte Dezember erscheint dieses Sammlerbuch \u00ab70 Jahre \u2013 70 Ikonen: Porsche bei der AMAG Schinznach-Bad\u00bb. Auf \u00fcber 280 Seiten gibt das Buch einen Einblick in die Porschegeschichte in der Schweiz und die Modellgeschichte der Marke. Jedes der 70 Modelle wird mit hochwertigen Fotos und technischem Steckbrief einzeln pr\u00e4sentiert. Dar\u00fcber hinaus erz\u00e4hlen Porsche-Fahrerinnen und -Fahrer von ihrer ganz pers\u00f6nlichen Faszination f\u00fcr die Stuttgarter Marke. Und mit Werbesujets aus dem Porsche-Archiv wird ersichtlich, wie souver\u00e4n die Marke Porsche auch kommunikativ st\u00e4ndig aktualisiert und zur Ikone wurde.<\/p>\n<p>F\u00fcr die Macher war die Recherche rund um die einzelnen Modelle ein Eintauchen in die Faszination Porsche. Jedes der siebzig Autos hat eine genau spezielle Geschichte. Entweder noch immer Privatbesitz mit wenigen Kilometern, eine spannende Abenteuergeschichte, die bis an den \u00e4gyptischen K\u00f6nigshof f\u00fchrt, oder die spezielle Farbwahl von Herbert von Karajan. Die Geschichten sind so vielf\u00e4ltig wie die Sportwagen selber. Gekonnt in Szene gesetzt haben Bruno von Rotz und Markus Leser die Ikonen aus Gm\u00fcnd und Stuttgart.\u00a0<\/p>\n<p>&#8211;&gt; <a href=\"https:\/\/www.amag-group.ch\/blog\/wp-content\/uploads\/2018\/11\/AMAG_Porschebuch_70_Jahre_70_Ikonen-Leseprobe.pdf\">Leseprobe AMAG Porschebuch<\/a><\/p>\n<p>Erh\u00e4ltlich ist das Buch (nur in deutscher Ausf\u00fchrung), das in keiner Porschebuchsammlung fehlen darf, f\u00fcr 49 Franken (+ Porto) in der Schweiz \u00fcber <a href=\"https:\/\/www.shop.amag.ch\/shop(bD1kZSZjPTEwMCZkPW1pbg==)\/zzshop.htm\" target=\"_blank\" rel=\"noopener\">shop.amag.ch<\/a> oder das Porsche Service Zentrum Schinznach-Bad, international \u00fcber amazon.de.<\/p>\n\n\t\t<style type=\"text\/css\">\n\t\t\t#gallery-1 {\n\t\t\t\tmargin: auto;\n\t\t\t}\n\t\t\t#gallery-1 .gallery-item {\n\t\t\t\tfloat: left;\n\t\t\t\tmargin-top: 10px;\n\t\t\t\ttext-align: center;\n\t\t\t\twidth: 50%;\n\t\t\t}\n\t\t\t#gallery-1 img {\n\t\t\t\tborder: 2px solid #cfcfcf;\n\t\t\t}\n\t\t\t#gallery-1 .gallery-caption {\n\t\t\t\tmargin-left: 0;\n\t\t\t}\n\t\t\t\/* see gallery_shortcode() in wp-includes\/media.php *\/\n\t\t<\/style>\n\t\t<div id='gallery-1' class='gallery galleryid-11582 gallery-columns-2 gallery-size-medium'><dl class='gallery-item'>\n\t\t\t<dt class='gallery-icon landscape'>\n\t\t\t\t<a href='https:\/\/www.amag-group.ch\/blog\/wp-content\/uploads\/2018\/11\/AMAG_Ausstellungsbuch_70_Jahre_Porsche_8.jpg'><img decoding=\"async\" width=\"620\" height=\"414\" src=\"https:\/\/www.amag-group.ch\/blog\/wp-content\/uploads\/2018\/11\/AMAG_Ausstellungsbuch_70_Jahre_Porsche_8-620x414.jpg\" class=\"attachment-medium size-medium\" alt=\"\" srcset=\"https:\/\/www.amag-group.ch\/blog\/wp-content\/uploads\/2018\/11\/AMAG_Ausstellungsbuch_70_Jahre_Porsche_8-620x414.jpg 620w, https:\/\/www.amag-group.ch\/blog\/wp-content\/uploads\/2018\/11\/AMAG_Ausstellungsbuch_70_Jahre_Porsche_8-768x514.jpg 768w, https:\/\/www.amag-group.ch\/blog\/wp-content\/uploads\/2018\/11\/AMAG_Ausstellungsbuch_70_Jahre_Porsche_8-720x480.jpg 720w, https:\/\/www.amag-group.ch\/blog\/wp-content\/uploads\/2018\/11\/AMAG_Ausstellungsbuch_70_Jahre_Porsche_8.jpg 1920w\" sizes=\"(max-width: 620px) 100vw, 620px\" \/><\/a>\n\t\t\t<\/dt><\/dl><dl class='gallery-item'>\n\t\t\t<dt class='gallery-icon landscape'>\n\t\t\t\t<a href='https:\/\/www.amag-group.ch\/blog\/wp-content\/uploads\/2018\/11\/AMAG_Ausstellungsbuch_70_Jahre_Porsche_4.jpg'><img decoding=\"async\" width=\"620\" height=\"414\" src=\"https:\/\/www.amag-group.ch\/blog\/wp-content\/uploads\/2018\/11\/AMAG_Ausstellungsbuch_70_Jahre_Porsche_4-620x414.jpg\" class=\"attachment-medium size-medium\" alt=\"\" srcset=\"https:\/\/www.amag-group.ch\/blog\/wp-content\/uploads\/2018\/11\/AMAG_Ausstellungsbuch_70_Jahre_Porsche_4-620x414.jpg 620w, https:\/\/www.amag-group.ch\/blog\/wp-content\/uploads\/2018\/11\/AMAG_Ausstellungsbuch_70_Jahre_Porsche_4-768x514.jpg 768w, https:\/\/www.amag-group.ch\/blog\/wp-content\/uploads\/2018\/11\/AMAG_Ausstellungsbuch_70_Jahre_Porsche_4-720x480.jpg 720w, https:\/\/www.amag-group.ch\/blog\/wp-content\/uploads\/2018\/11\/AMAG_Ausstellungsbuch_70_Jahre_Porsche_4.jpg 1920w\" sizes=\"(max-width: 620px) 100vw, 620px\" \/><\/a>\n\t\t\t<\/dt><\/dl><br style=\"clear: both\" \/><dl class='gallery-item'>\n\t\t\t<dt class='gallery-icon landscape'>\n\t\t\t\t<a href='https:\/\/www.amag-group.ch\/blog\/wp-content\/uploads\/2018\/11\/AMAG_Ausstellungsbuch_70_Jahre_Porsche_7.jpg'><img decoding=\"async\" width=\"620\" height=\"414\" src=\"https:\/\/www.amag-group.ch\/blog\/wp-content\/uploads\/2018\/11\/AMAG_Ausstellungsbuch_70_Jahre_Porsche_7-620x414.jpg\" class=\"attachment-medium size-medium\" alt=\"\" srcset=\"https:\/\/www.amag-group.ch\/blog\/wp-content\/uploads\/2018\/11\/AMAG_Ausstellungsbuch_70_Jahre_Porsche_7-620x414.jpg 620w, https:\/\/www.amag-group.ch\/blog\/wp-content\/uploads\/2018\/11\/AMAG_Ausstellungsbuch_70_Jahre_Porsche_7-768x514.jpg 768w, https:\/\/www.amag-group.ch\/blog\/wp-content\/uploads\/2018\/11\/AMAG_Ausstellungsbuch_70_Jahre_Porsche_7-720x480.jpg 720w, https:\/\/www.amag-group.ch\/blog\/wp-content\/uploads\/2018\/11\/AMAG_Ausstellungsbuch_70_Jahre_Porsche_7.jpg 1920w\" sizes=\"(max-width: 620px) 100vw, 620px\" \/><\/a>\n\t\t\t<\/dt><\/dl><dl class='gallery-item'>\n\t\t\t<dt class='gallery-icon landscape'>\n\t\t\t\t<a href='https:\/\/www.amag-group.ch\/blog\/wp-content\/uploads\/2018\/11\/AMAG_Ausstellungsbuch_70_Jahre_Porsche_6.jpg'><img decoding=\"async\" width=\"620\" height=\"414\" src=\"https:\/\/www.amag-group.ch\/blog\/wp-content\/uploads\/2018\/11\/AMAG_Ausstellungsbuch_70_Jahre_Porsche_6-620x414.jpg\" class=\"attachment-medium size-medium\" alt=\"\" srcset=\"https:\/\/www.amag-group.ch\/blog\/wp-content\/uploads\/2018\/11\/AMAG_Ausstellungsbuch_70_Jahre_Porsche_6-620x414.jpg 620w, https:\/\/www.amag-group.ch\/blog\/wp-content\/uploads\/2018\/11\/AMAG_Ausstellungsbuch_70_Jahre_Porsche_6-768x514.jpg 768w, https:\/\/www.amag-group.ch\/blog\/wp-content\/uploads\/2018\/11\/AMAG_Ausstellungsbuch_70_Jahre_Porsche_6-720x480.jpg 720w, https:\/\/www.amag-group.ch\/blog\/wp-content\/uploads\/2018\/11\/AMAG_Ausstellungsbuch_70_Jahre_Porsche_6.jpg 1920w\" sizes=\"(max-width: 620px) 100vw, 620px\" \/><\/a>\n\t\t\t<\/dt><\/dl><br style=\"clear: both\" \/>\n\t\t<\/div>\n\n","protected":false},"excerpt":{"rendered":"<p>Porsche fasziniert seit 70 Jahren. Das haben die zahlreichen Besucherinnen und Besucher des 5. Porsche Classic Day in Schinznach-Bad erleben k\u00f6nnen. Die Organisatoren haben diesen einmaligen Anlass genutzt, um ein Buch entstehen zu lassen.<\/p>\n","protected":false},"author":29,"featured_media":11584,"comment_status":"open","ping_status":"open","sticky":false,"template":"","format":"standard","meta":{"_acf_changed":false,"inline_featured_image":false,"footnotes":""},"categories":[1231],"tags":[],"class_list":["post-11582","post","type-post","status-publish","format-standard","has-post-thumbnail","hentry","category-classic-car"],"acf":[],"_links":{"self":[{"href":"https:\/\/www.amag-group.ch\/blog\/wp-json\/wp\/v2\/posts\/11582","targetHints":{"allow":["GET"]}}],"collection":[{"href":"https:\/\/www.amag-group.ch\/blog\/wp-json\/wp\/v2\/posts"}],"about":[{"href":"https:\/\/www.amag-group.ch\/blog\/wp-json\/wp\/v2\/types\/post"}],"author":[{"embeddable":true,"href":"https:\/\/www.amag-group.ch\/blog\/wp-json\/wp\/v2\/users\/29"}],"replies":[{"embeddable":true,"href":"https:\/\/www.amag-group.ch\/blog\/wp-json\/wp\/v2\/comments?post=11582"}],"version-history":[{"count":0,"href":"https:\/\/www.amag-group.ch\/blog\/wp-json\/wp\/v2\/posts\/11582\/revisions"}],"wp:featuredmedia":[{"embeddable":true,"href":"https:\/\/www.amag-group.ch\/blog\/wp-json\/wp\/v2\/media\/11584"}],"wp:attachment":[{"href":"https:\/\/www.amag-group.ch\/blog\/wp-json\/wp\/v2\/media?parent=11582"}],"wp:term":[{"taxonomy":"category","embeddable":true,"href":"https:\/\/www.amag-group.ch\/blog\/wp-json\/wp\/v2\/categories?post=11582"},{"taxonomy":"post_tag","embeddable":true,"href":"https:\/\/www.amag-group.ch\/blog\/wp-json\/wp\/v2\/tags?post=11582"}],"curies":[{"name":"wp","href":"https:\/\/api.w.org\/{rel}","templated":true}]}}